{"id":38663,"date":"2022-06-22T13:15:00","date_gmt":"2022-06-22T16:15:00","guid":{"rendered":"https:\/\/blogopara.com.br\/?p=38663"},"modified":"2022-06-21T22:52:56","modified_gmt":"2022-06-22T01:52:56","slug":"vereadores-de-juazeiro-chefe-de-gabinete-de-juazeiro-e-uneb-realizaram-audiencia-publica-nesta-terca-21","status":"publish","type":"post","link":"https:\/\/blogopara.com.br\/index.php\/2022\/06\/22\/vereadores-de-juazeiro-chefe-de-gabinete-de-juazeiro-e-uneb-realizaram-audiencia-publica-nesta-terca-21","title":{"rendered":"Vereadores de Juazeiro, Chefe de Gabinete de Juazeiro e UNEB realizaram Audi\u00eancia P\u00fablica nesta ter\u00e7a (21)"},"content":{"rendered":"<p style=\"text-align: justify;\">Ap\u00f3s a sess\u00e3o ordin\u00e1ria na C\u00e2mara Municipal de Juazeiro, desta ter\u00e7a-feira (21), entidades de classe, representantes da Universidade Estadual da Bahia (UNEB) &#8211; Campus III, vereadores e o Chefe de Gabinete da Prefeitura, Allan Jones, debateram sobre a import\u00e2ncia de implementar pr\u00e1ticas l\u00fadico-educativos nos ambientes hospitalares do munic\u00edpio voltadas ao atendimento dos pacientes, proporcionando-lhes um cen\u00e1rio mais humanizado para o restabelecimento da sa\u00fade.<br \/>\nO presidente da mesa diretora, Berg da Carna\u00edba, retomou uma discuss\u00e3o iniciada pelo ent\u00e3o vereador, o m\u00e9dico Alan Jones, na legislatura passada, que conduziu o debate junto aos educadores e estudantes da Universidade. \u201cSob a prote\u00e7\u00e3o de Deus, declaro abertos os trabalhos da sess\u00e3o de Audi\u00eancia P\u00fablica, destinada a discuss\u00e3o e implementa\u00e7\u00e3o de pr\u00e1ticas l\u00fadico-educativas nos ambientes hospitalares de Juazeiro. Uma importante a\u00e7\u00e3o que proporcionar\u00e1 humaniza\u00e7\u00e3o dos pacientes atendidos nas unidades\u201d, frisou Berg ao iniciar a sess\u00e3o.<br \/>\nDurante a Audi\u00eancia P\u00fablica, a sociedade civil e autoridades foram convidados a compartilharem conhecimentos sobre a import\u00e2ncia desta a\u00e7\u00e3o para a promo\u00e7\u00e3o da sa\u00fade e humaniza\u00e7\u00e3o dos atendimentos m\u00e9dicos hospitalares da cidade. O Chefe de Gabinete, Allan Jones, ressaltou sua felicidade de retomar a discuss\u00e3o desta importante a\u00e7\u00e3o com a perspectiva real de torn\u00e1-la realidade em Juazeiro. \u201cNo passado esse debate n\u00e3o foi levado adiante, mas agora temos a possibilidade real de ver um sonho se tornar realidade, sendo transformada em Lei e executada em nossa cidade\u201d, vibrou Allan Jones.<br \/>\nOs professores da UNEB explanaram sobre o Projeto e sa\u00edram esperan\u00e7osos com a retomada da discuss\u00e3o. \u201cAgradecemos ao Doutor Allan Jones, ao presidente da Casa, Berg da Carna\u00edba e a todos que contribu\u00edram com esse debate e esperamos que ainda este ano a humaniza\u00e7\u00e3o das unidades hospitalares de Juazeiro se torne Lei e seja devidamente aplicada no munic\u00edpio\u201d, declarou a professora Edonilse da Rocha Barros, diretora do Campus II UNEB.<br \/>\nA Proposta ser\u00e1 encaminhada ao Executivo Municipal para estudo de viabilidade e elabora\u00e7\u00e3o de Projeto de Lei.<\/p>\n<p>M\u00f4nia Ramos\/ Ascom CVJ<\/p>\n","protected":false},"excerpt":{"rendered":"<p>Ap\u00f3s a sess\u00e3o ordin\u00e1ria na C\u00e2mara Municipal de Juazeiro, desta ter\u00e7a-feira (21), entidades de classe, representantes da Universidade Estadual da Bahia (UNEB) &#8211; Campus III, vereadores e o Chefe de Gabinete da Prefeitura, Allan Jones, debateram sobre a import\u00e2ncia de implementar pr\u00e1ticas l\u00fadico-educativos nos ambientes hospitalares do munic\u00edpio voltadas ao atendimento dos pacientes, proporcionando-lhes um [&hellip;]<\/p>\n","protected":false},"author":1,"featured_media":38664,"comment_status":"closed","ping_status":"open","sticky":false,"template":"","format":"standard","meta":{"_uag_custom_page_level_css":"","_monsterinsights_skip_tracking":false,"_monsterinsights_sitenote_active":false,"_monsterinsights_sitenote_note":"","_monsterinsights_sitenote_category":0,"jetpack_post_was_ever_published":false,"_jetpack_newsletter_access":"","_jetpack_dont_email_post_to_subs":false,"_jetpack_newsletter_tier_id":0,"_jetpack_memberships_contains_paywalled_content":false,"_jetpack_memberships_contains_paid_content":false,"footnotes":"","jetpack_publicize_message":"","jetpack_publicize_feature_enabled":true,"jetpack_social_post_already_shared":true,"jetpack_social_options":{"image_generator_settings":{"template":"highway","default_image_id":0,"font":"","enabled":false},"version":2}},"categories":[203],"tags":[2126,283],"class_list":["post-38663","post","type-post","status-publish","format-standard","has-post-thumbnail","hentry","category-juazeiro","tag-camara-de-vereadores-de-juazeiro-2","tag-uneb"],"jetpack_publicize_connections":[],"jetpack_featured_media_url":"https:\/\/blogopara.com.br\/wp-content\/uploads\/2022\/06\/CAMARA-1.jpg","uagb_featured_image_src":{"full":["https:\/\/blogopara.com.br\/wp-content\/uploads\/2022\/06\/CAMARA-1.jpg",500,500,false],"thumbnail":["https:\/\/blogopara.com.br\/wp-content\/uploads\/2022\/06\/CAMARA-1-150x150.jpg",150,150,true],"medium":["https:\/\/blogopara.com.br\/wp-content\/uploads\/2022\/06\/CAMARA-1-300x300.jpg",300,300,true],"medium_large":["https:\/\/blogopara.com.br\/wp-content\/uploads\/2022\/06\/CAMARA-1.jpg",500,500,false],"large":["https:\/\/blogopara.com.br\/wp-content\/uploads\/2022\/06\/CAMARA-1.jpg",500,500,false],"1536x1536":["https:\/\/blogopara.com.br\/wp-content\/uploads\/2022\/06\/CAMARA-1.jpg",500,500,false],"2048x2048":["https:\/\/blogopara.com.br\/wp-content\/uploads\/2022\/06\/CAMARA-1.jpg",500,500,false],"mantranews-slider-large":["https:\/\/blogopara.com.br\/wp-content\/uploads\/2022\/06\/CAMARA-1.jpg",500,500,false],"mantranews-featured-medium":["https:\/\/blogopara.com.br\/wp-content\/uploads\/2022\/06\/CAMARA-1-420x307.jpg",420,307,true],"mantranews-featured-long":["https:\/\/blogopara.com.br\/wp-content\/uploads\/2022\/06\/CAMARA-1-300x443.jpg",300,443,true],"mantranews-block-medium":["https:\/\/blogopara.com.br\/wp-content\/uploads\/2022\/06\/CAMARA-1-464x290.jpg",464,290,true],"mantranews-carousel-image":["https:\/\/blogopara.com.br\/wp-content\/uploads\/2022\/06\/CAMARA-1.jpg",500,500,false],"mantranews-block-thumb":["https:\/\/blogopara.com.br\/wp-content\/uploads\/2022\/06\/CAMARA-1-322x230.jpg",322,230,true],"mantranews-single-large":["https:\/\/blogopara.com.br\/wp-content\/uploads\/2022\/06\/CAMARA-1.jpg",500,500,false]},"uagb_author_info":{"display_name":"Reda\u00e7\u00e3o geral","author_link":"https:\/\/blogopara.com.br\/index.php\/author\/blogopara"},"uagb_comment_info":0,"uagb_excerpt":"Ap\u00f3s a sess\u00e3o ordin\u00e1ria na C\u00e2mara Municipal de Juazeiro, desta ter\u00e7a-feira (21), entidades de classe, representantes da Universidade Estadual da Bahia (UNEB) &#8211; Campus III, vereadores e o Chefe de Gabinete da Prefeitura, Allan Jones, debateram sobre a import\u00e2ncia de implementar pr\u00e1ticas l\u00fadico-educativos nos ambientes hospitalares do munic\u00edpio voltadas ao atendimento dos pacientes, proporcionando-lhes um&hellip;","jetpack_sharing_enabled":true,"jetpack_likes_enabled":true,"_links":{"self":[{"href":"https:\/\/blogopara.com.br\/index.php\/wp-json\/wp\/v2\/posts\/38663","targetHints":{"allow":["GET"]}}],"collection":[{"href":"https:\/\/blogopara.com.br\/index.php\/wp-json\/wp\/v2\/posts"}],"about":[{"href":"https:\/\/blogopara.com.br\/index.php\/wp-json\/wp\/v2\/types\/post"}],"author":[{"embeddable":true,"href":"https:\/\/blogopara.com.br\/index.php\/wp-json\/wp\/v2\/users\/1"}],"replies":[{"embeddable":true,"href":"https:\/\/blogopara.com.br\/index.php\/wp-json\/wp\/v2\/comments?post=38663"}],"version-history":[{"count":1,"href":"https:\/\/blogopara.com.br\/index.php\/wp-json\/wp\/v2\/posts\/38663\/revisions"}],"predecessor-version":[{"id":38665,"href":"https:\/\/blogopara.com.br\/index.php\/wp-json\/wp\/v2\/posts\/38663\/revisions\/38665"}],"wp:featuredmedia":[{"embeddable":true,"href":"https:\/\/blogopara.com.br\/index.php\/wp-json\/wp\/v2\/media\/38664"}],"wp:attachment":[{"href":"https:\/\/blogopara.com.br\/index.php\/wp-json\/wp\/v2\/media?parent=38663"}],"wp:term":[{"taxonomy":"category","embeddable":true,"href":"https:\/\/blogopara.com.br\/index.php\/wp-json\/wp\/v2\/categories?post=38663"},{"taxonomy":"post_tag","embeddable":true,"href":"https:\/\/blogopara.com.br\/index.php\/wp-json\/wp\/v2\/tags?post=38663"}],"curies":[{"name":"wp","href":"https:\/\/api.w.org\/{rel}","templated":true}]}}