{"id":38667,"date":"2022-06-22T14:30:00","date_gmt":"2022-06-22T17:30:00","guid":{"rendered":"https:\/\/blogopara.com.br\/?p=38667"},"modified":"2022-06-22T09:18:23","modified_gmt":"2022-06-22T12:18:23","slug":"apos-2-anos-de-espera-saida-de-salvador-para-o-interior-tem-movimento-intenso","status":"publish","type":"post","link":"https:\/\/blogopara.com.br\/index.php\/2022\/06\/22\/apos-2-anos-de-espera-saida-de-salvador-para-o-interior-tem-movimento-intenso","title":{"rendered":"Ap\u00f3s 2 anos de espera, sa\u00edda de Salvador para o interior tem movimento intenso"},"content":{"rendered":"<p class=\"bodytext\">Ap\u00f3s dois anos de espera, a sa\u00edda de Salvador para curtir os festejos juninos no interior do estado tem um movimento intenso. Na rodovi\u00e1ria, centenas de pessoas aguardam para embarcar nos \u00f4nibus.<\/p>\n<p class=\"bodytext\">A expectativa da rodovi\u00e1ria \u00e9 atender mais de 170 mil pessoas at\u00e9 a pr\u00f3xima sexta-feira (24). Ao todo, ser\u00e3o cerca de mil hor\u00e1rios extras, al\u00e9m dos 540 hor\u00e1rios regulares operados diariamente.<\/p>\n<p class=\"bodytext\"><strong>Estrada<\/strong><br \/>\nJ\u00e1 na BR-324, o tr\u00e1fego est\u00e1 intenso no sentido Feira de Santana. Segundo a Via Bahia, h\u00e1 lentid\u00e3o entre aos trechos da Brasilg\u00e1s (Salvador) e Candeias.<\/p>\n<p class=\"bodytext\">A expectativa \u00e9 de que a rodovia receba quase 290 mil ve\u00edculos durante o feriad\u00e3o de S\u00e3o Jo\u00e3o. Nesta quarta-feira (22), o tr\u00e2nsito deve ficar mais intenso entre 12h e 15h.<\/p>\n<p class=\"bodytext\">J\u00e1 nessa quinta-feira (23), o tr\u00e1fego ser\u00e1 mais intenso por mais tempo, com pico das 6h \u00e0s 7h e depois das 9h \u00e0s 17h.<\/p>\n<p class=\"bodytext\">A partir do domingo a movimenta\u00e7\u00e3o se concentra no sentido Feira\/Salvador. No dia 26, a rodovia deve ficar movimentada quase todo dia, come\u00e7ando das 7h e seguindo at\u00e9 \u00e0s 22h.<\/p>\n<p>Fonte: Correio*<\/p>\n","protected":false},"excerpt":{"rendered":"<p>Ap\u00f3s dois anos de espera, a sa\u00edda de Salvador para curtir os festejos juninos no interior do estado tem um movimento intenso. Na rodovi\u00e1ria, centenas de pessoas aguardam para embarcar nos \u00f4nibus. A expectativa da rodovi\u00e1ria \u00e9 atender mais de 170 mil pessoas at\u00e9 a pr\u00f3xima sexta-feira (24). Ao todo, ser\u00e3o cerca de mil hor\u00e1rios [&hellip;]<\/p>\n","protected":false},"author":1,"featured_media":38668,"comment_status":"closed","ping_status":"open","sticky":false,"template":"","format":"standard","meta":{"_uag_custom_page_level_css":"","_monsterinsights_skip_tracking":false,"_monsterinsights_sitenote_active":false,"_monsterinsights_sitenote_note":"","_monsterinsights_sitenote_category":0,"jetpack_post_was_ever_published":false,"_jetpack_newsletter_access":"","_jetpack_dont_email_post_to_subs":false,"_jetpack_newsletter_tier_id":0,"_jetpack_memberships_contains_paywalled_content":false,"_jetpack_memberships_contains_paid_content":false,"footnotes":"","jetpack_publicize_message":"","jetpack_publicize_feature_enabled":true,"jetpack_social_post_already_shared":true,"jetpack_social_options":{"image_generator_settings":{"template":"highway","default_image_id":0,"font":"","enabled":false},"version":2}},"categories":[199,10070],"tags":[],"class_list":["post-38667","post","type-post","status-publish","format-standard","has-post-thumbnail","hentry","category-bahia","category-transito"],"jetpack_publicize_connections":[],"jetpack_featured_media_url":"https:\/\/blogopara.com.br\/wp-content\/uploads\/2022\/06\/rodoviaria.jpg","uagb_featured_image_src":{"full":["https:\/\/blogopara.com.br\/wp-content\/uploads\/2022\/06\/rodoviaria.jpg",500,500,false],"thumbnail":["https:\/\/blogopara.com.br\/wp-content\/uploads\/2022\/06\/rodoviaria-150x150.jpg",150,150,true],"medium":["https:\/\/blogopara.com.br\/wp-content\/uploads\/2022\/06\/rodoviaria-300x300.jpg",300,300,true],"medium_large":["https:\/\/blogopara.com.br\/wp-content\/uploads\/2022\/06\/rodoviaria.jpg",500,500,false],"large":["https:\/\/blogopara.com.br\/wp-content\/uploads\/2022\/06\/rodoviaria.jpg",500,500,false],"1536x1536":["https:\/\/blogopara.com.br\/wp-content\/uploads\/2022\/06\/rodoviaria.jpg",500,500,false],"2048x2048":["https:\/\/blogopara.com.br\/wp-content\/uploads\/2022\/06\/rodoviaria.jpg",500,500,false],"mantranews-slider-large":["https:\/\/blogopara.com.br\/wp-content\/uploads\/2022\/06\/rodoviaria.jpg",500,500,false],"mantranews-featured-medium":["https:\/\/blogopara.com.br\/wp-content\/uploads\/2022\/06\/rodoviaria-420x307.jpg",420,307,true],"mantranews-featured-long":["https:\/\/blogopara.com.br\/wp-content\/uploads\/2022\/06\/rodoviaria-300x443.jpg",300,443,true],"mantranews-block-medium":["https:\/\/blogopara.com.br\/wp-content\/uploads\/2022\/06\/rodoviaria-464x290.jpg",464,290,true],"mantranews-carousel-image":["https:\/\/blogopara.com.br\/wp-content\/uploads\/2022\/06\/rodoviaria.jpg",500,500,false],"mantranews-block-thumb":["https:\/\/blogopara.com.br\/wp-content\/uploads\/2022\/06\/rodoviaria-322x230.jpg",322,230,true],"mantranews-single-large":["https:\/\/blogopara.com.br\/wp-content\/uploads\/2022\/06\/rodoviaria.jpg",500,500,false]},"uagb_author_info":{"display_name":"Reda\u00e7\u00e3o geral","author_link":"https:\/\/blogopara.com.br\/index.php\/author\/blogopara"},"uagb_comment_info":0,"uagb_excerpt":"Ap\u00f3s dois anos de espera, a sa\u00edda de Salvador para curtir os festejos juninos no interior do estado tem um movimento intenso. Na rodovi\u00e1ria, centenas de pessoas aguardam para embarcar nos \u00f4nibus. A expectativa da rodovi\u00e1ria \u00e9 atender mais de 170 mil pessoas at\u00e9 a pr\u00f3xima sexta-feira (24). Ao todo, ser\u00e3o cerca de mil hor\u00e1rios&hellip;","jetpack_sharing_enabled":true,"jetpack_likes_enabled":true,"_links":{"self":[{"href":"https:\/\/blogopara.com.br\/index.php\/wp-json\/wp\/v2\/posts\/38667","targetHints":{"allow":["GET"]}}],"collection":[{"href":"https:\/\/blogopara.com.br\/index.php\/wp-json\/wp\/v2\/posts"}],"about":[{"href":"https:\/\/blogopara.com.br\/index.php\/wp-json\/wp\/v2\/types\/post"}],"author":[{"embeddable":true,"href":"https:\/\/blogopara.com.br\/index.php\/wp-json\/wp\/v2\/users\/1"}],"replies":[{"embeddable":true,"href":"https:\/\/blogopara.com.br\/index.php\/wp-json\/wp\/v2\/comments?post=38667"}],"version-history":[{"count":2,"href":"https:\/\/blogopara.com.br\/index.php\/wp-json\/wp\/v2\/posts\/38667\/revisions"}],"predecessor-version":[{"id":38670,"href":"https:\/\/blogopara.com.br\/index.php\/wp-json\/wp\/v2\/posts\/38667\/revisions\/38670"}],"wp:featuredmedia":[{"embeddable":true,"href":"https:\/\/blogopara.com.br\/index.php\/wp-json\/wp\/v2\/media\/38668"}],"wp:attachment":[{"href":"https:\/\/blogopara.com.br\/index.php\/wp-json\/wp\/v2\/media?parent=38667"}],"wp:term":[{"taxonomy":"category","embeddable":true,"href":"https:\/\/blogopara.com.br\/index.php\/wp-json\/wp\/v2\/categories?post=38667"},{"taxonomy":"post_tag","embeddable":true,"href":"https:\/\/blogopara.com.br\/index.php\/wp-json\/wp\/v2\/tags?post=38667"}],"curies":[{"name":"wp","href":"https:\/\/api.w.org\/{rel}","templated":true}]}}