{"id":38691,"date":"2022-06-22T20:00:00","date_gmt":"2022-06-22T23:00:00","guid":{"rendered":"https:\/\/blogopara.com.br\/?p=38691"},"modified":"2022-06-22T18:22:43","modified_gmt":"2022-06-22T21:22:43","slug":"prefeitura-de-juazeiro-e-camara-de-vereadores-estudam-isencao-de-iss-para-pipeiros","status":"publish","type":"post","link":"https:\/\/blogopara.com.br\/index.php\/2022\/06\/22\/prefeitura-de-juazeiro-e-camara-de-vereadores-estudam-isencao-de-iss-para-pipeiros","title":{"rendered":"Prefeitura de Juazeiro e C\u00e2mara de Vereadores estudam isen\u00e7\u00e3o de ISS para pipeiros"},"content":{"rendered":"\n\n<p class=\"x_MsoNormal\" style=\"text-align: justify;\">Em reuni\u00e3o, nesta ter\u00e7a-feira (21), o coordenador da Defesa Civil, Ramiro Cordeiro, o chefe de Gabinete da Prefeitura de Juazeiro, Allan Jones, e o vereador Dion\u00edsio Gomes, se reuniram com representantes de pipeiros respons\u00e1veis pela Opera\u00e7\u00e3o Pipa no munic\u00edpio. Como encaminhamento do encontro, os participantes decidiram sugerir \u00e0 Prefeitura a isen\u00e7\u00e3o do Imposto sobre Servi\u00e7o (ISS) para a categoria.\u00a0<\/p>\n<p class=\"x_MsoNormal\" style=\"text-align: justify;\">\u201cA situa\u00e7\u00e3o que os pipeiros est\u00e3o vivendo \u00e9 muito complicada e n\u00f3s decidimos abra\u00e7ar a causa. A Opera\u00e7\u00e3o Pipa \u00e9 um programa do Governo Federal, mas que beneficia a nossa popula\u00e7\u00e3o do interior, e, devido aos aumentos recorrentes no valor dos combust\u00edveis e \u00e0 falta de reajuste no repasse da Uni\u00e3o \u00e0 categoria, quase metade deles j\u00e1 desistiu de atuar na regi\u00e3o. A isen\u00e7\u00e3o do ISS, que j\u00e1 acontece em outros munic\u00edpios, vai garantir a presta\u00e7\u00e3o do servi\u00e7o e amenizar a perda financeira da categoria\u201d, explicou o coordenador da Defesa Civil, Ramiro Cordeiro.\u00a0<\/p>\n<p class=\"x_MsoNormal\" style=\"text-align: justify;\">A sugest\u00e3o de isen\u00e7\u00e3o do ISS para os pipeiros, de autoria do vereador Dion\u00edsio Gomes, ser\u00e1 encaminhada \u00e0 prefeita Suzana Ramos, que deve elaborar um projeto do executivo, para que a C\u00e2mara de Vereadores vote a isen\u00e7\u00e3o.<\/p>\n\n\n<p>Ascom Sedes\/PMJ<\/p>\n","protected":false},"excerpt":{"rendered":"<p>Em reuni\u00e3o, nesta ter\u00e7a-feira (21), o coordenador da Defesa Civil, Ramiro Cordeiro, o chefe de Gabinete da Prefeitura de Juazeiro, Allan Jones, e o vereador Dion\u00edsio Gomes, se reuniram com representantes de pipeiros respons\u00e1veis pela Opera\u00e7\u00e3o Pipa no munic\u00edpio. Como encaminhamento do encontro, os participantes decidiram sugerir \u00e0 Prefeitura a isen\u00e7\u00e3o do Imposto sobre Servi\u00e7o [&hellip;]<\/p>\n","protected":false},"author":1,"featured_media":38692,"comment_status":"closed","ping_status":"open","sticky":false,"template":"","format":"standard","meta":{"_uag_custom_page_level_css":"","_monsterinsights_skip_tracking":false,"_monsterinsights_sitenote_active":false,"_monsterinsights_sitenote_note":"","_monsterinsights_sitenote_category":0,"jetpack_post_was_ever_published":false,"_jetpack_newsletter_access":"","_jetpack_dont_email_post_to_subs":false,"_jetpack_newsletter_tier_id":0,"_jetpack_memberships_contains_paywalled_content":false,"_jetpack_memberships_contains_paid_content":false,"footnotes":"","jetpack_publicize_message":"","jetpack_publicize_feature_enabled":true,"jetpack_social_post_already_shared":true,"jetpack_social_options":{"image_generator_settings":{"template":"highway","default_image_id":0,"font":"","enabled":false},"version":2}},"categories":[203,10074],"tags":[2126,340,320],"class_list":["post-38691","post","type-post","status-publish","format-standard","has-post-thumbnail","hentry","category-juazeiro","category-pipeiros","tag-camara-de-vereadores-de-juazeiro-2","tag-prefeitura-de-juazeiro","tag-sou-mais-juazeiro"],"jetpack_publicize_connections":[],"jetpack_featured_media_url":"https:\/\/blogopara.com.br\/wp-content\/uploads\/2022\/06\/PIPEIROS.jpg","uagb_featured_image_src":{"full":["https:\/\/blogopara.com.br\/wp-content\/uploads\/2022\/06\/PIPEIROS.jpg",500,500,false],"thumbnail":["https:\/\/blogopara.com.br\/wp-content\/uploads\/2022\/06\/PIPEIROS-150x150.jpg",150,150,true],"medium":["https:\/\/blogopara.com.br\/wp-content\/uploads\/2022\/06\/PIPEIROS-300x300.jpg",300,300,true],"medium_large":["https:\/\/blogopara.com.br\/wp-content\/uploads\/2022\/06\/PIPEIROS.jpg",500,500,false],"large":["https:\/\/blogopara.com.br\/wp-content\/uploads\/2022\/06\/PIPEIROS.jpg",500,500,false],"1536x1536":["https:\/\/blogopara.com.br\/wp-content\/uploads\/2022\/06\/PIPEIROS.jpg",500,500,false],"2048x2048":["https:\/\/blogopara.com.br\/wp-content\/uploads\/2022\/06\/PIPEIROS.jpg",500,500,false],"mantranews-slider-large":["https:\/\/blogopara.com.br\/wp-content\/uploads\/2022\/06\/PIPEIROS.jpg",500,500,false],"mantranews-featured-medium":["https:\/\/blogopara.com.br\/wp-content\/uploads\/2022\/06\/PIPEIROS-420x307.jpg",420,307,true],"mantranews-featured-long":["https:\/\/blogopara.com.br\/wp-content\/uploads\/2022\/06\/PIPEIROS-300x443.jpg",300,443,true],"mantranews-block-medium":["https:\/\/blogopara.com.br\/wp-content\/uploads\/2022\/06\/PIPEIROS-464x290.jpg",464,290,true],"mantranews-carousel-image":["https:\/\/blogopara.com.br\/wp-content\/uploads\/2022\/06\/PIPEIROS.jpg",500,500,false],"mantranews-block-thumb":["https:\/\/blogopara.com.br\/wp-content\/uploads\/2022\/06\/PIPEIROS-322x230.jpg",322,230,true],"mantranews-single-large":["https:\/\/blogopara.com.br\/wp-content\/uploads\/2022\/06\/PIPEIROS.jpg",500,500,false]},"uagb_author_info":{"display_name":"Reda\u00e7\u00e3o geral","author_link":"https:\/\/blogopara.com.br\/index.php\/author\/blogopara"},"uagb_comment_info":0,"uagb_excerpt":"Em reuni\u00e3o, nesta ter\u00e7a-feira (21), o coordenador da Defesa Civil, Ramiro Cordeiro, o chefe de Gabinete da Prefeitura de Juazeiro, Allan Jones, e o vereador Dion\u00edsio Gomes, se reuniram com representantes de pipeiros respons\u00e1veis pela Opera\u00e7\u00e3o Pipa no munic\u00edpio. Como encaminhamento do encontro, os participantes decidiram sugerir \u00e0 Prefeitura a isen\u00e7\u00e3o do Imposto sobre Servi\u00e7o&hellip;","jetpack_sharing_enabled":true,"jetpack_likes_enabled":true,"_links":{"self":[{"href":"https:\/\/blogopara.com.br\/index.php\/wp-json\/wp\/v2\/posts\/38691","targetHints":{"allow":["GET"]}}],"collection":[{"href":"https:\/\/blogopara.com.br\/index.php\/wp-json\/wp\/v2\/posts"}],"about":[{"href":"https:\/\/blogopara.com.br\/index.php\/wp-json\/wp\/v2\/types\/post"}],"author":[{"embeddable":true,"href":"https:\/\/blogopara.com.br\/index.php\/wp-json\/wp\/v2\/users\/1"}],"replies":[{"embeddable":true,"href":"https:\/\/blogopara.com.br\/index.php\/wp-json\/wp\/v2\/comments?post=38691"}],"version-history":[{"count":1,"href":"https:\/\/blogopara.com.br\/index.php\/wp-json\/wp\/v2\/posts\/38691\/revisions"}],"predecessor-version":[{"id":38693,"href":"https:\/\/blogopara.com.br\/index.php\/wp-json\/wp\/v2\/posts\/38691\/revisions\/38693"}],"wp:featuredmedia":[{"embeddable":true,"href":"https:\/\/blogopara.com.br\/index.php\/wp-json\/wp\/v2\/media\/38692"}],"wp:attachment":[{"href":"https:\/\/blogopara.com.br\/index.php\/wp-json\/wp\/v2\/media?parent=38691"}],"wp:term":[{"taxonomy":"category","embeddable":true,"href":"https:\/\/blogopara.com.br\/index.php\/wp-json\/wp\/v2\/categories?post=38691"},{"taxonomy":"post_tag","embeddable":true,"href":"https:\/\/blogopara.com.br\/index.php\/wp-json\/wp\/v2\/tags?post=38691"}],"curies":[{"name":"wp","href":"https:\/\/api.w.org\/{rel}","templated":true}]}}