{"id":38742,"date":"2022-06-23T17:52:00","date_gmt":"2022-06-23T20:52:00","guid":{"rendered":"https:\/\/blogopara.com.br\/?p=38742"},"modified":"2022-06-23T15:54:32","modified_gmt":"2022-06-23T18:54:32","slug":"com-apoio-da-prefeitura-de-juazeiro-sao-joao-dos-bairros-promete-movimentar-sede-e-interior-do-municipio","status":"publish","type":"post","link":"https:\/\/blogopara.com.br\/index.php\/2022\/06\/23\/com-apoio-da-prefeitura-de-juazeiro-sao-joao-dos-bairros-promete-movimentar-sede-e-interior-do-municipio","title":{"rendered":"COM APOIO DA PREFEITURA DE JUAZEIRO, S\u00c3O JO\u00c3O DOS BAIRROS PROMETE MOVIMENTAR SEDE E INTERIOR DO MUNIC\u00cdPIO"},"content":{"rendered":"<p style=\"text-align: justify;\">O per\u00edodo junino em Juazeiro tem sido animado com a retomada da tradi\u00e7\u00e3o dos festejos na cidade. Desde o Santo Ant\u00f4nio das Tradi\u00e7\u00f5es, que aconteceu na sede, at\u00e9 o S\u00e3o Jo\u00e3o da Baixinha, em Juremal, que teve in\u00edcio no \u00faltimo final de semana, passando ainda pelo S\u00e3o Jo\u00e3o nos bairros e comunidades, que acontecem com o apoio da gest\u00e3o municipal.<\/p>\n<p style=\"text-align: justify;\">28 bairros se cadastraram para realizar festas em suas comunidades, com in\u00edcio no \u00faltimo dia 16 e seguindo at\u00e9 julho. A Prefeitura de Juazeiro, atrav\u00e9s da Secretaria de Cultura, Turismo e Esportes (Seculte) ir\u00e1 arcar com as atra\u00e7\u00f5es musicais e estrutura dos locais. Al\u00e9m disso, outros \u00f3rg\u00e3os da prefeitura, como CSTT, Guarda Municipal, Semaurb e SAAE tamb\u00e9m est\u00e3o chegando junto para deixar os festejos de cada bairro mais organizados e seguros.<\/p>\n<p style=\"text-align: justify;\">O representante do bairro Dom Jos\u00e9 Rodrigues, Valter J\u00fanior, conta que a expectativa para o tradicional arrai\u00e1 da localidade, que j\u00e1 acontece h\u00e1 30 anos, est\u00e1 enorme, al\u00e9m de destacar a import\u00e2ncia do apoio da prefeitura com a festa, que acontecer\u00e1 de 07 a 10 de julho. \u201cNossa festa j\u00e1 \u00e9 tradicional, ser\u00e3o mais de 14 atra\u00e7\u00f5es que far\u00e3o apresenta\u00e7\u00f5es, al\u00e9m de brincadeiras para a crian\u00e7ada, barracas de comidas e bebidas t\u00edpicas, quadrilhas e esse ano com o apoio da prefeitura faremos o melhor e maior S\u00e3o Jo\u00e3o das comunidades de todos os tempos. Al\u00e9m do suporte da Seculte, teremos tamb\u00e9m a presen\u00e7a da CSTT, Semaurb, Saae. Ent\u00e3o, n\u00f3s agradecemos a toda essa estrutura para a nossa festa\u201d, celebra.<\/p>\n<p style=\"text-align: justify;\">De acordo com o superintendente de Cultura, J\u00fanior Motta, o S\u00e3o Jo\u00e3o dos bairros e comunidades movimenta tanto a cultura local como o com\u00e9rcio. \u201c\u00c9 uma iniciativa do governo Suzana Ramos, apoiar os festejos juninos das localidades da sede e do interior, auxiliando com as atra\u00e7\u00f5es musicais, alguns desses bairros ter\u00e3o 3 dias de festa, outros 5 e at\u00e9 10 dias. \u00c9 gratificante ver a movimenta\u00e7\u00e3o da cena cultural, al\u00e9m de sacudir o com\u00e9rcio, gerar renda. Vamos nos aprimorar para que ano que vem possamos fazer algo ainda melhor\u201d, garante.<\/p>\n<p style=\"text-align: justify;\">Confira a programa\u00e7\u00e3o da semana:<\/p>\n<p style=\"text-align: justify;\">22\/06<br \/>\nLagoa do Salitre \u2013 M\u00e1rio Santos<br \/>\nNova Esperan\u00e7a \u2013 Uma Nova Hist\u00f3ria<\/p>\n<p style=\"text-align: justify;\">23\/06<br \/>\nLagoa do Salitre \u2013 Em\u00edlio dos 8 Baixos<br \/>\nNova Esperan\u00e7a \u2013 Piseiro de Luxo<br \/>\nNossa Senhora das Grotas \u2013 Aspecto Musical<br \/>\nPraia do Rodeadouro \u2013 Forr\u00f3 Doce Mal\u00edcia<br \/>\nRua das Flores (Cor\u00e9ia) \u2013 Caio Vin\u00edcius \/ Jusc\u00e9lio Alcantara<br \/>\nNH1 \u2013 Chamego Tropical<\/p>\n<p style=\"text-align: justify;\">24\/06<br \/>\nLagoa do Salitre \u2013 U\u00eanio e Banda<br \/>\nNova Esperan\u00e7a \u2013 ADL<br \/>\nNossa Senhora das Grotas \u2013 Novo Stylo<br \/>\nAnt\u00f4nio Guilhermino \u2013 Xote Moleque<br \/>\nPraia do Rodeadouro \u2013 Mega Top<br \/>\nNH1 \u2013 Serginho Moral<\/p>\n<p style=\"text-align: justify;\">25\/06<br \/>\nLagoa do Salitre \u2013 Brena Miranda<br \/>\nPraia do Rodeadouro \u2013 Stillus.com<br \/>\nAnt\u00f4nio Guilhermino \u2013 Jaidete Varj\u00e3o<br \/>\nMussamb\u00ea \u2013 Xote Moleque<br \/>\nNH1 \u2013 Regis e Banda<\/p>\n<p style=\"text-align: justify;\">26\/06<br \/>\nMussamb\u00ea \u2013 Jefferson<\/p>\n","protected":false},"excerpt":{"rendered":"<p>O per\u00edodo junino em Juazeiro tem sido animado com a retomada da tradi\u00e7\u00e3o dos festejos na cidade. Desde o Santo Ant\u00f4nio das Tradi\u00e7\u00f5es, que aconteceu na sede, at\u00e9 o S\u00e3o Jo\u00e3o da Baixinha, em Juremal, que teve in\u00edcio no \u00faltimo final de semana, passando ainda pelo S\u00e3o Jo\u00e3o nos bairros e comunidades, que acontecem com [&hellip;]<\/p>\n","protected":false},"author":1,"featured_media":38743,"comment_status":"closed","ping_status":"open","sticky":false,"template":"","format":"standard","meta":{"_uag_custom_page_level_css":"","_monsterinsights_skip_tracking":false,"_monsterinsights_sitenote_active":false,"_monsterinsights_sitenote_note":"","_monsterinsights_sitenote_category":0,"jetpack_post_was_ever_published":false,"_jetpack_newsletter_access":"","_jetpack_dont_email_post_to_subs":false,"_jetpack_newsletter_tier_id":0,"_jetpack_memberships_contains_paywalled_content":false,"_jetpack_memberships_contains_paid_content":false,"footnotes":"","jetpack_publicize_message":"","jetpack_publicize_feature_enabled":true,"jetpack_social_post_already_shared":true,"jetpack_social_options":{"image_generator_settings":{"template":"highway","default_image_id":0,"font":"","enabled":false},"version":2}},"categories":[1784,203],"tags":[],"class_list":["post-38742","post","type-post","status-publish","format-standard","has-post-thumbnail","hentry","category-cultura-2","category-juazeiro"],"jetpack_publicize_connections":[],"jetpack_featured_media_url":"https:\/\/blogopara.com.br\/wp-content\/uploads\/2022\/06\/Foto-Divulgacao-1-1.jpg","uagb_featured_image_src":{"full":["https:\/\/blogopara.com.br\/wp-content\/uploads\/2022\/06\/Foto-Divulgacao-1-1.jpg",500,333,false],"thumbnail":["https:\/\/blogopara.com.br\/wp-content\/uploads\/2022\/06\/Foto-Divulgacao-1-1-150x150.jpg",150,150,true],"medium":["https:\/\/blogopara.com.br\/wp-content\/uploads\/2022\/06\/Foto-Divulgacao-1-1-300x200.jpg",300,200,true],"medium_large":["https:\/\/blogopara.com.br\/wp-content\/uploads\/2022\/06\/Foto-Divulgacao-1-1.jpg",500,333,false],"large":["https:\/\/blogopara.com.br\/wp-content\/uploads\/2022\/06\/Foto-Divulgacao-1-1.jpg",500,333,false],"1536x1536":["https:\/\/blogopara.com.br\/wp-content\/uploads\/2022\/06\/Foto-Divulgacao-1-1.jpg",500,333,false],"2048x2048":["https:\/\/blogopara.com.br\/wp-content\/uploads\/2022\/06\/Foto-Divulgacao-1-1.jpg",500,333,false],"mantranews-slider-large":["https:\/\/blogopara.com.br\/wp-content\/uploads\/2022\/06\/Foto-Divulgacao-1-1.jpg",500,333,false],"mantranews-featured-medium":["https:\/\/blogopara.com.br\/wp-content\/uploads\/2022\/06\/Foto-Divulgacao-1-1-420x307.jpg",420,307,true],"mantranews-featured-long":["https:\/\/blogopara.com.br\/wp-content\/uploads\/2022\/06\/Foto-Divulgacao-1-1-300x333.jpg",300,333,true],"mantranews-block-medium":["https:\/\/blogopara.com.br\/wp-content\/uploads\/2022\/06\/Foto-Divulgacao-1-1-464x290.jpg",464,290,true],"mantranews-carousel-image":["https:\/\/blogopara.com.br\/wp-content\/uploads\/2022\/06\/Foto-Divulgacao-1-1.jpg",500,333,false],"mantranews-block-thumb":["https:\/\/blogopara.com.br\/wp-content\/uploads\/2022\/06\/Foto-Divulgacao-1-1-322x230.jpg",322,230,true],"mantranews-single-large":["https:\/\/blogopara.com.br\/wp-content\/uploads\/2022\/06\/Foto-Divulgacao-1-1.jpg",500,333,false]},"uagb_author_info":{"display_name":"Reda\u00e7\u00e3o geral","author_link":"https:\/\/blogopara.com.br\/index.php\/author\/blogopara"},"uagb_comment_info":0,"uagb_excerpt":"O per\u00edodo junino em Juazeiro tem sido animado com a retomada da tradi\u00e7\u00e3o dos festejos na cidade. Desde o Santo Ant\u00f4nio das Tradi\u00e7\u00f5es, que aconteceu na sede, at\u00e9 o S\u00e3o Jo\u00e3o da Baixinha, em Juremal, que teve in\u00edcio no \u00faltimo final de semana, passando ainda pelo S\u00e3o Jo\u00e3o nos bairros e comunidades, que acontecem com&hellip;","jetpack_sharing_enabled":true,"jetpack_likes_enabled":true,"_links":{"self":[{"href":"https:\/\/blogopara.com.br\/index.php\/wp-json\/wp\/v2\/posts\/38742","targetHints":{"allow":["GET"]}}],"collection":[{"href":"https:\/\/blogopara.com.br\/index.php\/wp-json\/wp\/v2\/posts"}],"about":[{"href":"https:\/\/blogopara.com.br\/index.php\/wp-json\/wp\/v2\/types\/post"}],"author":[{"embeddable":true,"href":"https:\/\/blogopara.com.br\/index.php\/wp-json\/wp\/v2\/users\/1"}],"replies":[{"embeddable":true,"href":"https:\/\/blogopara.com.br\/index.php\/wp-json\/wp\/v2\/comments?post=38742"}],"version-history":[{"count":1,"href":"https:\/\/blogopara.com.br\/index.php\/wp-json\/wp\/v2\/posts\/38742\/revisions"}],"predecessor-version":[{"id":38744,"href":"https:\/\/blogopara.com.br\/index.php\/wp-json\/wp\/v2\/posts\/38742\/revisions\/38744"}],"wp:featuredmedia":[{"embeddable":true,"href":"https:\/\/blogopara.com.br\/index.php\/wp-json\/wp\/v2\/media\/38743"}],"wp:attachment":[{"href":"https:\/\/blogopara.com.br\/index.php\/wp-json\/wp\/v2\/media?parent=38742"}],"wp:term":[{"taxonomy":"category","embeddable":true,"href":"https:\/\/blogopara.com.br\/index.php\/wp-json\/wp\/v2\/categories?post=38742"},{"taxonomy":"post_tag","embeddable":true,"href":"https:\/\/blogopara.com.br\/index.php\/wp-json\/wp\/v2\/tags?post=38742"}],"curies":[{"name":"wp","href":"https:\/\/api.w.org\/{rel}","templated":true}]}}