{"id":38772,"date":"2022-06-24T16:05:00","date_gmt":"2022-06-24T19:05:00","guid":{"rendered":"https:\/\/blogopara.com.br\/?p=38772"},"modified":"2022-06-24T11:47:14","modified_gmt":"2022-06-24T14:47:14","slug":"pesquisa-do-ibge-mostra-que-mulheres-perderam-emprego-na-pandemia","status":"publish","type":"post","link":"https:\/\/blogopara.com.br\/index.php\/2022\/06\/24\/pesquisa-do-ibge-mostra-que-mulheres-perderam-emprego-na-pandemia","title":{"rendered":"Pesquisa do IBGE mostra que mulheres perderam emprego na pandemia"},"content":{"rendered":"<p style=\"text-align: justify;\">O n\u00famero de mulheres desempregadas no Brasil aumentou. Esse fato n\u00e3o acontecia desde 2009. De acordo com a pesquisa Estat\u00edsticas do Cadastro Central de Empresas \u2013 2020 (Cempre 2020), divulgada pelo Instituto Brasileiro de Geografia e Estat\u00edstica (IBGE), nesta quinta-feira (23), a participa\u00e7\u00e3o do p\u00fablico feminino no mercado de trabalho saiu de 44,8% em 2019 para 44,3% em 2020, sendo a menor participa\u00e7\u00e3o feminina desde 2015 (44%).<\/p>\n<p style=\"text-align: justify;\">\u201cA gente atribui isso a v\u00e1rios fatores. Primeiro teve crescimento de pessoal assalariado em setores que empregam mais homens, como constru\u00e7\u00e3o, e ao mesmo tempo observou-se redu\u00e7\u00e3o nos empregos que mais empregam mulheres, como educa\u00e7\u00e3o e alimenta\u00e7\u00e3o, atividades mais impactadas pela pandemia. Al\u00e9m disso, historicamente, a mulher fica mais em casa\u201d, ressaltou Thiego Gon\u00e7alves Pereira, analista do IBGE respons\u00e1vel pela pesquisa.<\/p>\n<p style=\"text-align: justify;\">No setor do com\u00e9rcio, que \u00e9 composto por 19% de mulheres, houve queda de 2,5% na participa\u00e7\u00e3o delas. &#8220;Do total de 825,3 mil postos de trabalho perdidos entre 2019 e 2020, aproximadamente 593,6 mil (ou 71,9%) eram ocupados por mulheres&#8221;, apontou.<\/p>\n<p style=\"text-align: justify;\">Quando analisados os sal\u00e1rios em 2020, \u00e9 poss\u00edvel notar que os homens receberam um sal\u00e1rio m\u00e9dio mensal de R$ 3.263,51, o que significa 17,9% a mais que o rendimento m\u00e9dio das mulheres (R$ 2.768,6). J\u00e1 as mulheres receberam, em m\u00e9dia, o equivalente a 84,8% do sal\u00e1rio m\u00e9dio mensal dos homens.<\/p>\n<p>Fonte: Bahia Not\u00edcias<\/p>\n","protected":false},"excerpt":{"rendered":"<p>O n\u00famero de mulheres desempregadas no Brasil aumentou. Esse fato n\u00e3o acontecia desde 2009. De acordo com a pesquisa Estat\u00edsticas do Cadastro Central de Empresas \u2013 2020 (Cempre 2020), divulgada pelo Instituto Brasileiro de Geografia e Estat\u00edstica (IBGE), nesta quinta-feira (23), a participa\u00e7\u00e3o do p\u00fablico feminino no mercado de trabalho saiu de 44,8% em 2019 [&hellip;]<\/p>\n","protected":false},"author":1,"featured_media":22625,"comment_status":"closed","ping_status":"open","sticky":false,"template":"","format":"standard","meta":{"_uag_custom_page_level_css":"","_monsterinsights_skip_tracking":false,"_monsterinsights_sitenote_active":false,"_monsterinsights_sitenote_note":"","_monsterinsights_sitenote_category":0,"jetpack_post_was_ever_published":false,"_jetpack_newsletter_access":"","_jetpack_dont_email_post_to_subs":false,"_jetpack_newsletter_tier_id":0,"_jetpack_memberships_contains_paywalled_content":false,"_jetpack_memberships_contains_paid_content":false,"footnotes":"","jetpack_publicize_message":"","jetpack_publicize_feature_enabled":true,"jetpack_social_post_already_shared":true,"jetpack_social_options":{"image_generator_settings":{"template":"highway","default_image_id":0,"font":"","enabled":false},"version":2}},"categories":[200,10068,10083],"tags":[],"class_list":["post-38772","post","type-post","status-publish","format-standard","has-post-thumbnail","hentry","category-brasil","category-ibge","category-pesquisa"],"jetpack_publicize_connections":[],"jetpack_featured_media_url":"https:\/\/blogopara.com.br\/wp-content\/uploads\/2021\/04\/carteira-de-trabalho-1.jpeg","uagb_featured_image_src":{"full":["https:\/\/blogopara.com.br\/wp-content\/uploads\/2021\/04\/carteira-de-trabalho-1.jpeg",500,298,false],"thumbnail":["https:\/\/blogopara.com.br\/wp-content\/uploads\/2021\/04\/carteira-de-trabalho-1-150x150.jpeg",150,150,true],"medium":["https:\/\/blogopara.com.br\/wp-content\/uploads\/2021\/04\/carteira-de-trabalho-1-300x179.jpeg",300,179,true],"medium_large":["https:\/\/blogopara.com.br\/wp-content\/uploads\/2021\/04\/carteira-de-trabalho-1.jpeg",500,298,false],"large":["https:\/\/blogopara.com.br\/wp-content\/uploads\/2021\/04\/carteira-de-trabalho-1.jpeg",500,298,false],"1536x1536":["https:\/\/blogopara.com.br\/wp-content\/uploads\/2021\/04\/carteira-de-trabalho-1.jpeg",500,298,false],"2048x2048":["https:\/\/blogopara.com.br\/wp-content\/uploads\/2021\/04\/carteira-de-trabalho-1.jpeg",500,298,false],"mantranews-slider-large":["https:\/\/blogopara.com.br\/wp-content\/uploads\/2021\/04\/carteira-de-trabalho-1.jpeg",500,298,false],"mantranews-featured-medium":["https:\/\/blogopara.com.br\/wp-content\/uploads\/2021\/04\/carteira-de-trabalho-1-420x298.jpeg",420,298,true],"mantranews-featured-long":["https:\/\/blogopara.com.br\/wp-content\/uploads\/2021\/04\/carteira-de-trabalho-1-300x298.jpeg",300,298,true],"mantranews-block-medium":["https:\/\/blogopara.com.br\/wp-content\/uploads\/2021\/04\/carteira-de-trabalho-1-464x290.jpeg",464,290,true],"mantranews-carousel-image":["https:\/\/blogopara.com.br\/wp-content\/uploads\/2021\/04\/carteira-de-trabalho-1.jpeg",500,298,false],"mantranews-block-thumb":["https:\/\/blogopara.com.br\/wp-content\/uploads\/2021\/04\/carteira-de-trabalho-1-322x230.jpeg",322,230,true],"mantranews-single-large":["https:\/\/blogopara.com.br\/wp-content\/uploads\/2021\/04\/carteira-de-trabalho-1.jpeg",500,298,false]},"uagb_author_info":{"display_name":"Reda\u00e7\u00e3o geral","author_link":"https:\/\/blogopara.com.br\/index.php\/author\/blogopara"},"uagb_comment_info":0,"uagb_excerpt":"O n\u00famero de mulheres desempregadas no Brasil aumentou. Esse fato n\u00e3o acontecia desde 2009. De acordo com a pesquisa Estat\u00edsticas do Cadastro Central de Empresas \u2013 2020 (Cempre 2020), divulgada pelo Instituto Brasileiro de Geografia e Estat\u00edstica (IBGE), nesta quinta-feira (23), a participa\u00e7\u00e3o do p\u00fablico feminino no mercado de trabalho saiu de 44,8% em 2019&hellip;","jetpack_sharing_enabled":true,"jetpack_likes_enabled":true,"_links":{"self":[{"href":"https:\/\/blogopara.com.br\/index.php\/wp-json\/wp\/v2\/posts\/38772","targetHints":{"allow":["GET"]}}],"collection":[{"href":"https:\/\/blogopara.com.br\/index.php\/wp-json\/wp\/v2\/posts"}],"about":[{"href":"https:\/\/blogopara.com.br\/index.php\/wp-json\/wp\/v2\/types\/post"}],"author":[{"embeddable":true,"href":"https:\/\/blogopara.com.br\/index.php\/wp-json\/wp\/v2\/users\/1"}],"replies":[{"embeddable":true,"href":"https:\/\/blogopara.com.br\/index.php\/wp-json\/wp\/v2\/comments?post=38772"}],"version-history":[{"count":2,"href":"https:\/\/blogopara.com.br\/index.php\/wp-json\/wp\/v2\/posts\/38772\/revisions"}],"predecessor-version":[{"id":38774,"href":"https:\/\/blogopara.com.br\/index.php\/wp-json\/wp\/v2\/posts\/38772\/revisions\/38774"}],"wp:featuredmedia":[{"embeddable":true,"href":"https:\/\/blogopara.com.br\/index.php\/wp-json\/wp\/v2\/media\/22625"}],"wp:attachment":[{"href":"https:\/\/blogopara.com.br\/index.php\/wp-json\/wp\/v2\/media?parent=38772"}],"wp:term":[{"taxonomy":"category","embeddable":true,"href":"https:\/\/blogopara.com.br\/index.php\/wp-json\/wp\/v2\/categories?post=38772"},{"taxonomy":"post_tag","embeddable":true,"href":"https:\/\/blogopara.com.br\/index.php\/wp-json\/wp\/v2\/tags?post=38772"}],"curies":[{"name":"wp","href":"https:\/\/api.w.org\/{rel}","templated":true}]}}