{"id":38785,"date":"2022-06-24T18:05:00","date_gmt":"2022-06-24T21:05:00","guid":{"rendered":"https:\/\/blogopara.com.br\/?p=38785"},"modified":"2022-06-24T13:42:04","modified_gmt":"2022-06-24T16:42:04","slug":"stf-determina-retirada-de-familias-de-imovel-ocupado-msts-pelo-risco-de-desabamento","status":"publish","type":"post","link":"https:\/\/blogopara.com.br\/index.php\/2022\/06\/24\/stf-determina-retirada-de-familias-de-imovel-ocupado-msts-pelo-risco-de-desabamento","title":{"rendered":"STF determina retirada de fam\u00edlias de im\u00f3vel ocupado pelo MSTS por risco de desabamento"},"content":{"rendered":"<div class=\"text-center\">\n<div class=\"box-img\">\n<div class=\"img-legenda\"><\/div>\n<\/div>\n<\/div>\n<div class=\"text-descricao\">\n<p dir=\"ltr\" style=\"text-align: justify;\"><strong>O ministro Alexandre de Moraes, do Supremo Tribunal Federal (STF), determinou a reintegra\u00e7\u00e3o de posse, em favor da OMR Construtora Ltda, de um pr\u00e9dio&nbsp;ocupado&nbsp;por militantes do Movimento dos Sem Teto de Salvador (MSTS). As constru\u00e7\u00f5es prec\u00e1rias ficam na&nbsp;Morada da Lagoa Residencial, no Costa Azul. O ministro determinou que a reintegra\u00e7\u00e3o diante de riscos de desabamento.&nbsp;Contudo,&nbsp;pede que se observe aspectos dos direitos humanos.<\/strong><\/p>\n<p dir=\"ltr\" style=\"text-align: justify;\"><strong>No local, residem 75 fam\u00edlias que vivem em extrema pobreza. Um laudo t\u00e9cnico da Defesa Civil de Salvador aponta risco de \u201ciminente de desabamento de partes da constru\u00e7\u00e3o, em decorr\u00eancia da degrada\u00e7\u00e3o do concreto armado, do estado avan\u00e7ado de corros\u00e3o das armaduras, al\u00e9m do perigo de inc\u00eandio, devido a materiais inflam\u00e1veis armazenados no local e por consequ\u00eancia das instala\u00e7\u00f5es el\u00e9tricas irregulares\u201d. Para o ministro, n\u00e3o h\u00e1 \u201cqualquer seguran\u00e7a para a manuten\u00e7\u00e3o das fam\u00edlias residindo no im\u00f3vel\u201d.<\/strong><\/p>\n<p dir=\"ltr\" style=\"text-align: justify;\"><strong>&nbsp;<\/strong><strong>Ao determinar a reintegra\u00e7\u00e3o, o ministro observou que a ordem s\u00f3 seja cumprida ap\u00f3s a pandemia do Covid-19, e atentou que no local&nbsp;existem moradores idosos, pessoas com defici\u00eancia e crian\u00e7as, \u201craz\u00e3o pela qual, na medida do poss\u00edvel, devem ser eles inseridos em programas sociais\u201d.<\/strong><\/p>\n<p dir=\"ltr\" style=\"text-align: justify;\"><strong>&nbsp;<\/strong><strong>Em primeira inst\u00e2ncia, os propriet\u00e1rios do residencial ajuizaram a\u00e7\u00e3o de reintegra\u00e7\u00e3o de posse com pedido liminar em face do MSTS, que ocupou o im\u00f3vel por estar abandonado h\u00e1 muitos anos. A 5\u00aa Vara C\u00edvel de Salvador, ao determinar a reintegra\u00e7\u00e3o de posse, observou que a decis\u00e3o deveria ser cumprida conforme havia decidido o STF sobre desapropria\u00e7\u00e3o de im\u00f3veis e despejos durante a pandemia.<\/strong><\/p>\n<\/div>\n\n\n<p>Fonte: BN<\/p>\n","protected":false},"excerpt":{"rendered":"<p>O ministro Alexandre de Moraes, do Supremo Tribunal Federal (STF), determinou a reintegra\u00e7\u00e3o de posse, em favor da OMR Construtora Ltda, de um pr\u00e9dio&nbsp;ocupado&nbsp;por militantes do Movimento dos Sem Teto de Salvador (MSTS). As constru\u00e7\u00f5es prec\u00e1rias ficam na&nbsp;Morada da Lagoa Residencial, no Costa Azul. O ministro determinou que a reintegra\u00e7\u00e3o diante de riscos de desabamento.&nbsp;Contudo,&nbsp;pede [&hellip;]<\/p>\n","protected":false},"author":1,"featured_media":38786,"comment_status":"closed","ping_status":"open","sticky":false,"template":"","format":"standard","meta":{"_uag_custom_page_level_css":"","_monsterinsights_skip_tracking":false,"_monsterinsights_sitenote_active":false,"_monsterinsights_sitenote_note":"","_monsterinsights_sitenote_category":0,"jetpack_post_was_ever_published":false,"_jetpack_newsletter_access":"","_jetpack_dont_email_post_to_subs":false,"_jetpack_newsletter_tier_id":0,"_jetpack_memberships_contains_paywalled_content":false,"_jetpack_memberships_contains_paid_content":false,"footnotes":"","jetpack_publicize_message":"","jetpack_publicize_feature_enabled":true,"jetpack_social_post_already_shared":true,"jetpack_social_options":{"image_generator_settings":{"template":"highway","default_image_id":0,"font":"","enabled":false},"version":2}},"categories":[199,10086,10085],"tags":[],"class_list":["post-38785","post","type-post","status-publish","format-standard","has-post-thumbnail","hentry","category-bahia","category-msts","category-stf"],"jetpack_publicize_connections":[],"jetpack_featured_media_url":"https:\/\/blogopara.com.br\/wp-content\/uploads\/2022\/06\/mst.jpg","uagb_featured_image_src":{"full":["https:\/\/blogopara.com.br\/wp-content\/uploads\/2022\/06\/mst.jpg",500,500,false],"thumbnail":["https:\/\/blogopara.com.br\/wp-content\/uploads\/2022\/06\/mst-150x150.jpg",150,150,true],"medium":["https:\/\/blogopara.com.br\/wp-content\/uploads\/2022\/06\/mst-300x300.jpg",300,300,true],"medium_large":["https:\/\/blogopara.com.br\/wp-content\/uploads\/2022\/06\/mst.jpg",500,500,false],"large":["https:\/\/blogopara.com.br\/wp-content\/uploads\/2022\/06\/mst.jpg",500,500,false],"1536x1536":["https:\/\/blogopara.com.br\/wp-content\/uploads\/2022\/06\/mst.jpg",500,500,false],"2048x2048":["https:\/\/blogopara.com.br\/wp-content\/uploads\/2022\/06\/mst.jpg",500,500,false],"mantranews-slider-large":["https:\/\/blogopara.com.br\/wp-content\/uploads\/2022\/06\/mst.jpg",500,500,false],"mantranews-featured-medium":["https:\/\/blogopara.com.br\/wp-content\/uploads\/2022\/06\/mst-420x307.jpg",420,307,true],"mantranews-featured-long":["https:\/\/blogopara.com.br\/wp-content\/uploads\/2022\/06\/mst-300x443.jpg",300,443,true],"mantranews-block-medium":["https:\/\/blogopara.com.br\/wp-content\/uploads\/2022\/06\/mst-464x290.jpg",464,290,true],"mantranews-carousel-image":["https:\/\/blogopara.com.br\/wp-content\/uploads\/2022\/06\/mst.jpg",500,500,false],"mantranews-block-thumb":["https:\/\/blogopara.com.br\/wp-content\/uploads\/2022\/06\/mst-322x230.jpg",322,230,true],"mantranews-single-large":["https:\/\/blogopara.com.br\/wp-content\/uploads\/2022\/06\/mst.jpg",500,500,false]},"uagb_author_info":{"display_name":"Reda\u00e7\u00e3o geral","author_link":"https:\/\/blogopara.com.br\/index.php\/author\/blogopara"},"uagb_comment_info":0,"uagb_excerpt":"O ministro Alexandre de Moraes, do Supremo Tribunal Federal (STF), determinou a reintegra\u00e7\u00e3o de posse, em favor da OMR Construtora Ltda, de um pr\u00e9dio&nbsp;ocupado&nbsp;por militantes do Movimento dos Sem Teto de Salvador (MSTS). As constru\u00e7\u00f5es prec\u00e1rias ficam na&nbsp;Morada da Lagoa Residencial, no Costa Azul. O ministro determinou que a reintegra\u00e7\u00e3o diante de riscos de desabamento.&nbsp;Contudo,&nbsp;pede&hellip;","jetpack_sharing_enabled":true,"jetpack_likes_enabled":true,"_links":{"self":[{"href":"https:\/\/blogopara.com.br\/index.php\/wp-json\/wp\/v2\/posts\/38785","targetHints":{"allow":["GET"]}}],"collection":[{"href":"https:\/\/blogopara.com.br\/index.php\/wp-json\/wp\/v2\/posts"}],"about":[{"href":"https:\/\/blogopara.com.br\/index.php\/wp-json\/wp\/v2\/types\/post"}],"author":[{"embeddable":true,"href":"https:\/\/blogopara.com.br\/index.php\/wp-json\/wp\/v2\/users\/1"}],"replies":[{"embeddable":true,"href":"https:\/\/blogopara.com.br\/index.php\/wp-json\/wp\/v2\/comments?post=38785"}],"version-history":[{"count":3,"href":"https:\/\/blogopara.com.br\/index.php\/wp-json\/wp\/v2\/posts\/38785\/revisions"}],"predecessor-version":[{"id":38790,"href":"https:\/\/blogopara.com.br\/index.php\/wp-json\/wp\/v2\/posts\/38785\/revisions\/38790"}],"wp:featuredmedia":[{"embeddable":true,"href":"https:\/\/blogopara.com.br\/index.php\/wp-json\/wp\/v2\/media\/38786"}],"wp:attachment":[{"href":"https:\/\/blogopara.com.br\/index.php\/wp-json\/wp\/v2\/media?parent=38785"}],"wp:term":[{"taxonomy":"category","embeddable":true,"href":"https:\/\/blogopara.com.br\/index.php\/wp-json\/wp\/v2\/categories?post=38785"},{"taxonomy":"post_tag","embeddable":true,"href":"https:\/\/blogopara.com.br\/index.php\/wp-json\/wp\/v2\/tags?post=38785"}],"curies":[{"name":"wp","href":"https:\/\/api.w.org\/{rel}","templated":true}]}}