{"id":38812,"date":"2022-06-25T20:00:00","date_gmt":"2022-06-25T23:00:00","guid":{"rendered":"https:\/\/blogopara.com.br\/?p=38812"},"modified":"2022-06-25T14:37:58","modified_gmt":"2022-06-25T17:37:58","slug":"unidade-odontologica-da-prefeitura-de-juazeiro-realiza-atendimento-itinerante-de-27-de-junho-a-1o-de-julho","status":"publish","type":"post","link":"https:\/\/blogopara.com.br\/index.php\/2022\/06\/25\/unidade-odontologica-da-prefeitura-de-juazeiro-realiza-atendimento-itinerante-de-27-de-junho-a-1o-de-julho","title":{"rendered":"Unidade Odontol\u00f3gica da Prefeitura de Juazeiro realiza atendimento itinerante de 27 de junho a 1\u00ba de julho"},"content":{"rendered":"<p class=\"x_MsoNormal\" style=\"text-align: justify;\">A Unidade M\u00f3vel Odontol\u00f3gica, da Prefeitura de Juazeiro, atrav\u00e9s da Secretaria de sa\u00fade (Sesau), divulga o cronograma para atendimento itinerante nas comunidades. Confira a programa\u00e7\u00e3o para esta semana, de 27 de junho a 1\u00ba de julho.<\/p>\n<p class=\"x_MsoNormal\" style=\"text-align: justify;\">Na segunda-feira (27), o atendimento ser\u00e1 no Residencial Mairi, unidade estar\u00e1 em frente ao centro comunit\u00e1rio, a partir das 8h. As marca\u00e7\u00f5es est\u00e3o sendo feitas na unidade.<\/p>\n<p class=\"x_MsoNormal\" style=\"text-align: justify;\">Na ter\u00e7a-feira (28), a unidade atender\u00e1 no Lar S\u00e3o Vicente de Paula, para os idosos do abrigo.<\/p>\n<p class=\"x_MsoNormal\" style=\"text-align: justify;\">Nos dias 29, 30 de junho e 01 de julho, a unidade estar\u00e1 no distrito de Mandacaru I, a partir das 08h. Os atendimentos ser\u00e3o por demanda livre.<\/p>\n<p class=\"x_MsoNormal\" style=\"text-align: justify;\">\u00c9 importante que o paciente esteja com RG, CPF e Cart\u00e3o SUS para atendimento.<\/p>\n<p>Ascom Sesau\/PMJ<\/p>\n<p class=\"x_MsoNormal\" style=\"text-align: justify;\">\n","protected":false},"excerpt":{"rendered":"<p>A Unidade M\u00f3vel Odontol\u00f3gica, da Prefeitura de Juazeiro, atrav\u00e9s da Secretaria de sa\u00fade (Sesau), divulga o cronograma para atendimento itinerante nas comunidades. Confira a programa\u00e7\u00e3o para esta semana, de 27 de junho a 1\u00ba de julho. Na segunda-feira (27), o atendimento ser\u00e1 no Residencial Mairi, unidade estar\u00e1 em frente ao centro comunit\u00e1rio, a partir das [&hellip;]<\/p>\n","protected":false},"author":1,"featured_media":38813,"comment_status":"closed","ping_status":"open","sticky":false,"template":"","format":"standard","meta":{"_uag_custom_page_level_css":"","_monsterinsights_skip_tracking":false,"_monsterinsights_sitenote_active":false,"_monsterinsights_sitenote_note":"","_monsterinsights_sitenote_category":0,"jetpack_post_was_ever_published":false,"_jetpack_newsletter_access":"","_jetpack_dont_email_post_to_subs":false,"_jetpack_newsletter_tier_id":0,"_jetpack_memberships_contains_paywalled_content":false,"_jetpack_memberships_contains_paid_content":false,"footnotes":"","jetpack_publicize_message":"","jetpack_publicize_feature_enabled":true,"jetpack_social_post_already_shared":true,"jetpack_social_options":{"image_generator_settings":{"template":"highway","default_image_id":0,"font":"","enabled":false},"version":2}},"categories":[203,205],"tags":[340,536,320],"class_list":["post-38812","post","type-post","status-publish","format-standard","has-post-thumbnail","hentry","category-juazeiro","category-saude","tag-prefeitura-de-juazeiro","tag-sesau","tag-sou-mais-juazeiro"],"jetpack_publicize_connections":[],"jetpack_featured_media_url":"https:\/\/blogopara.com.br\/wp-content\/uploads\/2022\/06\/d1.jpg","uagb_featured_image_src":{"full":["https:\/\/blogopara.com.br\/wp-content\/uploads\/2022\/06\/d1.jpg",500,500,false],"thumbnail":["https:\/\/blogopara.com.br\/wp-content\/uploads\/2022\/06\/d1-150x150.jpg",150,150,true],"medium":["https:\/\/blogopara.com.br\/wp-content\/uploads\/2022\/06\/d1-300x300.jpg",300,300,true],"medium_large":["https:\/\/blogopara.com.br\/wp-content\/uploads\/2022\/06\/d1.jpg",500,500,false],"large":["https:\/\/blogopara.com.br\/wp-content\/uploads\/2022\/06\/d1.jpg",500,500,false],"1536x1536":["https:\/\/blogopara.com.br\/wp-content\/uploads\/2022\/06\/d1.jpg",500,500,false],"2048x2048":["https:\/\/blogopara.com.br\/wp-content\/uploads\/2022\/06\/d1.jpg",500,500,false],"mantranews-slider-large":["https:\/\/blogopara.com.br\/wp-content\/uploads\/2022\/06\/d1.jpg",500,500,false],"mantranews-featured-medium":["https:\/\/blogopara.com.br\/wp-content\/uploads\/2022\/06\/d1-420x307.jpg",420,307,true],"mantranews-featured-long":["https:\/\/blogopara.com.br\/wp-content\/uploads\/2022\/06\/d1-300x443.jpg",300,443,true],"mantranews-block-medium":["https:\/\/blogopara.com.br\/wp-content\/uploads\/2022\/06\/d1-464x290.jpg",464,290,true],"mantranews-carousel-image":["https:\/\/blogopara.com.br\/wp-content\/uploads\/2022\/06\/d1.jpg",500,500,false],"mantranews-block-thumb":["https:\/\/blogopara.com.br\/wp-content\/uploads\/2022\/06\/d1-322x230.jpg",322,230,true],"mantranews-single-large":["https:\/\/blogopara.com.br\/wp-content\/uploads\/2022\/06\/d1.jpg",500,500,false]},"uagb_author_info":{"display_name":"Reda\u00e7\u00e3o geral","author_link":"https:\/\/blogopara.com.br\/index.php\/author\/blogopara"},"uagb_comment_info":0,"uagb_excerpt":"A Unidade M\u00f3vel Odontol\u00f3gica, da Prefeitura de Juazeiro, atrav\u00e9s da Secretaria de sa\u00fade (Sesau), divulga o cronograma para atendimento itinerante nas comunidades. Confira a programa\u00e7\u00e3o para esta semana, de 27 de junho a 1\u00ba de julho. Na segunda-feira (27), o atendimento ser\u00e1 no Residencial Mairi, unidade estar\u00e1 em frente ao centro comunit\u00e1rio, a partir das&hellip;","jetpack_sharing_enabled":true,"jetpack_likes_enabled":true,"_links":{"self":[{"href":"https:\/\/blogopara.com.br\/index.php\/wp-json\/wp\/v2\/posts\/38812","targetHints":{"allow":["GET"]}}],"collection":[{"href":"https:\/\/blogopara.com.br\/index.php\/wp-json\/wp\/v2\/posts"}],"about":[{"href":"https:\/\/blogopara.com.br\/index.php\/wp-json\/wp\/v2\/types\/post"}],"author":[{"embeddable":true,"href":"https:\/\/blogopara.com.br\/index.php\/wp-json\/wp\/v2\/users\/1"}],"replies":[{"embeddable":true,"href":"https:\/\/blogopara.com.br\/index.php\/wp-json\/wp\/v2\/comments?post=38812"}],"version-history":[{"count":2,"href":"https:\/\/blogopara.com.br\/index.php\/wp-json\/wp\/v2\/posts\/38812\/revisions"}],"predecessor-version":[{"id":38815,"href":"https:\/\/blogopara.com.br\/index.php\/wp-json\/wp\/v2\/posts\/38812\/revisions\/38815"}],"wp:featuredmedia":[{"embeddable":true,"href":"https:\/\/blogopara.com.br\/index.php\/wp-json\/wp\/v2\/media\/38813"}],"wp:attachment":[{"href":"https:\/\/blogopara.com.br\/index.php\/wp-json\/wp\/v2\/media?parent=38812"}],"wp:term":[{"taxonomy":"category","embeddable":true,"href":"https:\/\/blogopara.com.br\/index.php\/wp-json\/wp\/v2\/categories?post=38812"},{"taxonomy":"post_tag","embeddable":true,"href":"https:\/\/blogopara.com.br\/index.php\/wp-json\/wp\/v2\/tags?post=38812"}],"curies":[{"name":"wp","href":"https:\/\/api.w.org\/{rel}","templated":true}]}}