{"id":38835,"date":"2022-06-26T18:10:00","date_gmt":"2022-06-26T21:10:00","guid":{"rendered":"https:\/\/blogopara.com.br\/?p=38835"},"modified":"2022-06-26T13:06:06","modified_gmt":"2022-06-26T16:06:06","slug":"joao-leao-diz-que-efeito-lula-na-bahia-e-um-efeito-paliativo","status":"publish","type":"post","link":"https:\/\/blogopara.com.br\/index.php\/2022\/06\/26\/joao-leao-diz-que-efeito-lula-na-bahia-e-um-efeito-paliativo","title":{"rendered":"Jo\u00e3o Le\u00e3o diz que efeito Lula na Bahia \u00e9 um \u201cefeito paliativo\u201d"},"content":{"rendered":"\n\n<div class=\"tdb-block-inner td-fix-index\">\n<p style=\"text-align: justify;\">Vice-governador e pr\u00e9-candidato a deputado federal, Jo\u00e3o Le\u00e3o (PP) acredita que ACM Neto \u201cganhar\u00e1 essa elei\u00e7\u00e3o no primeiro turno e com ele vai Cac\u00e1 Le\u00e3o\u201d. A declara\u00e7\u00e3o foi dada na noite deste s\u00e1bado (25\/06), ao Arrai\u00e1 do Aconchego, em Candeias.<\/p>\n<p style=\"text-align: justify;\">\u201cNo Brasil, todos os governadores que ganham a elei\u00e7\u00e3o faz o seu senador. E \u00e9 muito importante para a Bahia ter um senador ao lado de Neto que \u00e9 pra cuidar das coisas do Estado l\u00e1 no Governo Federal. Neto vai ter tamb\u00e9m na C\u00e2mara uma bancada muito forte, entre os quais, Jo\u00e3o Le\u00e3o aqui, que \u00e9 pr\u00e9-candidato a deputado federal\u201d, pontua.<\/p>\n<p style=\"text-align: justify;\">Questionado sobre o \u201cefeito Lula\u201d, a grande esperan\u00e7a do PT para vencer o pleito que acontece no dia 2 de Outubro, o l\u00edder do PP disse que a ideia n\u00e3o vigora. Ele destaca que \u201cquando voc\u00ea pega o que Neto tem na regi\u00e3o metropolitana, por exemplo, ele tem o dobro de Lula e Bolsonaro juntos\u201d.<\/p>\n<p style=\"text-align: justify;\">\u201cEnt\u00e3o, quando voc\u00ea soma Lula e Bolsonaro \u00e9 o que Neto tem. Esse efeito Lula \u00e9 um efeito paliativo. E porque n\u00e3o votar em Lula ou votar em Bolsonaro e votar em Neto? O que \u00e9 que o povo da Bahia quer? Quer um governo s\u00e9rio, competente e novo. A Bahia est\u00e1 caminhando para o novo. E o novo chama-se ACM Neto e Cac\u00e1 Le\u00e3o\u201d, finaliza Jo\u00e3o Le\u00e3o.<\/p>\n<\/div>\n\n\n<p>Fonte: IB<\/p>\n","protected":false},"excerpt":{"rendered":"<p>Vice-governador e pr\u00e9-candidato a deputado federal, Jo\u00e3o Le\u00e3o (PP) acredita que ACM Neto \u201cganhar\u00e1 essa elei\u00e7\u00e3o no primeiro turno e com ele vai Cac\u00e1 Le\u00e3o\u201d. A declara\u00e7\u00e3o foi dada na noite deste s\u00e1bado (25\/06), ao Arrai\u00e1 do Aconchego, em Candeias. \u201cNo Brasil, todos os governadores que ganham a elei\u00e7\u00e3o faz o seu senador. E \u00e9 [&hellip;]<\/p>\n","protected":false},"author":1,"featured_media":38836,"comment_status":"closed","ping_status":"open","sticky":false,"template":"","format":"standard","meta":{"_uag_custom_page_level_css":"","_monsterinsights_skip_tracking":false,"_monsterinsights_sitenote_active":false,"_monsterinsights_sitenote_note":"","_monsterinsights_sitenote_category":0,"jetpack_post_was_ever_published":false,"_jetpack_newsletter_access":"","_jetpack_dont_email_post_to_subs":false,"_jetpack_newsletter_tier_id":0,"_jetpack_memberships_contains_paywalled_content":false,"_jetpack_memberships_contains_paid_content":false,"footnotes":"","jetpack_publicize_message":"","jetpack_publicize_feature_enabled":true,"jetpack_social_post_already_shared":true,"jetpack_social_options":{"image_generator_settings":{"template":"highway","default_image_id":0,"font":"","enabled":false},"version":2}},"categories":[199,197],"tags":[11,1327,1559],"class_list":["post-38835","post","type-post","status-publish","format-standard","has-post-thumbnail","hentry","category-bahia","category-politica","tag-bahia","tag-eleicoes-2022","tag-politica-2"],"jetpack_publicize_connections":[],"jetpack_featured_media_url":"https:\/\/blogopara.com.br\/wp-content\/uploads\/2022\/06\/jl.jpg","uagb_featured_image_src":{"full":["https:\/\/blogopara.com.br\/wp-content\/uploads\/2022\/06\/jl.jpg",500,300,false],"thumbnail":["https:\/\/blogopara.com.br\/wp-content\/uploads\/2022\/06\/jl-150x150.jpg",150,150,true],"medium":["https:\/\/blogopara.com.br\/wp-content\/uploads\/2022\/06\/jl-300x180.jpg",300,180,true],"medium_large":["https:\/\/blogopara.com.br\/wp-content\/uploads\/2022\/06\/jl.jpg",500,300,false],"large":["https:\/\/blogopara.com.br\/wp-content\/uploads\/2022\/06\/jl.jpg",500,300,false],"1536x1536":["https:\/\/blogopara.com.br\/wp-content\/uploads\/2022\/06\/jl.jpg",500,300,false],"2048x2048":["https:\/\/blogopara.com.br\/wp-content\/uploads\/2022\/06\/jl.jpg",500,300,false],"mantranews-slider-large":["https:\/\/blogopara.com.br\/wp-content\/uploads\/2022\/06\/jl.jpg",500,300,false],"mantranews-featured-medium":["https:\/\/blogopara.com.br\/wp-content\/uploads\/2022\/06\/jl-420x300.jpg",420,300,true],"mantranews-featured-long":["https:\/\/blogopara.com.br\/wp-content\/uploads\/2022\/06\/jl-300x300.jpg",300,300,true],"mantranews-block-medium":["https:\/\/blogopara.com.br\/wp-content\/uploads\/2022\/06\/jl-464x290.jpg",464,290,true],"mantranews-carousel-image":["https:\/\/blogopara.com.br\/wp-content\/uploads\/2022\/06\/jl.jpg",500,300,false],"mantranews-block-thumb":["https:\/\/blogopara.com.br\/wp-content\/uploads\/2022\/06\/jl-322x230.jpg",322,230,true],"mantranews-single-large":["https:\/\/blogopara.com.br\/wp-content\/uploads\/2022\/06\/jl.jpg",500,300,false]},"uagb_author_info":{"display_name":"Reda\u00e7\u00e3o geral","author_link":"https:\/\/blogopara.com.br\/index.php\/author\/blogopara"},"uagb_comment_info":0,"uagb_excerpt":"Vice-governador e pr\u00e9-candidato a deputado federal, Jo\u00e3o Le\u00e3o (PP) acredita que ACM Neto \u201cganhar\u00e1 essa elei\u00e7\u00e3o no primeiro turno e com ele vai Cac\u00e1 Le\u00e3o\u201d. A declara\u00e7\u00e3o foi dada na noite deste s\u00e1bado (25\/06), ao Arrai\u00e1 do Aconchego, em Candeias. \u201cNo Brasil, todos os governadores que ganham a elei\u00e7\u00e3o faz o seu senador. E \u00e9&hellip;","jetpack_sharing_enabled":true,"jetpack_likes_enabled":true,"_links":{"self":[{"href":"https:\/\/blogopara.com.br\/index.php\/wp-json\/wp\/v2\/posts\/38835","targetHints":{"allow":["GET"]}}],"collection":[{"href":"https:\/\/blogopara.com.br\/index.php\/wp-json\/wp\/v2\/posts"}],"about":[{"href":"https:\/\/blogopara.com.br\/index.php\/wp-json\/wp\/v2\/types\/post"}],"author":[{"embeddable":true,"href":"https:\/\/blogopara.com.br\/index.php\/wp-json\/wp\/v2\/users\/1"}],"replies":[{"embeddable":true,"href":"https:\/\/blogopara.com.br\/index.php\/wp-json\/wp\/v2\/comments?post=38835"}],"version-history":[{"count":2,"href":"https:\/\/blogopara.com.br\/index.php\/wp-json\/wp\/v2\/posts\/38835\/revisions"}],"predecessor-version":[{"id":38838,"href":"https:\/\/blogopara.com.br\/index.php\/wp-json\/wp\/v2\/posts\/38835\/revisions\/38838"}],"wp:featuredmedia":[{"embeddable":true,"href":"https:\/\/blogopara.com.br\/index.php\/wp-json\/wp\/v2\/media\/38836"}],"wp:attachment":[{"href":"https:\/\/blogopara.com.br\/index.php\/wp-json\/wp\/v2\/media?parent=38835"}],"wp:term":[{"taxonomy":"category","embeddable":true,"href":"https:\/\/blogopara.com.br\/index.php\/wp-json\/wp\/v2\/categories?post=38835"},{"taxonomy":"post_tag","embeddable":true,"href":"https:\/\/blogopara.com.br\/index.php\/wp-json\/wp\/v2\/tags?post=38835"}],"curies":[{"name":"wp","href":"https:\/\/api.w.org\/{rel}","templated":true}]}}