{"id":38870,"date":"2022-06-27T17:30:00","date_gmt":"2022-06-27T20:30:00","guid":{"rendered":"https:\/\/blogopara.com.br\/?p=38870"},"modified":"2022-06-27T09:56:20","modified_gmt":"2022-06-27T12:56:20","slug":"coluna-do-meio-bolsonaro-e-lula-na-bahia-em-2-de-julho-numeros-sobre-as-disputas-de-2014-e-2022-e-o-prefeito-ninja","status":"publish","type":"post","link":"https:\/\/blogopara.com.br\/index.php\/2022\/06\/27\/coluna-do-meio-bolsonaro-e-lula-na-bahia-em-2-de-julho-numeros-sobre-as-disputas-de-2014-e-2022-e-o-prefeito-ninja","title":{"rendered":"Coluna do Meio: Bolsonaro e Lula na Bahia em 2 de Julho; N\u00fameros sobre as disputas de 2014 e 2022; e o \u201cPrefeito Ninja\u201d"},"content":{"rendered":"<p><strong>1. Jair x Luiz:<\/strong> os dois pr\u00e9-candidatos a presidente que simbolizam a populariza\u00e7\u00e3o nacional v\u00e3o estar na Bahia nos festejos do 2 de Julho. Por\u00e9m, nenhum dos dois v\u00e3o desfilar na Lapinha. Conforme fontes do Informe Baiano, o petista vai participar de um evento fechado na Arena Fonte Nova, \u00e0s 11h. J\u00e1 Bolsonaro vai sair do Dique do Toror\u00f3 com sua \u201cmotociata\u201d, \u00e0s 9h.<br \/>\n<strong><br \/>\n2. Compara\u00e7\u00e3o 2014 x 2022: <\/strong><\/p>\n<p><strong>2.1.<\/strong> O Informe Baiano fez alguns levantamentos sobre o cen\u00e1rio eleitoral desses dois momentos. Em 2014, assim como 2022, o PT contava com nomes desconhecidos do grande p\u00fablico. A diferen\u00e7a \u00e9 que o ent\u00e3o candidato ao governo Rui Costa, com a articula\u00e7\u00e3o de Jaques Wagner, contava com 23 prefeitos nas 30 maiores cidades. Em contrapartida, Paulo Souto, seu principal advers\u00e1rio, tinha apenas seis. L\u00eddice, que tamb\u00e9m disputou a elei\u00e7\u00e3o majorit\u00e1ria, contava com um.<\/p>\n<p><strong>2.2.<\/strong> Na elei\u00e7\u00e3o desse ano, o cen\u00e1rio \u00e9 completamente diferente. ACM Neto tem o apoio de 18 gestores nas 30 maiores cidades da Bahia e Jer\u00f4nimo conta com 9. J\u00e1 Jo\u00e3o Roma tem um apoio confirmado. H\u00e1 ainda dois gestores que a tend\u00eancia \u00e9 seguir com o pr\u00e9-candidato do Uni\u00e3o Brasil.<\/p>\n<p><strong>2.3.<\/strong> Portanto, no ano de 2014, apesar de Rui ser desconhecido, h\u00e1 claramente um desequil\u00edbrio pol\u00edtico. Somados aos prefeitos, o petista contava tamb\u00e9m com a m\u00e1quina federal, que tinha Dilma como candidata \u00e0 reelei\u00e7\u00e3o.<\/p>\n<p><strong>3.Prefeito Ninja:<\/strong> Pequeno Sales, de Catu, mostra a cada dia que \u00e9 um gestor desbloqueado e extremamente preocupado com o futuro do seu munic\u00edpio. Ele apoia para deputado federal os \u201csociais democr\u00e1ticos\u201d Paulo Magalh\u00e3es e Diego Coronel, o comunista Daniel Almeida e ainda vai dar uma lembran\u00e7a para Roberta Roma. Para governador, fecha com o bolsonarista Jo\u00e3o Roma, mas tamb\u00e9m n\u00e3o abre m\u00e3o do independente ACM Neto e do petista Jer\u00f4nimo Rodrigues. Sobre os pr\u00e9-candidatos ao Senado, Pequeno goza de excelente rela\u00e7\u00e3o com Cac\u00e1 Le\u00e3o, Otto Alencar e Ra\u00edssa Soares. Portanto, o homem tem voto para todo o mundo.<\/p>\n<p><strong>4. Portabilidades em alta:<\/strong> uma prefeita da regi\u00e3o do Sisal j\u00e1 liberou sua base eleitoral para conversar com o time de ACM Neto e dever\u00e1 declarar apoio ao pr\u00e9-candidato do Uni\u00e3o Brasil em julho. O mesmo acontece com um gestor da regi\u00e3o do Vale do Jiquiri\u00e7a.<\/p>\n<p><strong>5.Olha ele a\u00ed:<\/strong> L\u00facio Vieira Lima participou de um encontro multipartid\u00e1rio, na Fazenda Palmeira, em Amargosa, durante os festejos juninos. Lulista, o ex-gordel\u00edcia colocou na mesa o pr\u00e9-candidato ao governo Jo\u00e3o Roma e sua esposa Roberta; o deputado estadual netista Robinho; e o neobolsonarista Rosalvinho Sales. O presidente de honra do MDB, que j\u00e1 assinalou mais de 220 mil votos nas urnas, deve ajudar Rosalvinho discretamente com umas bases no interior. Em postagem no Instagram, L\u00facio assinalou que \u201cdepois de muitas ana\u0301lises fiquei feliz porque sair convencido que terei mais um amigo na Assembleia Legislativa e que sera\u0301 com toda certeza um grande parlamentar, o amigo Rosalvinho ou melhor, o DEPUTADO ROSALVO\u201d.<\/p>\n<p><strong>6. <\/strong>Um assessor parlamentar chamou esse colunista aten\u00e7\u00e3o para um detalhe que \u00e9 um dificultador para ACM Neto, o n\u00famero da campanha. \u201cAntes ele tinha o 25 na cabe\u00e7a que as pessoas j\u00e1 conhecem. Agora \u00e9 outro n\u00famero, o 44. Ele vai perder muito tempo na televis\u00e3o para martelar isso na cabe\u00e7a do povo, ao contr\u00e1rio do PT que tem o 13 e do PSOL que tem o 50. Roma com o 22 vai ter dificuldade, mas nem tanto porque ele tem um forte apoiador para presidente, que \u00e9 Jair Bolsonaro\u201d.<\/p>\n<p><strong>7. Fala povo\/M\u00e1rio de Juazeiro:<\/strong> \u201cHoje a gente ver o voto de Bolsonaro e antes n\u00e3o tinha. O PT vem perdendo a credibilidade. Aqui o PT perdeu a prefeitura e Suzana Ramos (PSDB) teve mais de 30 mil votos de frente contra Paulo Bonfim. E aqui ainda teve outro candidato forte, que foi Coronel Anselmo Bispo (ent\u00e3o DEM) com 12 mil votos. Ou seja, se n\u00e3o tivesse Coronel Anselmo seriam mais de 50 mil votos de frente. Fizeram um evento aqui e para colocar gente teve que trazer 10 \u00f4nibus de Sento S\u00e9\u201d.<\/p>\n<p><strong>8. Adriano Meireles, pr\u00e9-candidato a deputado estadual:<\/strong> \u201cEu sinceramente estou vendo o cen\u00e1rio melhorar mais ainda para ACM Neto. Eles est\u00e3o no mar esperando a onda ideal, mas a onda ideal j\u00e1 passou. O povo est\u00e1 dizendo que vai votar com Lula e Neto ou Bolsonaro e Neto. O povo n\u00e3o vai mais votar em time, n\u00e3o. O povo est\u00e1 muito consciente. Eu estou rodando a Bahia toda e esse \u00e9 o sentimento que tenho\u201d.<\/p>\n<p><strong>9. Benito Gama,<\/strong> que vai disputar mais uma vez o cargo de deputado federal, acredita que deve ficar na sexta posi\u00e7\u00e3o e garantir uma vaga na C\u00e2mara. O problema \u00e9 que seu partido, o PP, s\u00f3 deve eleger quatro federais.<\/p>\n<p><strong>10. Extremo Sul:<\/strong> Um prefeito que era coiote nos Estados Unidos tem chamado aten\u00e7\u00e3o pelas volumosas articula\u00e7\u00f5es atrav\u00e9s de um \u201cesquema cons\u00f3rcio\u201d. \u00c9 bom o Minist\u00e9rio P\u00fablico ficar ligar porque o neg\u00f3cio \u00e9 brabo e onde tem fuma\u00e7a h\u00e1 fogo<\/p>\n<p>Fonte: IB<\/p>\n","protected":false},"excerpt":{"rendered":"<p>1. Jair x Luiz: os dois pr\u00e9-candidatos a presidente que simbolizam a populariza\u00e7\u00e3o nacional v\u00e3o estar na Bahia nos festejos do 2 de Julho. Por\u00e9m, nenhum dos dois v\u00e3o desfilar na Lapinha. Conforme fontes do Informe Baiano, o petista vai participar de um evento fechado na Arena Fonte Nova, \u00e0s 11h. J\u00e1 Bolsonaro vai sair [&hellip;]<\/p>\n","protected":false},"author":1,"featured_media":38871,"comment_status":"closed","ping_status":"open","sticky":false,"template":"","format":"standard","meta":{"_uag_custom_page_level_css":"","_monsterinsights_skip_tracking":false,"_monsterinsights_sitenote_active":false,"_monsterinsights_sitenote_note":"","_monsterinsights_sitenote_category":0,"jetpack_post_was_ever_published":false,"_jetpack_newsletter_access":"","_jetpack_dont_email_post_to_subs":false,"_jetpack_newsletter_tier_id":0,"_jetpack_memberships_contains_paywalled_content":false,"_jetpack_memberships_contains_paid_content":false,"footnotes":"","jetpack_publicize_message":"","jetpack_publicize_feature_enabled":true,"jetpack_social_post_already_shared":true,"jetpack_social_options":{"image_generator_settings":{"template":"highway","default_image_id":0,"font":"","enabled":false},"version":2}},"categories":[197],"tags":[11,1327,1559],"class_list":["post-38870","post","type-post","status-publish","format-standard","has-post-thumbnail","hentry","category-politica","tag-bahia","tag-eleicoes-2022","tag-politica-2"],"jetpack_publicize_connections":[],"jetpack_featured_media_url":"https:\/\/blogopara.com.br\/wp-content\/uploads\/2022\/06\/BL.jpg","uagb_featured_image_src":{"full":["https:\/\/blogopara.com.br\/wp-content\/uploads\/2022\/06\/BL.jpg",500,500,false],"thumbnail":["https:\/\/blogopara.com.br\/wp-content\/uploads\/2022\/06\/BL-150x150.jpg",150,150,true],"medium":["https:\/\/blogopara.com.br\/wp-content\/uploads\/2022\/06\/BL-300x300.jpg",300,300,true],"medium_large":["https:\/\/blogopara.com.br\/wp-content\/uploads\/2022\/06\/BL.jpg",500,500,false],"large":["https:\/\/blogopara.com.br\/wp-content\/uploads\/2022\/06\/BL.jpg",500,500,false],"1536x1536":["https:\/\/blogopara.com.br\/wp-content\/uploads\/2022\/06\/BL.jpg",500,500,false],"2048x2048":["https:\/\/blogopara.com.br\/wp-content\/uploads\/2022\/06\/BL.jpg",500,500,false],"mantranews-slider-large":["https:\/\/blogopara.com.br\/wp-content\/uploads\/2022\/06\/BL.jpg",500,500,false],"mantranews-featured-medium":["https:\/\/blogopara.com.br\/wp-content\/uploads\/2022\/06\/BL-420x307.jpg",420,307,true],"mantranews-featured-long":["https:\/\/blogopara.com.br\/wp-content\/uploads\/2022\/06\/BL-300x443.jpg",300,443,true],"mantranews-block-medium":["https:\/\/blogopara.com.br\/wp-content\/uploads\/2022\/06\/BL-464x290.jpg",464,290,true],"mantranews-carousel-image":["https:\/\/blogopara.com.br\/wp-content\/uploads\/2022\/06\/BL.jpg",500,500,false],"mantranews-block-thumb":["https:\/\/blogopara.com.br\/wp-content\/uploads\/2022\/06\/BL-322x230.jpg",322,230,true],"mantranews-single-large":["https:\/\/blogopara.com.br\/wp-content\/uploads\/2022\/06\/BL.jpg",500,500,false]},"uagb_author_info":{"display_name":"Reda\u00e7\u00e3o geral","author_link":"https:\/\/blogopara.com.br\/index.php\/author\/blogopara"},"uagb_comment_info":0,"uagb_excerpt":"1. Jair x Luiz: os dois pr\u00e9-candidatos a presidente que simbolizam a populariza\u00e7\u00e3o nacional v\u00e3o estar na Bahia nos festejos do 2 de Julho. Por\u00e9m, nenhum dos dois v\u00e3o desfilar na Lapinha. Conforme fontes do Informe Baiano, o petista vai participar de um evento fechado na Arena Fonte Nova, \u00e0s 11h. J\u00e1 Bolsonaro vai sair&hellip;","jetpack_sharing_enabled":true,"jetpack_likes_enabled":true,"_links":{"self":[{"href":"https:\/\/blogopara.com.br\/index.php\/wp-json\/wp\/v2\/posts\/38870","targetHints":{"allow":["GET"]}}],"collection":[{"href":"https:\/\/blogopara.com.br\/index.php\/wp-json\/wp\/v2\/posts"}],"about":[{"href":"https:\/\/blogopara.com.br\/index.php\/wp-json\/wp\/v2\/types\/post"}],"author":[{"embeddable":true,"href":"https:\/\/blogopara.com.br\/index.php\/wp-json\/wp\/v2\/users\/1"}],"replies":[{"embeddable":true,"href":"https:\/\/blogopara.com.br\/index.php\/wp-json\/wp\/v2\/comments?post=38870"}],"version-history":[{"count":2,"href":"https:\/\/blogopara.com.br\/index.php\/wp-json\/wp\/v2\/posts\/38870\/revisions"}],"predecessor-version":[{"id":38873,"href":"https:\/\/blogopara.com.br\/index.php\/wp-json\/wp\/v2\/posts\/38870\/revisions\/38873"}],"wp:featuredmedia":[{"embeddable":true,"href":"https:\/\/blogopara.com.br\/index.php\/wp-json\/wp\/v2\/media\/38871"}],"wp:attachment":[{"href":"https:\/\/blogopara.com.br\/index.php\/wp-json\/wp\/v2\/media?parent=38870"}],"wp:term":[{"taxonomy":"category","embeddable":true,"href":"https:\/\/blogopara.com.br\/index.php\/wp-json\/wp\/v2\/categories?post=38870"},{"taxonomy":"post_tag","embeddable":true,"href":"https:\/\/blogopara.com.br\/index.php\/wp-json\/wp\/v2\/tags?post=38870"}],"curies":[{"name":"wp","href":"https:\/\/api.w.org\/{rel}","templated":true}]}}