{"id":38878,"date":"2022-06-27T18:30:00","date_gmt":"2022-06-27T21:30:00","guid":{"rendered":"https:\/\/blogopara.com.br\/?p=38878"},"modified":"2022-06-27T18:51:56","modified_gmt":"2022-06-27T21:51:56","slug":"inscricoes-para-o-sisu-comecam-amanha-28","status":"publish","type":"post","link":"https:\/\/blogopara.com.br\/index.php\/2022\/06\/27\/inscricoes-para-o-sisu-comecam-amanha-28","title":{"rendered":"Inscri\u00e7\u00f5es para o Sisu come\u00e7am nesta ter\u00e7a-feira, (28)"},"content":{"rendered":"<div class=\"post-item-wrap\">\n<p>Come\u00e7am nesta ter\u00e7a-feira (28) as inscri\u00e7\u00f5es para o segundo processo seletivo de 2022 do Sistema de Sele\u00e7\u00e3o Unificada (Sisu). Os candidatos \u00e0s vagas que ser\u00e3o oferecidas pelas institui\u00e7\u00f5es p\u00fablicas de ensino superior dever\u00e3o ficar atentos porque o prazo \u00e9 curto, e terminar\u00e1 no dia 1\u00ba de julho.<img decoding=\"async\" src=\"https:\/\/agenciabrasil.ebc.com.br\/ebc.png?id=1467826&amp;o=node\"><img decoding=\"async\" src=\"https:\/\/agenciabrasil.ebc.com.br\/ebc.gif?id=1467826&amp;o=node\"><\/p>\n<p>A consulta para as vagas neste segundo processo seletivo teve in\u00edcio no dia 15, por meio do Portal \u00danico de Acesso ao Ensino Superior. Para acess\u00e1-lo, clique <a href=\"https:\/\/acessounico.mec.gov.br\/\" target=\"_blank\" rel=\"noopener\">aqui<\/a>.<\/p>\n<p>Por meio da consulta, \u00e9 poss\u00edvel visualizar as vagas ofertadas por modalidade de concorr\u00eancia, cursos e turnos, institui\u00e7\u00f5es e localiza\u00e7\u00e3o dos cursos. Tamb\u00e9m \u00e9 poss\u00edvel acessar a \u00edntegra do documento de ades\u00e3o de cada uma das institui\u00e7\u00f5es que aderiram ao Sisu.<\/p>\n<p>O Sisu \u00e9 o sistema informatizado do Minist\u00e9rio da Educa\u00e7\u00e3o (MEC) no qual as institui\u00e7\u00f5es p\u00fablicas de educa\u00e7\u00e3o superior, sejam elas federais, estaduais ou municipais, oferecem vagas a serem disputadas por candidatos inscritos em cada edi\u00e7\u00e3o da sele\u00e7\u00e3o.<\/p>\n<h2>Exig\u00eancia<\/h2>\n<p>Para participar do Sisu ser\u00e1 exigido do candidato que tenha realizado o Exame Nacional do Ensino M\u00e9dio (Enem), edi\u00e7\u00e3o de 2021, obtido nota superior a zero na prova de reda\u00e7\u00e3o e n\u00e3o tenha participado do Enem na condi\u00e7\u00e3o de treineiro.<\/p>\n<p>O resultado do processo seletivo ser\u00e1 divulgado no dia 6 de julho. A matr\u00edcula ou registro acad\u00eamico devem ser feitos de 13 a 18 de julho. J\u00e1 o prazo para os interessados manifestarem interesse em participar da lista de espera ser\u00e1 de 6 a 18 de julho.<\/p>\n<p>Os candidatos s\u00e3o selecionados para as op\u00e7\u00f5es de cursos indicados no ato de inscri\u00e7\u00e3o, de acordo com a melhor classifica\u00e7\u00e3o de nota obtida na edi\u00e7\u00e3o mais recente do Enem, que, nesta edi\u00e7\u00e3o, ser\u00e1 a de 2021.<\/p>\n<p>Ag\u00eancia Brasil<\/p>\n<\/div>\n","protected":false},"excerpt":{"rendered":"<p>Come\u00e7am nesta ter\u00e7a-feira (28) as inscri\u00e7\u00f5es para o segundo processo seletivo de 2022 do Sistema de Sele\u00e7\u00e3o Unificada (Sisu). Os candidatos \u00e0s vagas que ser\u00e3o oferecidas pelas institui\u00e7\u00f5es p\u00fablicas de ensino superior dever\u00e3o ficar atentos porque o prazo \u00e9 curto, e terminar\u00e1 no dia 1\u00ba de julho. A consulta para as vagas neste segundo processo [&hellip;]<\/p>\n","protected":false},"author":1,"featured_media":38879,"comment_status":"closed","ping_status":"open","sticky":false,"template":"","format":"standard","meta":{"_uag_custom_page_level_css":"","_monsterinsights_skip_tracking":false,"_monsterinsights_sitenote_active":false,"_monsterinsights_sitenote_note":"","_monsterinsights_sitenote_category":0,"jetpack_post_was_ever_published":false,"_jetpack_newsletter_access":"","_jetpack_dont_email_post_to_subs":false,"_jetpack_newsletter_tier_id":0,"_jetpack_memberships_contains_paywalled_content":false,"_jetpack_memberships_contains_paid_content":false,"footnotes":"","jetpack_publicize_message":"","jetpack_publicize_feature_enabled":true,"jetpack_social_post_already_shared":true,"jetpack_social_options":{"image_generator_settings":{"template":"highway","default_image_id":0,"font":"","enabled":false},"version":2}},"categories":[209],"tags":[2757,2421],"class_list":["post-38878","post","type-post","status-publish","format-standard","has-post-thumbnail","hentry","category-educacao","tag-educacao","tag-sisu"],"jetpack_publicize_connections":[],"jetpack_featured_media_url":"https:\/\/blogopara.com.br\/wp-content\/uploads\/2022\/06\/sisu.jpg","uagb_featured_image_src":{"full":["https:\/\/blogopara.com.br\/wp-content\/uploads\/2022\/06\/sisu.jpg",500,500,false],"thumbnail":["https:\/\/blogopara.com.br\/wp-content\/uploads\/2022\/06\/sisu-150x150.jpg",150,150,true],"medium":["https:\/\/blogopara.com.br\/wp-content\/uploads\/2022\/06\/sisu-300x300.jpg",300,300,true],"medium_large":["https:\/\/blogopara.com.br\/wp-content\/uploads\/2022\/06\/sisu.jpg",500,500,false],"large":["https:\/\/blogopara.com.br\/wp-content\/uploads\/2022\/06\/sisu.jpg",500,500,false],"1536x1536":["https:\/\/blogopara.com.br\/wp-content\/uploads\/2022\/06\/sisu.jpg",500,500,false],"2048x2048":["https:\/\/blogopara.com.br\/wp-content\/uploads\/2022\/06\/sisu.jpg",500,500,false],"mantranews-slider-large":["https:\/\/blogopara.com.br\/wp-content\/uploads\/2022\/06\/sisu.jpg",500,500,false],"mantranews-featured-medium":["https:\/\/blogopara.com.br\/wp-content\/uploads\/2022\/06\/sisu-420x307.jpg",420,307,true],"mantranews-featured-long":["https:\/\/blogopara.com.br\/wp-content\/uploads\/2022\/06\/sisu-300x443.jpg",300,443,true],"mantranews-block-medium":["https:\/\/blogopara.com.br\/wp-content\/uploads\/2022\/06\/sisu-464x290.jpg",464,290,true],"mantranews-carousel-image":["https:\/\/blogopara.com.br\/wp-content\/uploads\/2022\/06\/sisu.jpg",500,500,false],"mantranews-block-thumb":["https:\/\/blogopara.com.br\/wp-content\/uploads\/2022\/06\/sisu-322x230.jpg",322,230,true],"mantranews-single-large":["https:\/\/blogopara.com.br\/wp-content\/uploads\/2022\/06\/sisu.jpg",500,500,false]},"uagb_author_info":{"display_name":"Reda\u00e7\u00e3o geral","author_link":"https:\/\/blogopara.com.br\/index.php\/author\/blogopara"},"uagb_comment_info":0,"uagb_excerpt":"Come\u00e7am nesta ter\u00e7a-feira (28) as inscri\u00e7\u00f5es para o segundo processo seletivo de 2022 do Sistema de Sele\u00e7\u00e3o Unificada (Sisu). Os candidatos \u00e0s vagas que ser\u00e3o oferecidas pelas institui\u00e7\u00f5es p\u00fablicas de ensino superior dever\u00e3o ficar atentos porque o prazo \u00e9 curto, e terminar\u00e1 no dia 1\u00ba de julho. A consulta para as vagas neste segundo processo&hellip;","jetpack_sharing_enabled":true,"jetpack_likes_enabled":true,"_links":{"self":[{"href":"https:\/\/blogopara.com.br\/index.php\/wp-json\/wp\/v2\/posts\/38878","targetHints":{"allow":["GET"]}}],"collection":[{"href":"https:\/\/blogopara.com.br\/index.php\/wp-json\/wp\/v2\/posts"}],"about":[{"href":"https:\/\/blogopara.com.br\/index.php\/wp-json\/wp\/v2\/types\/post"}],"author":[{"embeddable":true,"href":"https:\/\/blogopara.com.br\/index.php\/wp-json\/wp\/v2\/users\/1"}],"replies":[{"embeddable":true,"href":"https:\/\/blogopara.com.br\/index.php\/wp-json\/wp\/v2\/comments?post=38878"}],"version-history":[{"count":4,"href":"https:\/\/blogopara.com.br\/index.php\/wp-json\/wp\/v2\/posts\/38878\/revisions"}],"predecessor-version":[{"id":38883,"href":"https:\/\/blogopara.com.br\/index.php\/wp-json\/wp\/v2\/posts\/38878\/revisions\/38883"}],"wp:featuredmedia":[{"embeddable":true,"href":"https:\/\/blogopara.com.br\/index.php\/wp-json\/wp\/v2\/media\/38879"}],"wp:attachment":[{"href":"https:\/\/blogopara.com.br\/index.php\/wp-json\/wp\/v2\/media?parent=38878"}],"wp:term":[{"taxonomy":"category","embeddable":true,"href":"https:\/\/blogopara.com.br\/index.php\/wp-json\/wp\/v2\/categories?post=38878"},{"taxonomy":"post_tag","embeddable":true,"href":"https:\/\/blogopara.com.br\/index.php\/wp-json\/wp\/v2\/tags?post=38878"}],"curies":[{"name":"wp","href":"https:\/\/api.w.org\/{rel}","templated":true}]}}