{"id":38887,"date":"2022-06-28T07:45:00","date_gmt":"2022-06-28T10:45:00","guid":{"rendered":"https:\/\/blogopara.com.br\/?p=38887"},"modified":"2022-06-27T19:07:35","modified_gmt":"2022-06-27T22:07:35","slug":"prefeitura-de-juazeiro-reforca-vacinacao-contra-covid-19-nas-ubss-confira-os-pontos","status":"publish","type":"post","link":"https:\/\/blogopara.com.br\/index.php\/2022\/06\/28\/prefeitura-de-juazeiro-reforca-vacinacao-contra-covid-19-nas-ubss-confira-os-pontos","title":{"rendered":"Prefeitura de Juazeiro refor\u00e7a vacina\u00e7\u00e3o contra Covid-19 nas UBSs; confira os pontos"},"content":{"rendered":"<p class=\"x_MsoNormal\" style=\"text-align: justify;\">A partir desta ter\u00e7a-feira (28) a vacina\u00e7\u00e3o contra a Covid-19 vai ser refor\u00e7ada nas Unidades B\u00e1sicas de Sa\u00fade (UBSs) de Juazeiro. A estrat\u00e9gia da Prefeitura, atrav\u00e9s da Secretaria de Sa\u00fade (Sesau), \u00e9 ampliar a vacina\u00e7\u00e3o para as unidades, tornando estes pontos fixos para a aplica\u00e7\u00e3o desta vacina. Confira as unidades:<\/p>\n<p class=\"x_MsoNormal\" style=\"text-align: justify;\">UBSs Penha\/ Jardim Vit\u00f3ria, Jardim Fl\u00f3rida, Maring\u00e1, Palmares, Quid\u00e9, Santo Ant\u00f4nio, Alto da Alian\u00e7a, Caic, CSU, Dom Tom\u00e1s, Jo\u00e3o XXIII, Ant\u00f4nio Guilhermino, Jo\u00e3o Paulo II, Residencial Juazeiro, Tabuleiro, Alagadi\u00e7o, Alto da Maravilha, Angari,&nbsp; Novo Encontro, S\u00e3o Geraldo e Vila Jacar\u00e9.<\/p>\n<p class=\"x_MsoNormal\" style=\"text-align: justify;\">A vacina\u00e7\u00e3o dever\u00e1 ocorrer no hor\u00e1rio de funcionamento das UBSs. Na zona rural tamb\u00e9m \u00e9 realizada mediante organiza\u00e7\u00e3o da equipe da unidade junto \u00e0 comunidade.<\/p>\n<p class=\"x_MsoNormal\" style=\"text-align: justify;\">Al\u00e9m das UBSs, tamb\u00e9m h\u00e1 vacina\u00e7\u00e3o nos tr\u00eas pontos volantes: Ju\u00e1 Garden Shopping, das 10h \u00e0s 16h e na Uneb e Unibras, das 8h30 \u00e0s 14h.<\/p>\n<p class=\"x_MsoNormal\" style=\"text-align: justify;\">Os locais possuem primeira dose e segunda dose a partir de 5 anos, dose de refor\u00e7o a partir de 12 anos e quarta dose para popula\u00e7\u00e3o imunossuprimida, pessoas a partir de 40 anos e trabalhadores da sa\u00fade. O intervalo da dose de refor\u00e7o \u00e9 de 4 meses em rela\u00e7\u00e3o \u00e0 segunda dose. O intervalo da quarta dose \u00e9 de 4 meses em rela\u00e7\u00e3o \u00e0 dose de refor\u00e7o.<\/p>\n<p class=\"x_MsoNormal\" style=\"text-align: justify;\"><b>Documentos<\/b><\/p>\n<p class=\"x_MsoNormal\" style=\"text-align: justify;\">\u00c9 preciso levar RG, CPF ou cart\u00e3o SUS e cart\u00e3o de vacina. Pessoas imunossuprimidas precisam levar original e c\u00f3pia do laudo m\u00e9dico. Profissionais de sa\u00fade precisam apresentar documentos que comprovem o v\u00ednculo profissional ativo.<\/p>\n<p class=\"x_MsoNormal\" style=\"text-align: justify;\">Crian\u00e7as devem estar acompanhadas do pai ou da m\u00e3e. No caso de estar com outro respons\u00e1vel, \u00e9 necess\u00e1rio que pai ou m\u00e3e emita uma autoriza\u00e7\u00e3o impressa e assinada.<\/p>\n\n\n<p>Ascom Sesau\/PMJ<\/p>\n","protected":false},"excerpt":{"rendered":"<p>A partir desta ter\u00e7a-feira (28) a vacina\u00e7\u00e3o contra a Covid-19 vai ser refor\u00e7ada nas Unidades B\u00e1sicas de Sa\u00fade (UBSs) de Juazeiro. A estrat\u00e9gia da Prefeitura, atrav\u00e9s da Secretaria de Sa\u00fade (Sesau), \u00e9 ampliar a vacina\u00e7\u00e3o para as unidades, tornando estes pontos fixos para a aplica\u00e7\u00e3o desta vacina. Confira as unidades: UBSs Penha\/ Jardim Vit\u00f3ria, Jardim [&hellip;]<\/p>\n","protected":false},"author":1,"featured_media":26393,"comment_status":"closed","ping_status":"open","sticky":false,"template":"","format":"standard","meta":{"_uag_custom_page_level_css":"","_monsterinsights_skip_tracking":false,"_monsterinsights_sitenote_active":false,"_monsterinsights_sitenote_note":"","_monsterinsights_sitenote_category":0,"jetpack_post_was_ever_published":false,"_jetpack_newsletter_access":"","_jetpack_dont_email_post_to_subs":false,"_jetpack_newsletter_tier_id":0,"_jetpack_memberships_contains_paywalled_content":false,"_jetpack_memberships_contains_paid_content":false,"footnotes":"","jetpack_publicize_message":"","jetpack_publicize_feature_enabled":true,"jetpack_social_post_already_shared":true,"jetpack_social_options":{"image_generator_settings":{"template":"highway","default_image_id":0,"font":"","enabled":false},"version":2}},"categories":[205],"tags":[1483,2706],"class_list":["post-38887","post","type-post","status-publish","format-standard","has-post-thumbnail","hentry","category-saude","tag-covid-19","tag-saude"],"jetpack_publicize_connections":[],"jetpack_featured_media_url":"https:\/\/blogopara.com.br\/wp-content\/uploads\/2021\/07\/vacina-1.jpeg","uagb_featured_image_src":{"full":["https:\/\/blogopara.com.br\/wp-content\/uploads\/2021\/07\/vacina-1.jpeg",500,333,false],"thumbnail":["https:\/\/blogopara.com.br\/wp-content\/uploads\/2021\/07\/vacina-1-150x150.jpeg",150,150,true],"medium":["https:\/\/blogopara.com.br\/wp-content\/uploads\/2021\/07\/vacina-1-300x200.jpeg",300,200,true],"medium_large":["https:\/\/blogopara.com.br\/wp-content\/uploads\/2021\/07\/vacina-1.jpeg",500,333,false],"large":["https:\/\/blogopara.com.br\/wp-content\/uploads\/2021\/07\/vacina-1.jpeg",500,333,false],"1536x1536":["https:\/\/blogopara.com.br\/wp-content\/uploads\/2021\/07\/vacina-1.jpeg",500,333,false],"2048x2048":["https:\/\/blogopara.com.br\/wp-content\/uploads\/2021\/07\/vacina-1.jpeg",500,333,false],"mantranews-slider-large":["https:\/\/blogopara.com.br\/wp-content\/uploads\/2021\/07\/vacina-1.jpeg",500,333,false],"mantranews-featured-medium":["https:\/\/blogopara.com.br\/wp-content\/uploads\/2021\/07\/vacina-1-420x307.jpeg",420,307,true],"mantranews-featured-long":["https:\/\/blogopara.com.br\/wp-content\/uploads\/2021\/07\/vacina-1-300x333.jpeg",300,333,true],"mantranews-block-medium":["https:\/\/blogopara.com.br\/wp-content\/uploads\/2021\/07\/vacina-1-464x290.jpeg",464,290,true],"mantranews-carousel-image":["https:\/\/blogopara.com.br\/wp-content\/uploads\/2021\/07\/vacina-1.jpeg",500,333,false],"mantranews-block-thumb":["https:\/\/blogopara.com.br\/wp-content\/uploads\/2021\/07\/vacina-1-322x230.jpeg",322,230,true],"mantranews-single-large":["https:\/\/blogopara.com.br\/wp-content\/uploads\/2021\/07\/vacina-1.jpeg",500,333,false]},"uagb_author_info":{"display_name":"Reda\u00e7\u00e3o geral","author_link":"https:\/\/blogopara.com.br\/index.php\/author\/blogopara"},"uagb_comment_info":0,"uagb_excerpt":"A partir desta ter\u00e7a-feira (28) a vacina\u00e7\u00e3o contra a Covid-19 vai ser refor\u00e7ada nas Unidades B\u00e1sicas de Sa\u00fade (UBSs) de Juazeiro. A estrat\u00e9gia da Prefeitura, atrav\u00e9s da Secretaria de Sa\u00fade (Sesau), \u00e9 ampliar a vacina\u00e7\u00e3o para as unidades, tornando estes pontos fixos para a aplica\u00e7\u00e3o desta vacina. Confira as unidades: UBSs Penha\/ Jardim Vit\u00f3ria, Jardim&hellip;","jetpack_sharing_enabled":true,"jetpack_likes_enabled":true,"_links":{"self":[{"href":"https:\/\/blogopara.com.br\/index.php\/wp-json\/wp\/v2\/posts\/38887","targetHints":{"allow":["GET"]}}],"collection":[{"href":"https:\/\/blogopara.com.br\/index.php\/wp-json\/wp\/v2\/posts"}],"about":[{"href":"https:\/\/blogopara.com.br\/index.php\/wp-json\/wp\/v2\/types\/post"}],"author":[{"embeddable":true,"href":"https:\/\/blogopara.com.br\/index.php\/wp-json\/wp\/v2\/users\/1"}],"replies":[{"embeddable":true,"href":"https:\/\/blogopara.com.br\/index.php\/wp-json\/wp\/v2\/comments?post=38887"}],"version-history":[{"count":3,"href":"https:\/\/blogopara.com.br\/index.php\/wp-json\/wp\/v2\/posts\/38887\/revisions"}],"predecessor-version":[{"id":38890,"href":"https:\/\/blogopara.com.br\/index.php\/wp-json\/wp\/v2\/posts\/38887\/revisions\/38890"}],"wp:featuredmedia":[{"embeddable":true,"href":"https:\/\/blogopara.com.br\/index.php\/wp-json\/wp\/v2\/media\/26393"}],"wp:attachment":[{"href":"https:\/\/blogopara.com.br\/index.php\/wp-json\/wp\/v2\/media?parent=38887"}],"wp:term":[{"taxonomy":"category","embeddable":true,"href":"https:\/\/blogopara.com.br\/index.php\/wp-json\/wp\/v2\/categories?post=38887"},{"taxonomy":"post_tag","embeddable":true,"href":"https:\/\/blogopara.com.br\/index.php\/wp-json\/wp\/v2\/tags?post=38887"}],"curies":[{"name":"wp","href":"https:\/\/api.w.org\/{rel}","templated":true}]}}