{"id":38895,"date":"2022-06-27T20:05:00","date_gmt":"2022-06-27T23:05:00","guid":{"rendered":"https:\/\/blogopara.com.br\/?p=38895"},"modified":"2022-06-27T19:25:05","modified_gmt":"2022-06-27T22:25:05","slug":"prefeitura-de-juazeiro-divulga-cronograma-semanal-da-vacinacao-itinerante-contra-a-covid-19","status":"publish","type":"post","link":"https:\/\/blogopara.com.br\/index.php\/2022\/06\/27\/prefeitura-de-juazeiro-divulga-cronograma-semanal-da-vacinacao-itinerante-contra-a-covid-19","title":{"rendered":"Prefeitura de Juazeiro divulga cronograma semanal da vacina\u00e7\u00e3o itinerante contra a Covid-19"},"content":{"rendered":"<p class=\"x_MsoNormal\" style=\"text-align: justify;\">A Prefeitura de Juazeiro, atrav\u00e9s da Secretaria de Sa\u00fade, divulgou o cronograma de vacina\u00e7\u00e3o itinerante contra a Covid-19. Confira a programa\u00e7\u00e3o desta semana:<\/p>\n<p class=\"x_MsoNormal\" style=\"text-align: justify;\">Nesta ter\u00e7a-feira (28), a unidade m\u00f3vel estar\u00e1 no distrito de Mani\u00e7oba II, em frente \u00e0 Unidade B\u00e1sica de Sa\u00fade (UBS).<\/p>\n<p class=\"x_MsoNormal\" style=\"text-align: justify;\">Na quarta-feira (29), a vacina\u00e7\u00e3o itinerante estar\u00e1 na Mani\u00e7oba I A, em frente \u00e0 UBS.<\/p>\n<p class=\"x_MsoNormal\" style=\"text-align: justify;\">Na quinta-feira (30), ser\u00e1 no distrito de Mandacaru II, tamb\u00e9m em frente \u00e0 UBS da comunidade.<\/p>\n<p class=\"x_MsoNormal\" style=\"text-align: justify;\">E na sexta-feira (01), Campos ser\u00e1 a comunidade atendida.<\/p>\n<p class=\"x_MsoNormal\" style=\"text-align: justify;\">Em todos os locais a vacina\u00e7\u00e3o ser\u00e1 a partir das 9h at\u00e9 encerrarem as doses. Ser\u00e3o disponibilizadas 150 doses por dia. Haver\u00e1 primeira dose, segunda dose, dose de refor\u00e7o e quarta dose.<\/p>\n<p class=\"x_MsoNormal\" style=\"text-align: justify;\"><b>Documentos<\/b><\/p>\n<p class=\"x_MsoNormal\" style=\"text-align: justify;\">\u00c9 preciso levar RG, CPF ou cart\u00e3o SUS e cart\u00e3o de vacina. Pessoas imunossuprimidas precisam levar original e c\u00f3pia do laudo m\u00e9dico. Profissionais de sa\u00fade precisam apresentar documentos que comprovem o v\u00ednculo profissional ativo. Crian\u00e7as devem estar acompanhadas do pai ou da m\u00e3e. No caso de estar com outro respons\u00e1vel, \u00e9 necess\u00e1rio que pai ou m\u00e3e emita uma autoriza\u00e7\u00e3o impressa e assinada. A dose de refor\u00e7o \u00e9 destinada para pessoas a partir de 12 anos que j\u00e1 tenham 4 meses de intervalo em rela\u00e7\u00e3o \u00e0 segunda dose. A quarta dose de imunossuprimidos, pessoas a partir de 40 anos e profissionais da sa\u00fade, deve ser aplicada com 4 meses de intervalo em rela\u00e7\u00e3o \u00e0 dose de refor\u00e7o.<\/p>\n<p class=\"x_MsoNormal\" style=\"text-align: justify;\">Ascom Sesau\/PMJ<\/p>\n","protected":false},"excerpt":{"rendered":"<p>A Prefeitura de Juazeiro, atrav\u00e9s da Secretaria de Sa\u00fade, divulgou o cronograma de vacina\u00e7\u00e3o itinerante contra a Covid-19. Confira a programa\u00e7\u00e3o desta semana: Nesta ter\u00e7a-feira (28), a unidade m\u00f3vel estar\u00e1 no distrito de Mani\u00e7oba II, em frente \u00e0 Unidade B\u00e1sica de Sa\u00fade (UBS). Na quarta-feira (29), a vacina\u00e7\u00e3o itinerante estar\u00e1 na Mani\u00e7oba I A, em [&hellip;]<\/p>\n","protected":false},"author":1,"featured_media":25284,"comment_status":"closed","ping_status":"open","sticky":false,"template":"","format":"standard","meta":{"_uag_custom_page_level_css":"","_monsterinsights_skip_tracking":false,"_monsterinsights_sitenote_active":false,"_monsterinsights_sitenote_note":"","_monsterinsights_sitenote_category":0,"jetpack_post_was_ever_published":false,"_jetpack_newsletter_access":"","_jetpack_dont_email_post_to_subs":false,"_jetpack_newsletter_tier_id":0,"_jetpack_memberships_contains_paywalled_content":false,"_jetpack_memberships_contains_paid_content":false,"footnotes":"","jetpack_publicize_message":"","jetpack_publicize_feature_enabled":true,"jetpack_social_post_already_shared":true,"jetpack_social_options":{"image_generator_settings":{"template":"highway","default_image_id":0,"font":"","enabled":false},"version":2}},"categories":[205],"tags":[536,5630],"class_list":["post-38895","post","type-post","status-publish","format-standard","has-post-thumbnail","hentry","category-saude","tag-sesau","tag-vacina-contra-covid-19"],"jetpack_publicize_connections":[],"jetpack_featured_media_url":"https:\/\/blogopara.com.br\/wp-content\/uploads\/2021\/07\/vacina-covid-19.jpeg","uagb_featured_image_src":{"full":["https:\/\/blogopara.com.br\/wp-content\/uploads\/2021\/07\/vacina-covid-19.jpeg",500,333,false],"thumbnail":["https:\/\/blogopara.com.br\/wp-content\/uploads\/2021\/07\/vacina-covid-19-150x150.jpeg",150,150,true],"medium":["https:\/\/blogopara.com.br\/wp-content\/uploads\/2021\/07\/vacina-covid-19-300x200.jpeg",300,200,true],"medium_large":["https:\/\/blogopara.com.br\/wp-content\/uploads\/2021\/07\/vacina-covid-19.jpeg",500,333,false],"large":["https:\/\/blogopara.com.br\/wp-content\/uploads\/2021\/07\/vacina-covid-19.jpeg",500,333,false],"1536x1536":["https:\/\/blogopara.com.br\/wp-content\/uploads\/2021\/07\/vacina-covid-19.jpeg",500,333,false],"2048x2048":["https:\/\/blogopara.com.br\/wp-content\/uploads\/2021\/07\/vacina-covid-19.jpeg",500,333,false],"mantranews-slider-large":["https:\/\/blogopara.com.br\/wp-content\/uploads\/2021\/07\/vacina-covid-19.jpeg",500,333,false],"mantranews-featured-medium":["https:\/\/blogopara.com.br\/wp-content\/uploads\/2021\/07\/vacina-covid-19-420x307.jpeg",420,307,true],"mantranews-featured-long":["https:\/\/blogopara.com.br\/wp-content\/uploads\/2021\/07\/vacina-covid-19-300x333.jpeg",300,333,true],"mantranews-block-medium":["https:\/\/blogopara.com.br\/wp-content\/uploads\/2021\/07\/vacina-covid-19-464x290.jpeg",464,290,true],"mantranews-carousel-image":["https:\/\/blogopara.com.br\/wp-content\/uploads\/2021\/07\/vacina-covid-19.jpeg",500,333,false],"mantranews-block-thumb":["https:\/\/blogopara.com.br\/wp-content\/uploads\/2021\/07\/vacina-covid-19-322x230.jpeg",322,230,true],"mantranews-single-large":["https:\/\/blogopara.com.br\/wp-content\/uploads\/2021\/07\/vacina-covid-19.jpeg",500,333,false]},"uagb_author_info":{"display_name":"Reda\u00e7\u00e3o geral","author_link":"https:\/\/blogopara.com.br\/index.php\/author\/blogopara"},"uagb_comment_info":0,"uagb_excerpt":"A Prefeitura de Juazeiro, atrav\u00e9s da Secretaria de Sa\u00fade, divulgou o cronograma de vacina\u00e7\u00e3o itinerante contra a Covid-19. Confira a programa\u00e7\u00e3o desta semana: Nesta ter\u00e7a-feira (28), a unidade m\u00f3vel estar\u00e1 no distrito de Mani\u00e7oba II, em frente \u00e0 Unidade B\u00e1sica de Sa\u00fade (UBS). Na quarta-feira (29), a vacina\u00e7\u00e3o itinerante estar\u00e1 na Mani\u00e7oba I A, em&hellip;","jetpack_sharing_enabled":true,"jetpack_likes_enabled":true,"_links":{"self":[{"href":"https:\/\/blogopara.com.br\/index.php\/wp-json\/wp\/v2\/posts\/38895","targetHints":{"allow":["GET"]}}],"collection":[{"href":"https:\/\/blogopara.com.br\/index.php\/wp-json\/wp\/v2\/posts"}],"about":[{"href":"https:\/\/blogopara.com.br\/index.php\/wp-json\/wp\/v2\/types\/post"}],"author":[{"embeddable":true,"href":"https:\/\/blogopara.com.br\/index.php\/wp-json\/wp\/v2\/users\/1"}],"replies":[{"embeddable":true,"href":"https:\/\/blogopara.com.br\/index.php\/wp-json\/wp\/v2\/comments?post=38895"}],"version-history":[{"count":1,"href":"https:\/\/blogopara.com.br\/index.php\/wp-json\/wp\/v2\/posts\/38895\/revisions"}],"predecessor-version":[{"id":38896,"href":"https:\/\/blogopara.com.br\/index.php\/wp-json\/wp\/v2\/posts\/38895\/revisions\/38896"}],"wp:featuredmedia":[{"embeddable":true,"href":"https:\/\/blogopara.com.br\/index.php\/wp-json\/wp\/v2\/media\/25284"}],"wp:attachment":[{"href":"https:\/\/blogopara.com.br\/index.php\/wp-json\/wp\/v2\/media?parent=38895"}],"wp:term":[{"taxonomy":"category","embeddable":true,"href":"https:\/\/blogopara.com.br\/index.php\/wp-json\/wp\/v2\/categories?post=38895"},{"taxonomy":"post_tag","embeddable":true,"href":"https:\/\/blogopara.com.br\/index.php\/wp-json\/wp\/v2\/tags?post=38895"}],"curies":[{"name":"wp","href":"https:\/\/api.w.org\/{rel}","templated":true}]}}