{"id":38938,"date":"2022-06-29T11:45:00","date_gmt":"2022-06-29T14:45:00","guid":{"rendered":"https:\/\/blogopara.com.br\/?p=38938"},"modified":"2022-06-29T08:22:53","modified_gmt":"2022-06-29T11:22:53","slug":"juazeiro-vai-receber-o-encontro-do-pl-mulher-nesta-quinta-feira-30","status":"publish","type":"post","link":"https:\/\/blogopara.com.br\/index.php\/2022\/06\/29\/juazeiro-vai-receber-o-encontro-do-pl-mulher-nesta-quinta-feira-30","title":{"rendered":"Juazeiro vai receber o Encontro do PL Mulher nesta Quinta Feira, (30)"},"content":{"rendered":"<p id=\"viewer-fhhb1\" class=\"mm8Nw _1j-51 iWv3d _1FoOD _78FBa b+iTF iWv3d public-DraftStyleDefault-block-depth0 fixed-tab-size public-DraftStyleDefault-text-ltr\" style=\"text-align: justify;\"><span class=\"_2PHJq public-DraftStyleDefault-ltr\">Nesta quinta-feira, 30, o Partido Liberal do Brasil \u2013 PL vai realizar em Juazeiro um evento dedicado \u00e0 participa\u00e7\u00e3o das mulheres na pol\u00edtica. O Cartaz da Cidade entrou em contato com a m\u00e9dica Dra. Raissa Soares, presidente estadual do PL Mulher-Bahia, atrav\u00e9s do Pastor e escritor Geraldo Soares, seu esposo, para saber mais informa\u00e7\u00f5es sobre o encontro. <\/span><\/p>\n<p id=\"viewer-6si7n\" class=\"mm8Nw _1j-51 iWv3d _1FoOD _78FBa b+iTF iWv3d public-DraftStyleDefault-block-depth0 fixed-tab-size public-DraftStyleDefault-text-ltr\" style=\"text-align: justify;\"><span class=\"_2PHJq public-DraftStyleDefault-ltr\">A Dra. Raissa Soares (PL) \u00e9 candidata ao Senado na Bahia pelo PL, j\u00e1 ocupou o cargo de Secret\u00e1ria de Sa\u00fade de Porto Seguro e foi uma grande defensora na luta contra a Covid-19. O Doutor em Teologia Geraldo Soares \u00e9 candidato a Deputado Federal, tamb\u00e9m pelo PL, e o casal integra a chapa do ex-Ministro Jo\u00e3o Roma, candidato ao governo da Bahia.<\/span><\/p>\n<p id=\"viewer-3jvcg\" class=\"mm8Nw _1j-51 iWv3d _1FoOD _78FBa b+iTF iWv3d public-DraftStyleDefault-block-depth0 fixed-tab-size public-DraftStyleDefault-text-ltr\" style=\"text-align: justify;\"><span class=\"_2PHJq public-DraftStyleDefault-ltr\">Ainda v\u00e3o compor a mesa, Cel PM Humberto Sturaro, pr\u00e9-candidato a Deputado Estadual pelo PL, Professora Maeth Soares \u2013 Presidente da ATPAAJ, Maria da Ressurrei\u00e7\u00e3o \u2013 Diretora do Lar Feliz, a empres\u00e1ria Keliane Soares da Silva, e a advogada da OAB Mulher, Tawany Santos e Silva Muricy.<\/span><\/p>\n<div style=\"text-align: justify;\" data-hook=\"rcv-block10\">&nbsp;<\/div>\n<div id=\"viewer-92dkg\" class=\"_2vd5k JP7h-\" style=\"text-align: justify;\">\n<div class=\"_2kEVY\" data-hook=\"imageViewer\">\n<div class=\"\"><span style=\"font-size: revert; color: initial;\">De acordo com a organiza\u00e7\u00e3o, o evento tem como principal objetivo, \u201ca Valoriza\u00e7\u00e3o da mulher na pol\u00edtica, sendo ela educadora pol\u00edtica na sua fam\u00edlia\u201d. Sobre a expectativa para o encontro, o escritor Dr. Geraldo, destacou, \u201cOs convidados devem esperar apreender a educar sua fam\u00edlia apoiando pol\u00edticas que fortalecem a fam\u00edlia\u201d.<\/span><\/div>\n<\/div>\n<\/div>\n<div style=\"text-align: justify;\" data-hook=\"rcv-block13\">&nbsp;<\/div>\n<p id=\"viewer-3msqe\" class=\"mm8Nw _1j-51 iWv3d _1FoOD _78FBa b+iTF iWv3d public-DraftStyleDefault-block-depth0 fixed-tab-size public-DraftStyleDefault-text-ltr\" style=\"text-align: justify;\"><span class=\"_2PHJq public-DraftStyleDefault-ltr\">A organiza\u00e7\u00e3o local do evento ainda enfatizou que, a presidente do PL Mulher vai receber personalidades femininas de destaque da regi\u00e3o. &#8220;\u00c9 uma oportunidade de conhecer mais a hist\u00f3rias de mulheres an\u00f4nimas que exercem um papel fundamental em suas comunidades. Al\u00e9m disso, buscamos abrir espa\u00e7o para que as mulheres enxerguem o mundo pol\u00edtico de forma ampla e queremos fomentar sua participa\u00e7\u00e3o. Afinal, a mulher tem que ter um papel de destaque em todas as esferas, e contribuir para que elas alcance estes objetivos \u00e9 fundamental. A Mulher \u00e9 um agente pol\u00edtico educador da fam\u00edlia, portanto sua participa\u00e7\u00e3o na pol\u00edtica deve ser sempre motivada\u201d, declarou.<\/span><\/p>\n<p id=\"viewer-1gr2s\" class=\"mm8Nw _1j-51 iWv3d _1FoOD _78FBa b+iTF iWv3d public-DraftStyleDefault-block-depth0 fixed-tab-size public-DraftStyleDefault-text-ltr\" style=\"text-align: justify;\"><span class=\"_2PHJq public-DraftStyleDefault-ltr\">O encontro vai acontecer a partir das 17 horas, no sal\u00e3o da Primeira Igreja Batista de Juazeiro. As inscri\u00e7\u00f5es s\u00e3o gratuitas e podem ser feitas de maneira antecipada atrav\u00e9s do telefone (74) 9 8823 7689. O evento ser\u00e1 o \u00faltimo deste ano em atendimento as determina\u00e7\u00f5es da Legisla\u00e7\u00e3o Eleitoral Brasileira. <\/span><\/p>\n<div style=\"text-align: justify;\" data-hook=\"rcv-block17\"><em>Iana Lima &#8211; Jornalista\/ CDC<\/em><\/div>\n<div id=\"viewer-9cprk\" class=\"mm8Nw _1j-51 iWv3d _1FoOD _3M0Fe aujbK iWv3d public-DraftStyleDefault-block-depth0 fixed-tab-size public-DraftStyleDefault-text-ltr\" style=\"text-align: justify;\">&nbsp;<\/div>\n","protected":false},"excerpt":{"rendered":"<p>Nesta quinta-feira, 30, o Partido Liberal do Brasil \u2013 PL vai realizar em Juazeiro um evento dedicado \u00e0 participa\u00e7\u00e3o das mulheres na pol\u00edtica. O Cartaz da Cidade entrou em contato com a m\u00e9dica Dra. Raissa Soares, presidente estadual do PL Mulher-Bahia, atrav\u00e9s do Pastor e escritor Geraldo Soares, seu esposo, para saber mais informa\u00e7\u00f5es sobre [&hellip;]<\/p>\n","protected":false},"author":1,"featured_media":38939,"comment_status":"closed","ping_status":"open","sticky":false,"template":"","format":"standard","meta":{"_uag_custom_page_level_css":"","_monsterinsights_skip_tracking":false,"_monsterinsights_sitenote_active":false,"_monsterinsights_sitenote_note":"","_monsterinsights_sitenote_category":0,"jetpack_post_was_ever_published":false,"_jetpack_newsletter_access":"","_jetpack_dont_email_post_to_subs":false,"_jetpack_newsletter_tier_id":0,"_jetpack_memberships_contains_paywalled_content":false,"_jetpack_memberships_contains_paid_content":false,"footnotes":"","jetpack_publicize_message":"","jetpack_publicize_feature_enabled":true,"jetpack_social_post_already_shared":true,"jetpack_social_options":{"image_generator_settings":{"template":"highway","default_image_id":0,"font":"","enabled":false},"version":2}},"categories":[203,197],"tags":[],"class_list":["post-38938","post","type-post","status-publish","format-standard","has-post-thumbnail","hentry","category-juazeiro","category-politica"],"jetpack_publicize_connections":[],"jetpack_featured_media_url":"https:\/\/blogopara.com.br\/wp-content\/uploads\/2022\/06\/PRESIDENTE.jpg","uagb_featured_image_src":{"full":["https:\/\/blogopara.com.br\/wp-content\/uploads\/2022\/06\/PRESIDENTE.jpg",500,300,false],"thumbnail":["https:\/\/blogopara.com.br\/wp-content\/uploads\/2022\/06\/PRESIDENTE-150x150.jpg",150,150,true],"medium":["https:\/\/blogopara.com.br\/wp-content\/uploads\/2022\/06\/PRESIDENTE-300x180.jpg",300,180,true],"medium_large":["https:\/\/blogopara.com.br\/wp-content\/uploads\/2022\/06\/PRESIDENTE.jpg",500,300,false],"large":["https:\/\/blogopara.com.br\/wp-content\/uploads\/2022\/06\/PRESIDENTE.jpg",500,300,false],"1536x1536":["https:\/\/blogopara.com.br\/wp-content\/uploads\/2022\/06\/PRESIDENTE.jpg",500,300,false],"2048x2048":["https:\/\/blogopara.com.br\/wp-content\/uploads\/2022\/06\/PRESIDENTE.jpg",500,300,false],"mantranews-slider-large":["https:\/\/blogopara.com.br\/wp-content\/uploads\/2022\/06\/PRESIDENTE.jpg",500,300,false],"mantranews-featured-medium":["https:\/\/blogopara.com.br\/wp-content\/uploads\/2022\/06\/PRESIDENTE-420x300.jpg",420,300,true],"mantranews-featured-long":["https:\/\/blogopara.com.br\/wp-content\/uploads\/2022\/06\/PRESIDENTE-300x300.jpg",300,300,true],"mantranews-block-medium":["https:\/\/blogopara.com.br\/wp-content\/uploads\/2022\/06\/PRESIDENTE-464x290.jpg",464,290,true],"mantranews-carousel-image":["https:\/\/blogopara.com.br\/wp-content\/uploads\/2022\/06\/PRESIDENTE.jpg",500,300,false],"mantranews-block-thumb":["https:\/\/blogopara.com.br\/wp-content\/uploads\/2022\/06\/PRESIDENTE-322x230.jpg",322,230,true],"mantranews-single-large":["https:\/\/blogopara.com.br\/wp-content\/uploads\/2022\/06\/PRESIDENTE.jpg",500,300,false]},"uagb_author_info":{"display_name":"Reda\u00e7\u00e3o geral","author_link":"https:\/\/blogopara.com.br\/index.php\/author\/blogopara"},"uagb_comment_info":0,"uagb_excerpt":"Nesta quinta-feira, 30, o Partido Liberal do Brasil \u2013 PL vai realizar em Juazeiro um evento dedicado \u00e0 participa\u00e7\u00e3o das mulheres na pol\u00edtica. O Cartaz da Cidade entrou em contato com a m\u00e9dica Dra. Raissa Soares, presidente estadual do PL Mulher-Bahia, atrav\u00e9s do Pastor e escritor Geraldo Soares, seu esposo, para saber mais informa\u00e7\u00f5es sobre&hellip;","jetpack_sharing_enabled":true,"jetpack_likes_enabled":true,"_links":{"self":[{"href":"https:\/\/blogopara.com.br\/index.php\/wp-json\/wp\/v2\/posts\/38938","targetHints":{"allow":["GET"]}}],"collection":[{"href":"https:\/\/blogopara.com.br\/index.php\/wp-json\/wp\/v2\/posts"}],"about":[{"href":"https:\/\/blogopara.com.br\/index.php\/wp-json\/wp\/v2\/types\/post"}],"author":[{"embeddable":true,"href":"https:\/\/blogopara.com.br\/index.php\/wp-json\/wp\/v2\/users\/1"}],"replies":[{"embeddable":true,"href":"https:\/\/blogopara.com.br\/index.php\/wp-json\/wp\/v2\/comments?post=38938"}],"version-history":[{"count":1,"href":"https:\/\/blogopara.com.br\/index.php\/wp-json\/wp\/v2\/posts\/38938\/revisions"}],"predecessor-version":[{"id":38940,"href":"https:\/\/blogopara.com.br\/index.php\/wp-json\/wp\/v2\/posts\/38938\/revisions\/38940"}],"wp:featuredmedia":[{"embeddable":true,"href":"https:\/\/blogopara.com.br\/index.php\/wp-json\/wp\/v2\/media\/38939"}],"wp:attachment":[{"href":"https:\/\/blogopara.com.br\/index.php\/wp-json\/wp\/v2\/media?parent=38938"}],"wp:term":[{"taxonomy":"category","embeddable":true,"href":"https:\/\/blogopara.com.br\/index.php\/wp-json\/wp\/v2\/categories?post=38938"},{"taxonomy":"post_tag","embeddable":true,"href":"https:\/\/blogopara.com.br\/index.php\/wp-json\/wp\/v2\/tags?post=38938"}],"curies":[{"name":"wp","href":"https:\/\/api.w.org\/{rel}","templated":true}]}}