{"id":38964,"date":"2022-06-29T18:45:00","date_gmt":"2022-06-29T21:45:00","guid":{"rendered":"https:\/\/blogopara.com.br\/?p=38964"},"modified":"2022-06-29T18:54:17","modified_gmt":"2022-06-29T21:54:17","slug":"feira-de-organicos-de-juazeiro-passa-a-funcionar-durante-tres-dias-por-semana-e-ganha-novo-local","status":"publish","type":"post","link":"https:\/\/blogopara.com.br\/index.php\/2022\/06\/29\/feira-de-organicos-de-juazeiro-passa-a-funcionar-durante-tres-dias-por-semana-e-ganha-novo-local","title":{"rendered":"Feira de Org\u00e2nicos de Juazeiro passa a funcionar durante tr\u00eas dias por semana e ganha novo local"},"content":{"rendered":"<p class=\"x_MsoNormal\">A Prefeitura de Juazeiro, atrav\u00e9s da Ag\u00eancia de Desenvolvimento Econ\u00f4mico, Agricultura e Pecu\u00e1ria (Adeap), comunica \u00e0 popula\u00e7\u00e3o que a Feira de Org\u00e2nicos que acontecia na \u00e1rea externa da Casa do Artes\u00e3o, agora passa a acontecer no Armaz\u00e9m da Caatinga, que fica localizado no espa\u00e7o da Vila Bossa Nova, na Orla ll.<\/p>\n<p class=\"x_MsoNormal\">Outra novidade \u00e9 o funcionamento: tr\u00eas dias por semana &#8211; \u00e0s quintas, sextas e s\u00e1bados, tendo inaugura\u00e7\u00e3o no novo espa\u00e7o neste dia 30 de junho, com o novo nome \u2018Feira Agroecolo\u0301gica e Orga\u0302nica\u2019.<\/p>\n<p class=\"x_MsoNormal\">A Feira Agroecolo\u0301gica e Orga\u0302nica e\u0301 uma iniciativa da Cooperativa Agropecua\u0301ria Familiar Orga\u0302nica do Semia\u0301rido (Coopervida), em parceria com o Armaze\u0301m da Caatinga e conta com o apoio da Prefeitura de Juazeiro, atrav\u00e9s da Adeap, Central da Caatinga, e Irpaa. E re\u00fane feirantes que exp\u00f5em seus produtos, unindo qualidade, bons pre\u00e7os e est\u00edmulo ao desenvolvimento da agricultura familiar do munic\u00edpio.<\/p>\n<p class=\"x_MsoNormal\">Confira a programa\u00e7\u00e3o semanal da feira:<\/p>\n<p class=\"x_MsoNormal\">Quinta-feira &#8211; 16h \u00e0s 20h<\/p>\n<p class=\"x_MsoNormal\">(apenas org\u00e2nicos)<\/p>\n<p class=\"x_MsoNormal\">Sexta-feira &#8211; 16h \u00e0s 20h<\/p>\n<p class=\"x_MsoNormal\">(org\u00e2nicos e agroecol\u00f3gicos)<\/p>\n<p class=\"x_MsoNormal\">S\u00e1bado &#8211; 07h \u00e0s 12h<\/p>\n<p class=\"x_MsoNormal\">(org\u00e2nicos e agroecol\u00f3gicos)<\/p>\n<p>Ascom Adeap\/PMJ<\/p>\n","protected":false},"excerpt":{"rendered":"<p>A Prefeitura de Juazeiro, atrav\u00e9s da Ag\u00eancia de Desenvolvimento Econ\u00f4mico, Agricultura e Pecu\u00e1ria (Adeap), comunica \u00e0 popula\u00e7\u00e3o que a Feira de Org\u00e2nicos que acontecia na \u00e1rea externa da Casa do Artes\u00e3o, agora passa a acontecer no Armaz\u00e9m da Caatinga, que fica localizado no espa\u00e7o da Vila Bossa Nova, na Orla ll. Outra novidade \u00e9 o [&hellip;]<\/p>\n","protected":false},"author":1,"featured_media":38965,"comment_status":"closed","ping_status":"open","sticky":false,"template":"","format":"standard","meta":{"_uag_custom_page_level_css":"","_monsterinsights_skip_tracking":false,"_monsterinsights_sitenote_active":false,"_monsterinsights_sitenote_note":"","_monsterinsights_sitenote_category":0,"jetpack_post_was_ever_published":false,"_jetpack_newsletter_access":"","_jetpack_dont_email_post_to_subs":false,"_jetpack_newsletter_tier_id":0,"_jetpack_memberships_contains_paywalled_content":false,"_jetpack_memberships_contains_paid_content":false,"footnotes":"","jetpack_publicize_message":"","jetpack_publicize_feature_enabled":true,"jetpack_social_post_already_shared":true,"jetpack_social_options":{"image_generator_settings":{"template":"highway","default_image_id":0,"font":"","enabled":false},"version":2}},"categories":[203],"tags":[340],"class_list":["post-38964","post","type-post","status-publish","format-standard","has-post-thumbnail","hentry","category-juazeiro","tag-prefeitura-de-juazeiro"],"jetpack_publicize_connections":[],"jetpack_featured_media_url":"https:\/\/blogopara.com.br\/wp-content\/uploads\/2022\/06\/AGRO.jpg","uagb_featured_image_src":{"full":["https:\/\/blogopara.com.br\/wp-content\/uploads\/2022\/06\/AGRO.jpg",500,500,false],"thumbnail":["https:\/\/blogopara.com.br\/wp-content\/uploads\/2022\/06\/AGRO-150x150.jpg",150,150,true],"medium":["https:\/\/blogopara.com.br\/wp-content\/uploads\/2022\/06\/AGRO-300x300.jpg",300,300,true],"medium_large":["https:\/\/blogopara.com.br\/wp-content\/uploads\/2022\/06\/AGRO.jpg",500,500,false],"large":["https:\/\/blogopara.com.br\/wp-content\/uploads\/2022\/06\/AGRO.jpg",500,500,false],"1536x1536":["https:\/\/blogopara.com.br\/wp-content\/uploads\/2022\/06\/AGRO.jpg",500,500,false],"2048x2048":["https:\/\/blogopara.com.br\/wp-content\/uploads\/2022\/06\/AGRO.jpg",500,500,false],"mantranews-slider-large":["https:\/\/blogopara.com.br\/wp-content\/uploads\/2022\/06\/AGRO.jpg",500,500,false],"mantranews-featured-medium":["https:\/\/blogopara.com.br\/wp-content\/uploads\/2022\/06\/AGRO-420x307.jpg",420,307,true],"mantranews-featured-long":["https:\/\/blogopara.com.br\/wp-content\/uploads\/2022\/06\/AGRO-300x443.jpg",300,443,true],"mantranews-block-medium":["https:\/\/blogopara.com.br\/wp-content\/uploads\/2022\/06\/AGRO-464x290.jpg",464,290,true],"mantranews-carousel-image":["https:\/\/blogopara.com.br\/wp-content\/uploads\/2022\/06\/AGRO.jpg",500,500,false],"mantranews-block-thumb":["https:\/\/blogopara.com.br\/wp-content\/uploads\/2022\/06\/AGRO-322x230.jpg",322,230,true],"mantranews-single-large":["https:\/\/blogopara.com.br\/wp-content\/uploads\/2022\/06\/AGRO.jpg",500,500,false]},"uagb_author_info":{"display_name":"Reda\u00e7\u00e3o geral","author_link":"https:\/\/blogopara.com.br\/index.php\/author\/blogopara"},"uagb_comment_info":0,"uagb_excerpt":"A Prefeitura de Juazeiro, atrav\u00e9s da Ag\u00eancia de Desenvolvimento Econ\u00f4mico, Agricultura e Pecu\u00e1ria (Adeap), comunica \u00e0 popula\u00e7\u00e3o que a Feira de Org\u00e2nicos que acontecia na \u00e1rea externa da Casa do Artes\u00e3o, agora passa a acontecer no Armaz\u00e9m da Caatinga, que fica localizado no espa\u00e7o da Vila Bossa Nova, na Orla ll. Outra novidade \u00e9 o&hellip;","jetpack_sharing_enabled":true,"jetpack_likes_enabled":true,"_links":{"self":[{"href":"https:\/\/blogopara.com.br\/index.php\/wp-json\/wp\/v2\/posts\/38964","targetHints":{"allow":["GET"]}}],"collection":[{"href":"https:\/\/blogopara.com.br\/index.php\/wp-json\/wp\/v2\/posts"}],"about":[{"href":"https:\/\/blogopara.com.br\/index.php\/wp-json\/wp\/v2\/types\/post"}],"author":[{"embeddable":true,"href":"https:\/\/blogopara.com.br\/index.php\/wp-json\/wp\/v2\/users\/1"}],"replies":[{"embeddable":true,"href":"https:\/\/blogopara.com.br\/index.php\/wp-json\/wp\/v2\/comments?post=38964"}],"version-history":[{"count":1,"href":"https:\/\/blogopara.com.br\/index.php\/wp-json\/wp\/v2\/posts\/38964\/revisions"}],"predecessor-version":[{"id":38966,"href":"https:\/\/blogopara.com.br\/index.php\/wp-json\/wp\/v2\/posts\/38964\/revisions\/38966"}],"wp:featuredmedia":[{"embeddable":true,"href":"https:\/\/blogopara.com.br\/index.php\/wp-json\/wp\/v2\/media\/38965"}],"wp:attachment":[{"href":"https:\/\/blogopara.com.br\/index.php\/wp-json\/wp\/v2\/media?parent=38964"}],"wp:term":[{"taxonomy":"category","embeddable":true,"href":"https:\/\/blogopara.com.br\/index.php\/wp-json\/wp\/v2\/categories?post=38964"},{"taxonomy":"post_tag","embeddable":true,"href":"https:\/\/blogopara.com.br\/index.php\/wp-json\/wp\/v2\/tags?post=38964"}],"curies":[{"name":"wp","href":"https:\/\/api.w.org\/{rel}","templated":true}]}}