{"id":38973,"date":"2022-06-30T07:45:00","date_gmt":"2022-06-30T10:45:00","guid":{"rendered":"https:\/\/blogopara.com.br\/?p=38973"},"modified":"2022-06-29T16:05:49","modified_gmt":"2022-06-29T19:05:49","slug":"camara-de-dias-davila-reprova-concessao-de-titulo-de-cidadao-a-acm-neto","status":"publish","type":"post","link":"https:\/\/blogopara.com.br\/index.php\/2022\/06\/30\/camara-de-dias-davila-reprova-concessao-de-titulo-de-cidadao-a-acm-neto","title":{"rendered":"C\u00e2mara de Dias D\u2019\u00c1vila reprova concess\u00e3o de t\u00edtulo de cidad\u00e3o a ACM Neto"},"content":{"rendered":"<p style=\"text-align: justify;\">A C\u00e2mara de Dias D\u2019\u00c1vila reprovou a proposta de concess\u00e3o do t\u00edtulo de cidad\u00e3o do munic\u00edpio ao ex-prefeito de Salvador e pr\u00e9-candidato a governador da Bahia, ACM Neto (UB).<\/p>\n<p style=\"text-align: justify;\">Foram oito votos favor\u00e1veis \u00e0 concess\u00e3o da honraria de Neto, quando eram necess\u00e1rios 10 votos. A sess\u00e3o aconteceu na \u00faltima ter\u00e7a-feira (28). Um dos vereadores que votou contra a mat\u00e9ria, Maran Azevedo (PSD), questionou quais os servi\u00e7os de ACM Neto pelo municipio.<\/p>\n<p style=\"text-align: justify;\">\u201cO que ACM Neto fez pela nossa cidade? Qual servi\u00e7o prestado Neto tem no nosso munic\u00edpio?\u201d, questionou o vereador ao justificar o voto contra a mat\u00e9ria.<\/p>\n<p style=\"text-align: justify;\">\u00c9 comum, no per\u00edodo eleitoral, que os pr\u00e9-candidatos ao governo recebam t\u00edtulos e demais honrarias nos munic\u00edpios. O pr\u00f3prio Neto recebeu recentemente o t\u00edtulo de cidad\u00e3o de Cama\u00e7ari, ofertado pela C\u00e2mara do munic\u00edpio<\/p>\n","protected":false},"excerpt":{"rendered":"<p>A C\u00e2mara de Dias D\u2019\u00c1vila reprovou a proposta de concess\u00e3o do t\u00edtulo de cidad\u00e3o do munic\u00edpio ao ex-prefeito de Salvador e pr\u00e9-candidato a governador da Bahia, ACM Neto (UB). Foram oito votos favor\u00e1veis \u00e0 concess\u00e3o da honraria de Neto, quando eram necess\u00e1rios 10 votos. A sess\u00e3o aconteceu na \u00faltima ter\u00e7a-feira (28). Um dos vereadores que [&hellip;]<\/p>\n","protected":false},"author":1,"featured_media":19564,"comment_status":"closed","ping_status":"open","sticky":false,"template":"","format":"standard","meta":{"_uag_custom_page_level_css":"","_monsterinsights_skip_tracking":false,"_monsterinsights_sitenote_active":false,"_monsterinsights_sitenote_note":"","_monsterinsights_sitenote_category":0,"jetpack_post_was_ever_published":false,"_jetpack_newsletter_access":"","_jetpack_dont_email_post_to_subs":false,"_jetpack_newsletter_tier_id":0,"_jetpack_memberships_contains_paywalled_content":false,"_jetpack_memberships_contains_paid_content":false,"footnotes":"","jetpack_publicize_message":"","jetpack_publicize_feature_enabled":true,"jetpack_social_post_already_shared":true,"jetpack_social_options":{"image_generator_settings":{"template":"highway","default_image_id":0,"font":"","enabled":false},"version":2}},"categories":[199,197],"tags":[],"class_list":["post-38973","post","type-post","status-publish","format-standard","has-post-thumbnail","hentry","category-bahia","category-politica"],"jetpack_publicize_connections":[],"jetpack_featured_media_url":"https:\/\/blogopara.com.br\/wp-content\/uploads\/2021\/02\/30a8dc95-acm-neto-coletiva-e1595626094237-868x644-1-868x580-1.jpg","uagb_featured_image_src":{"full":["https:\/\/blogopara.com.br\/wp-content\/uploads\/2021\/02\/30a8dc95-acm-neto-coletiva-e1595626094237-868x644-1-868x580-1.jpg",500,334,false],"thumbnail":["https:\/\/blogopara.com.br\/wp-content\/uploads\/2021\/02\/30a8dc95-acm-neto-coletiva-e1595626094237-868x644-1-868x580-1-150x150.jpg",150,150,true],"medium":["https:\/\/blogopara.com.br\/wp-content\/uploads\/2021\/02\/30a8dc95-acm-neto-coletiva-e1595626094237-868x644-1-868x580-1-300x200.jpg",300,200,true],"medium_large":["https:\/\/blogopara.com.br\/wp-content\/uploads\/2021\/02\/30a8dc95-acm-neto-coletiva-e1595626094237-868x644-1-868x580-1.jpg",500,334,false],"large":["https:\/\/blogopara.com.br\/wp-content\/uploads\/2021\/02\/30a8dc95-acm-neto-coletiva-e1595626094237-868x644-1-868x580-1.jpg",500,334,false],"1536x1536":["https:\/\/blogopara.com.br\/wp-content\/uploads\/2021\/02\/30a8dc95-acm-neto-coletiva-e1595626094237-868x644-1-868x580-1.jpg",500,334,false],"2048x2048":["https:\/\/blogopara.com.br\/wp-content\/uploads\/2021\/02\/30a8dc95-acm-neto-coletiva-e1595626094237-868x644-1-868x580-1.jpg",500,334,false],"mantranews-slider-large":["https:\/\/blogopara.com.br\/wp-content\/uploads\/2021\/02\/30a8dc95-acm-neto-coletiva-e1595626094237-868x644-1-868x580-1.jpg",500,334,false],"mantranews-featured-medium":["https:\/\/blogopara.com.br\/wp-content\/uploads\/2021\/02\/30a8dc95-acm-neto-coletiva-e1595626094237-868x644-1-868x580-1-420x307.jpg",420,307,true],"mantranews-featured-long":["https:\/\/blogopara.com.br\/wp-content\/uploads\/2021\/02\/30a8dc95-acm-neto-coletiva-e1595626094237-868x644-1-868x580-1-300x334.jpg",300,334,true],"mantranews-block-medium":["https:\/\/blogopara.com.br\/wp-content\/uploads\/2021\/02\/30a8dc95-acm-neto-coletiva-e1595626094237-868x644-1-868x580-1-464x290.jpg",464,290,true],"mantranews-carousel-image":["https:\/\/blogopara.com.br\/wp-content\/uploads\/2021\/02\/30a8dc95-acm-neto-coletiva-e1595626094237-868x644-1-868x580-1.jpg",500,334,false],"mantranews-block-thumb":["https:\/\/blogopara.com.br\/wp-content\/uploads\/2021\/02\/30a8dc95-acm-neto-coletiva-e1595626094237-868x644-1-868x580-1-322x230.jpg",322,230,true],"mantranews-single-large":["https:\/\/blogopara.com.br\/wp-content\/uploads\/2021\/02\/30a8dc95-acm-neto-coletiva-e1595626094237-868x644-1-868x580-1.jpg",500,334,false]},"uagb_author_info":{"display_name":"Reda\u00e7\u00e3o geral","author_link":"https:\/\/blogopara.com.br\/index.php\/author\/blogopara"},"uagb_comment_info":0,"uagb_excerpt":"A C\u00e2mara de Dias D\u2019\u00c1vila reprovou a proposta de concess\u00e3o do t\u00edtulo de cidad\u00e3o do munic\u00edpio ao ex-prefeito de Salvador e pr\u00e9-candidato a governador da Bahia, ACM Neto (UB). Foram oito votos favor\u00e1veis \u00e0 concess\u00e3o da honraria de Neto, quando eram necess\u00e1rios 10 votos. A sess\u00e3o aconteceu na \u00faltima ter\u00e7a-feira (28). Um dos vereadores que&hellip;","jetpack_sharing_enabled":true,"jetpack_likes_enabled":true,"_links":{"self":[{"href":"https:\/\/blogopara.com.br\/index.php\/wp-json\/wp\/v2\/posts\/38973","targetHints":{"allow":["GET"]}}],"collection":[{"href":"https:\/\/blogopara.com.br\/index.php\/wp-json\/wp\/v2\/posts"}],"about":[{"href":"https:\/\/blogopara.com.br\/index.php\/wp-json\/wp\/v2\/types\/post"}],"author":[{"embeddable":true,"href":"https:\/\/blogopara.com.br\/index.php\/wp-json\/wp\/v2\/users\/1"}],"replies":[{"embeddable":true,"href":"https:\/\/blogopara.com.br\/index.php\/wp-json\/wp\/v2\/comments?post=38973"}],"version-history":[{"count":1,"href":"https:\/\/blogopara.com.br\/index.php\/wp-json\/wp\/v2\/posts\/38973\/revisions"}],"predecessor-version":[{"id":38974,"href":"https:\/\/blogopara.com.br\/index.php\/wp-json\/wp\/v2\/posts\/38973\/revisions\/38974"}],"wp:featuredmedia":[{"embeddable":true,"href":"https:\/\/blogopara.com.br\/index.php\/wp-json\/wp\/v2\/media\/19564"}],"wp:attachment":[{"href":"https:\/\/blogopara.com.br\/index.php\/wp-json\/wp\/v2\/media?parent=38973"}],"wp:term":[{"taxonomy":"category","embeddable":true,"href":"https:\/\/blogopara.com.br\/index.php\/wp-json\/wp\/v2\/categories?post=38973"},{"taxonomy":"post_tag","embeddable":true,"href":"https:\/\/blogopara.com.br\/index.php\/wp-json\/wp\/v2\/tags?post=38973"}],"curies":[{"name":"wp","href":"https:\/\/api.w.org\/{rel}","templated":true}]}}