{"id":38975,"date":"2022-06-30T16:06:00","date_gmt":"2022-06-30T19:06:00","guid":{"rendered":"https:\/\/blogopara.com.br\/?p=38975"},"modified":"2022-06-29T16:08:45","modified_gmt":"2022-06-29T19:08:45","slug":"ciro-temos-que-abrir-mao-da-reeleicao-e-fazer-o-que-tem-que-fazer","status":"publish","type":"post","link":"https:\/\/blogopara.com.br\/index.php\/2022\/06\/30\/ciro-temos-que-abrir-mao-da-reeleicao-e-fazer-o-que-tem-que-fazer","title":{"rendered":"Ciro: &#8220;Temos que abrir m\u00e3o da reelei\u00e7\u00e3o e fazer o que tem que fazer&#8221;"},"content":{"rendered":"<p style=\"text-align: justify;\">O pr\u00e9-candidato Ciro Gomes (PDT) n\u00e3o poupou cr\u00edticas ao patamar atual dos juros no Brasil, uma pol\u00edtica que ele considera \u201cequivocada\u201d e que, ao ver dele, atrapalha o desenvolvimento do pa\u00eds. Al\u00e9m disso, voltou a atacar a institui\u00e7\u00e3o da reelei\u00e7\u00e3o. \u201cTemos que abrir m\u00e3o da reelei\u00e7\u00e3o e fazer o que tem que fazer\u201d, afirmou Ciro, nesta quarta-feira (29\/6), de forma virtual no\u00a0<a href=\"https:\/\/www.correiobraziliense.com.br\/politica\/2022\/06\/5018756-tebet-promete-a-empresarios-reforma-tributaria-em-seis-meses.html\"><strong>Di\u00e1logo da ind\u00fastria com os pr\u00e9-candidatos \u00e0 Presid\u00eancia da Rep\u00fablica, organizado pela Confedera\u00e7\u00e3o Nacional da Ind\u00fastria (CNI)<\/strong><\/a>.<\/p>\n<p>Atualmente, a taxa b\u00e1sica de juros (Selic) est\u00e1 em 13,25% ao ano, e Ciro defendeu uma pol\u00edtica mais estimulativa de cr\u00e9dito para o consumo e o financiamento de empresas, que est\u00e3o com taxas de endividamento<\/p>\n<p class=\"texto\" style=\"text-align: justify;\">O pr\u00e9-candidato Ciro Gomes (PDT) n\u00e3o poupou cr\u00edticas ao patamar atual dos juros no Brasil, uma pol\u00edtica que ele considera \u201cequivocada\u201d e que, ao ver dele, atrapalha o desenvolvimento do pa\u00eds. Al\u00e9m disso, voltou a atacar a institui\u00e7\u00e3o da reelei\u00e7\u00e3o. \u201cTemos que abrir m\u00e3o da reelei\u00e7\u00e3o e fazer o que tem que fazer\u201d, afirmou Ciro, nesta quarta-feira (29\/6), de forma virtual no\u00a0<a href=\"https:\/\/www.correiobraziliense.com.br\/politica\/2022\/06\/5018756-tebet-promete-a-empresarios-reforma-tributaria-em-seis-meses.html\"><strong>Di\u00e1logo da ind\u00fastria com os pr\u00e9-candidatos \u00e0 Presid\u00eancia da Rep\u00fablica, organizado pela Confedera\u00e7\u00e3o Nacional da Ind\u00fastria (CNI)<\/strong><\/a>.<\/p>\n<p>Atualmente, a taxa b\u00e1sica de juros (Selic) est\u00e1 em 13,25% ao ano, e Ciro defendeu uma pol\u00edtica mais estimulativa de cr\u00e9dito para o consumo e o financiamento de empresas, que est\u00e3o com taxas de endividamento elevad\u00edssimas, porque os juros est\u00e3o cada vez mais proibitivos para o investimento produtivo.<\/p>\n<p class=\"texto\" style=\"text-align: justify;\">\u201cO emprego e a renda est\u00e3o deprimidos e em n\u00edveis recordes. A renda est\u00e1 em seu pior momento e se n\u00e3o tem emprego, a \u00fanica pol\u00edtica p\u00fablica \u00e9 no cr\u00e9dito popular, pois 77,8% das fam\u00edlias est\u00e3o no recorde de seu endividamento. A mesma coisa para as empresas. Os empreendedores e empres\u00e1rios est\u00e3o \u00e0 beira do calote com o patamar de juros, que \u00e9 impag\u00e1vel\u201d, disse o pr\u00e9-candidato. Segundo ele, \u00e9 preciso uma reestrutura\u00e7\u00e3o que est\u00e1 prevista no programa de governo dele.<\/p>\n<p class=\"texto\" style=\"text-align: justify;\">O ex-ministro da Fazenda do governo Fernando Henrique Cardoso (PSDB), tamb\u00e9m criticou a descapitaliza\u00e7\u00e3o do Banco Nacional de Desenvolvimento Econ\u00f4mico e Social (BNDES), promovida pelo atual governo, e o fim da Taxa de Juros de Longo Prazo (TJLP), \u201ccriada por ele\u201d e que hoje substitu\u00edda pela Taxa de Longo Prazo (TLP). \u201cPaulo Guedes (ministro da Economia), tirou quase R$ 200 bilh\u00f5es do BNDES, que ficou enfraquecido e n\u00e3o tem sentido. Com a Selic alta, eu o imposto do cr\u00e9dito para um trator \u00e9 de 18% (ao ano\u201d, disse Ciro, citando que viu esse \u201cimposto\u201d cobrado na Agrishow, evento do setor no interior de S\u00e3o Paulo.<\/p>\n<p class=\"texto\" style=\"text-align: justify;\">O pedetista ainda ainda demonstrou indigna\u00e7\u00e3o com o fato de quatro dos cinco maiores bancos brasileiros estarem entre os 10 mais rent\u00e1veis do mundo, justamente por conta da atual pol\u00edtica de juros altos que ajuda a contribuir para o aumento do endividamento p\u00fablico, que ajuda a engordar o lucro dos bancos, principais credores dos t\u00edtulos emitidos pela Uni\u00e3o.<\/p>\n<p class=\"texto\" style=\"text-align: justify;\">\u201cA cada 1,5 ponto percentual na Selic, a d\u00edvida p\u00fablica aumenta quase R$ 60 bilh\u00f5es\u201d, afirmou Ciro, que fez alerta para o risco de insustentabilidade da d\u00edvida p\u00fablica, que poder\u00e1 facilmente chegar a 100% do Produto Interno Bruto (PIB), ao contr\u00e1rio do que afirma o atual governo. \u201cO mundo n\u00e3o cai na propaganda enganosa (do governo). O pa\u00eds est\u00e1 indo para o caminho da inadimpl\u00eancia\u201d, alertou.<br \/>\nPara o pr\u00e9-candidato, um dos principais problemas para o baixo crescimento econ\u00f4mico do Brasil \u00e9 a pol\u00edtica de juros altos que valoriza artificialmente o c\u00e2mbio, deixando o d\u00f3lar mais barato frente ao real, em com a ajuda da infla\u00e7\u00e3o que aumenta os pre\u00e7os das commodities.<\/p>\n<p class=\"texto\" style=\"text-align: justify;\">\u201cO Brasil prostrou-se ideologicamente e por apologia \u00e0 ignor\u00e2ncia\u201d, afirmou, ao criticar a reelei\u00e7\u00e3o, que ocorreu, segundo ele, devido ao \u201cefeito popularesco da taxa de juros, que fez o d\u00f3lar valer R$ 0,85\u201d. \u201cE todo mundo foi para a farra do consumo. Era mais barato ir para Miami do que para o Nordeste. Mas isso quebrou o pa\u00eds. E esse desequil\u00edbrio foi anestesiado pelo ciclo das commodities\u201d, afirmou.<\/p>\n<p class=\"texto\" style=\"text-align: justify;\">Ciro tamb\u00e9m foi enf\u00e1tico na defesa da reforma tribut\u00e1ria como uma das principais medidas de seu governo, porque a atual carga de impostos do pa\u00eds atrapalha o empres\u00e1rio e \u201cjoga mais de 50% das empresas do pa\u00eds na informalidade&#8221;. \u201cN\u00e3o tem produtividade poss\u00edvel e a informalidade \u00e9 uma fuga do regramento imposto por um estado ineficiente\u201d, criticou ele lembrando que no Brasil existem seis tipos de Imposto sobre Valor Agregado (IVA), enquanto \u201co resto do mundo tem apenas um\u201d.<\/p>\n<p class=\"texto\" style=\"text-align: justify;\">\nO pr\u00e9-candidato ainda prometeu adotar medidas para que a taxa de investimento do pa\u00eds, atualmente entre 15% e 17% do Produto Interno Bruto (PIB), seja elevada para 22% a 25%, em um primeiro momento, \u201cpara come\u00e7ar\u201d. Segundo ele, a cren\u00e7a de que a poupan\u00e7a estrangeira vai socorrer o pa\u00eds \u00e9 absolutamente falsa e uma ideia de \u201cquem parou de estudar\u201d. \u201cEssa \u00e9 uma mitologia neoliberal que j\u00e1 foi abandonada e, no Brasil, \u00e9 defendida por quem parou de estudar\u201d, alfinetou. Ciro tamb\u00e9m voltou a citar os exemplos do Cear\u00e1, de quando foi governador, para o modelo de educa\u00e7\u00e3o 100% integral que ele defende no programa de governo e refor\u00e7ou que o atual modelo de ensino \u201cn\u00e3o prepara ningu\u00e9m para a vida\u201d e ainda cria um \u201cex\u00e9rcito de reserva para a viol\u00eancia\u201d. \u201cInvestimento em gente pressup\u00f5e uma base de 100% de universaliza\u00e7\u00e3o (da Educa\u00e7\u00e3o)\u201d, refor\u00e7ou.<\/p>\n<div id=\"tags\" class=\"tags\" style=\"text-align: justify;\"><\/div>\n<p style=\"text-align: justify;\">\n","protected":false},"excerpt":{"rendered":"<p>O pr\u00e9-candidato Ciro Gomes (PDT) n\u00e3o poupou cr\u00edticas ao patamar atual dos juros no Brasil, uma pol\u00edtica que ele considera \u201cequivocada\u201d e que, ao ver dele, atrapalha o desenvolvimento do pa\u00eds. Al\u00e9m disso, voltou a atacar a institui\u00e7\u00e3o da reelei\u00e7\u00e3o. \u201cTemos que abrir m\u00e3o da reelei\u00e7\u00e3o e fazer o que tem que fazer\u201d, afirmou Ciro, [&hellip;]<\/p>\n","protected":false},"author":1,"featured_media":16782,"comment_status":"closed","ping_status":"open","sticky":false,"template":"","format":"standard","meta":{"_uag_custom_page_level_css":"","_monsterinsights_skip_tracking":false,"_monsterinsights_sitenote_active":false,"_monsterinsights_sitenote_note":"","_monsterinsights_sitenote_category":0,"jetpack_post_was_ever_published":false,"_jetpack_newsletter_access":"","_jetpack_dont_email_post_to_subs":false,"_jetpack_newsletter_tier_id":0,"_jetpack_memberships_contains_paywalled_content":false,"_jetpack_memberships_contains_paid_content":false,"footnotes":"","jetpack_publicize_message":"","jetpack_publicize_feature_enabled":true,"jetpack_social_post_already_shared":true,"jetpack_social_options":{"image_generator_settings":{"template":"highway","default_image_id":0,"font":"","enabled":false},"version":2}},"categories":[200,197],"tags":[],"class_list":["post-38975","post","type-post","status-publish","format-standard","has-post-thumbnail","hentry","category-brasil","category-politica"],"jetpack_publicize_connections":[],"jetpack_featured_media_url":"https:\/\/blogopara.com.br\/wp-content\/uploads\/2020\/12\/Ciro.jpg","uagb_featured_image_src":{"full":["https:\/\/blogopara.com.br\/wp-content\/uploads\/2020\/12\/Ciro.jpg",500,300,false],"thumbnail":["https:\/\/blogopara.com.br\/wp-content\/uploads\/2020\/12\/Ciro-150x150.jpg",150,150,true],"medium":["https:\/\/blogopara.com.br\/wp-content\/uploads\/2020\/12\/Ciro-300x180.jpg",300,180,true],"medium_large":["https:\/\/blogopara.com.br\/wp-content\/uploads\/2020\/12\/Ciro.jpg",500,300,false],"large":["https:\/\/blogopara.com.br\/wp-content\/uploads\/2020\/12\/Ciro.jpg",500,300,false],"1536x1536":["https:\/\/blogopara.com.br\/wp-content\/uploads\/2020\/12\/Ciro.jpg",500,300,false],"2048x2048":["https:\/\/blogopara.com.br\/wp-content\/uploads\/2020\/12\/Ciro.jpg",500,300,false],"mantranews-slider-large":["https:\/\/blogopara.com.br\/wp-content\/uploads\/2020\/12\/Ciro.jpg",500,300,false],"mantranews-featured-medium":["https:\/\/blogopara.com.br\/wp-content\/uploads\/2020\/12\/Ciro-420x300.jpg",420,300,true],"mantranews-featured-long":["https:\/\/blogopara.com.br\/wp-content\/uploads\/2020\/12\/Ciro-300x300.jpg",300,300,true],"mantranews-block-medium":["https:\/\/blogopara.com.br\/wp-content\/uploads\/2020\/12\/Ciro-464x290.jpg",464,290,true],"mantranews-carousel-image":["https:\/\/blogopara.com.br\/wp-content\/uploads\/2020\/12\/Ciro.jpg",500,300,false],"mantranews-block-thumb":["https:\/\/blogopara.com.br\/wp-content\/uploads\/2020\/12\/Ciro-322x230.jpg",322,230,true],"mantranews-single-large":["https:\/\/blogopara.com.br\/wp-content\/uploads\/2020\/12\/Ciro.jpg",500,300,false]},"uagb_author_info":{"display_name":"Reda\u00e7\u00e3o geral","author_link":"https:\/\/blogopara.com.br\/index.php\/author\/blogopara"},"uagb_comment_info":0,"uagb_excerpt":"O pr\u00e9-candidato Ciro Gomes (PDT) n\u00e3o poupou cr\u00edticas ao patamar atual dos juros no Brasil, uma pol\u00edtica que ele considera \u201cequivocada\u201d e que, ao ver dele, atrapalha o desenvolvimento do pa\u00eds. Al\u00e9m disso, voltou a atacar a institui\u00e7\u00e3o da reelei\u00e7\u00e3o. \u201cTemos que abrir m\u00e3o da reelei\u00e7\u00e3o e fazer o que tem que fazer\u201d, afirmou Ciro,&hellip;","jetpack_sharing_enabled":true,"jetpack_likes_enabled":true,"_links":{"self":[{"href":"https:\/\/blogopara.com.br\/index.php\/wp-json\/wp\/v2\/posts\/38975","targetHints":{"allow":["GET"]}}],"collection":[{"href":"https:\/\/blogopara.com.br\/index.php\/wp-json\/wp\/v2\/posts"}],"about":[{"href":"https:\/\/blogopara.com.br\/index.php\/wp-json\/wp\/v2\/types\/post"}],"author":[{"embeddable":true,"href":"https:\/\/blogopara.com.br\/index.php\/wp-json\/wp\/v2\/users\/1"}],"replies":[{"embeddable":true,"href":"https:\/\/blogopara.com.br\/index.php\/wp-json\/wp\/v2\/comments?post=38975"}],"version-history":[{"count":1,"href":"https:\/\/blogopara.com.br\/index.php\/wp-json\/wp\/v2\/posts\/38975\/revisions"}],"predecessor-version":[{"id":38976,"href":"https:\/\/blogopara.com.br\/index.php\/wp-json\/wp\/v2\/posts\/38975\/revisions\/38976"}],"wp:featuredmedia":[{"embeddable":true,"href":"https:\/\/blogopara.com.br\/index.php\/wp-json\/wp\/v2\/media\/16782"}],"wp:attachment":[{"href":"https:\/\/blogopara.com.br\/index.php\/wp-json\/wp\/v2\/media?parent=38975"}],"wp:term":[{"taxonomy":"category","embeddable":true,"href":"https:\/\/blogopara.com.br\/index.php\/wp-json\/wp\/v2\/categories?post=38975"},{"taxonomy":"post_tag","embeddable":true,"href":"https:\/\/blogopara.com.br\/index.php\/wp-json\/wp\/v2\/tags?post=38975"}],"curies":[{"name":"wp","href":"https:\/\/api.w.org\/{rel}","templated":true}]}}