{"id":38984,"date":"2022-06-30T11:45:00","date_gmt":"2022-06-30T14:45:00","guid":{"rendered":"https:\/\/blogopara.com.br\/?p=38984"},"modified":"2022-06-29T20:25:58","modified_gmt":"2022-06-29T23:25:58","slug":"pedro-guimaraes-oficializa-pedido-de-demissao-em-carta","status":"publish","type":"post","link":"https:\/\/blogopara.com.br\/index.php\/2022\/06\/30\/pedro-guimaraes-oficializa-pedido-de-demissao-em-carta","title":{"rendered":"Pedro Guimar\u00e3es oficializa pedido de demiss\u00e3o em carta"},"content":{"rendered":"<p class=\"bodytext\" style=\"text-align: justify;\">Pedro Guimar\u00e3es,&nbsp;<a href=\"https:\/\/www.correio24horas.com.br\/noticia\/nid\/presidente-da-caixa-economica-e-investigado-por-assedio-sexual\/\" target=\"_blank\" rel=\"noopener\">investigado pelo Minist\u00e9rio P\u00fablico Federal por ass\u00e9dio sexual<\/a>&nbsp;contra funcion\u00e1rias, oficializou o pedido de demiss\u00e3o da presid\u00eancia da Caixa&nbsp;em um&nbsp;encontro com o presidente Bolsonaro na tarde desta quarta-feira (29). As informa\u00e7\u00f5es s\u00e3o de Bela Megale, do Jornal O Globo.<\/p>\n<p class=\"bodytext\" style=\"text-align: justify;\">Em uma carta&nbsp;entregue ao presidente e dirigida aos brasileiros e aos colaboradores do banco, Guimar\u00e3es diz que&nbsp;\u00e9 alvo de uma \u201csitua\u00e7\u00e3o cruel, injusta, desigual e que ser\u00e1 corrigida na hora certa com a for\u00e7a da verdade\u201d.<\/p>\n<div class=\"single-publicidade\" style=\"text-align: justify;\">\n<div id=\"brasilemundo_300x250_01\" data-google-query-id=\"CNqG14_K0_gCFYS1lQId2hcPUg\">\n<div id=\"google_ads_iframe_\/44585206\/c24h_brasilemundo_300x250_01_0__container__\"><span style=\"font-size: revert; color: initial;\">No documento, Guimar\u00e3es diz que n\u00e3o teve tempo para se defender \u00e9 que pode &#8220;prejudicar a institui\u00e7\u00e3o ou o governo sendo um alvo para o rancor pol\u00edtico em um ano eleitoral&#8221;.<\/span><\/div>\n<\/div>\n<\/div>\n<p class=\"bodytext\" style=\"text-align: justify;\">O agora ex-presidente ressalta que&nbsp;deixa o cargo para se \u201cdefender das perversidades lan\u00e7adas contra mim, com o cora\u00e7\u00e3o tranquilo daqueles que n\u00e3o temem o que n\u00e3o fizeram\u201d e que sempre atuou &#8220;no combate a toda forma de ass\u00e9dio, repelindo toda e qualquer forma de viol\u00eancia, em quaisquer de suas poss\u00edveis configura\u00e7\u00f5es\u201d<\/p>\n<p class=\"bodytext\" style=\"text-align: justify;\">Veja \u00edntegra da carta de demiss\u00e3o de Pedro Guimar\u00e3es:<\/p>\n<div class=\"single-publicidade\" style=\"text-align: justify;\">\n<div id=\"div-gpt-ad-1558981264142-0\" data-google-query-id=\"CI-Hoe7J0_gCFfVGuAQdy3YA_g\">\n<div id=\"google_ads_iframe_\/44585206\/c24h_internas_300x250_03_0__container__\"><\/div>\n<\/div>\n<\/div>\n<p class=\"bodytext\" style=\"text-align: justify;\">\u201c\u00c0 popula\u00e7\u00e3o brasileira e, em especial, aos colaboradores e clientes da CAIXA:<\/p>\n<p class=\"bodytext\" style=\"text-align: justify;\">A partir de uma avalanche de not\u00edcias e informa\u00e7\u00f5es equivocadas, minha esposa, meus dois filhos, meu casamento de 18 anos e eu fomos atingidos por diversas acusa\u00e7\u00f5es feitas antes que se possa contrapor um m\u00ednimo de argumentos de defesa. \u00c9 uma situa\u00e7\u00e3o cruel, injusta, desigual e que ser\u00e1 corrigida na hora certa com a for\u00e7a da verdade.<\/p>\n<p class=\"bodytext\" style=\"text-align: justify;\">Foi indicada a exist\u00eancia de um inqu\u00e9rito sigiloso instaurado no Minist\u00e9rio P\u00fablico Federal, objetivando apurar den\u00fancias de casos de ass\u00e9dio sexual, no qual eu seria supostamente investigado. Diante do conte\u00fado das acusa\u00e7\u00f5es pessoais, graves e que atingem diretamente a minha imagem, al\u00e9m da de minha fam\u00edlia, venho a p\u00fablico me manifestar.<\/p>\n<div class=\"single-publicidade\" style=\"text-align: justify;\">\n<div id=\"div-gpt-ad-1558981401166-0\" data-google-query-id=\"CMuHmvXL0_gCFcamlQIdw-sODw\">\n<div id=\"google_ads_iframe_\/44585206\/c24h_internas_300x250_04_0__container__\"><span style=\"font-size: revert; color: initial;\">Ao longo dos \u00faltimos anos, desde a assun\u00e7\u00e3o da Presid\u00eancia da CAIXA, tenho me dedicado ao desenvolvimento de um trabalho de gest\u00e3o que prima pela garantia da igualdade de g\u00eaneros, tendo como um de seus principais pilares o reconhecimento da relev\u00e2ncia da lideran\u00e7a feminina em todos os n\u00edveis da empresa, buscando o desenvolvimento de rela\u00e7\u00f5es respeitosas no ambiente de trabalho e por meio de meritocracia.&nbsp;<\/span><\/div>\n<\/div>\n<\/div>\n<p class=\"bodytext\" style=\"text-align: justify;\">Como resultados diretos, al\u00e9m das muitas premia\u00e7\u00f5es recebidas, a CAIXA foi certificada na 6\u00aa edi\u00e7\u00e3o do Programa Pr\u00f3-Equidade de G\u00eanero e Ra\u00e7a, do Minist\u00e9rio da Mulher, da Fam\u00edlia e dos Direitos Humanos (MMFDH), al\u00e9m tamb\u00e9m de ter recebido o selo de Melhor Empresa para Trabalhar em 2021 \u2013 Great Place To Work\u00ae\ufe0f, por exigir de seus agentes e colaboradores, em todos os n\u00edveis, a observ\u00e2ncia dos pilares Credibilidade, Respeito, Imparcialidade e Orgulho.<\/p>\n<p class=\"bodytext\" style=\"text-align: justify;\">Essas s\u00e3o apenas algumas das importantes conquistas realizadas nesse trabalho, sempre pautado pela vis\u00e3o do respeito, da igualdade, da regularidade e da meritocracia, buscando oferecer o melhor resultado para a sociedade brasileira em todas as nossas atividades.<\/p>\n<div class=\"single-publicidade\" style=\"text-align: justify;\">\n<div id=\"div-gpt-ad-1558985512674-0\" data-google-query-id=\"CJrTp_XL0_gCFaSNlQIdOh4Jyg\">\n<div id=\"google_ads_iframe_\/44585206\/c24h_internas_300x250_05_0__container__\"><span style=\"font-size: revert; color: initial;\">Na atua\u00e7\u00e3o como Presidente da CAIXA, sempre me empenhei no combate a toda forma de ass\u00e9dio, repelindo toda e qualquer forma de viol\u00eancia, em quaisquer de suas poss\u00edveis configura\u00e7\u00f5es. A ascens\u00e3o profissional sempre decorre, em minha forma de ver, da capacidade e do merecimento, e nunca como qualquer possibilidade de troca de favores ou de pagamento por qualquer vantagem que possa ser oferecida.<\/span><\/div>\n<\/div>\n<\/div>\n<p class=\"bodytext\" style=\"text-align: justify;\">As acusa\u00e7\u00f5es noticiadas n\u00e3o s\u00e3o verdadeiras! Repito: as acusa\u00e7\u00f5es n\u00e3o s\u00e3o verdadeiras e n\u00e3o refletem a minha postura profissional e nem pessoal. Tenho a plena certeza de que estas acusa\u00e7\u00f5es n\u00e3o se sustentar\u00e3o ao passar por uma avalia\u00e7\u00e3o t\u00e9cnica e isenta.<\/p>\n<p class=\"bodytext\" style=\"text-align: justify;\">Todavia, n\u00e3o posso prejudicar a institui\u00e7\u00e3o ou o governo sendo um alvo para o rancor pol\u00edtico em um ano eleitoral. Se foi o prop\u00f3sito de colaborar que me fez aceitar o honroso desafio de presidir com integridade absoluta a CAIXA, \u00e9 com o mesmo prop\u00f3sito de colabora\u00e7\u00e3o que tenho de me afastar neste momento para n\u00e3o esmorecer o acervo de realiza\u00e7\u00f5es que n\u00e3o pertence a mim pessoalmente, pertence a toda a equipe que valorosamente pertence \u00e0 CAIXA e tamb\u00e9m ao apoio de todos as horas que sempre recebi do Senhor Presidente da Rep\u00fablica, Jair Bolsonaro.<\/p>\n<p>Correio*<\/p>\n","protected":false},"excerpt":{"rendered":"<p>Pedro Guimar\u00e3es,&nbsp;investigado pelo Minist\u00e9rio P\u00fablico Federal por ass\u00e9dio sexual&nbsp;contra funcion\u00e1rias, oficializou o pedido de demiss\u00e3o da presid\u00eancia da Caixa&nbsp;em um&nbsp;encontro com o presidente Bolsonaro na tarde desta quarta-feira (29). As informa\u00e7\u00f5es s\u00e3o de Bela Megale, do Jornal O Globo. Em uma carta&nbsp;entregue ao presidente e dirigida aos brasileiros e aos colaboradores do banco, Guimar\u00e3es diz [&hellip;]<\/p>\n","protected":false},"author":1,"featured_media":38985,"comment_status":"closed","ping_status":"open","sticky":false,"template":"","format":"standard","meta":{"_uag_custom_page_level_css":"","_monsterinsights_skip_tracking":false,"_monsterinsights_sitenote_active":false,"_monsterinsights_sitenote_note":"","_monsterinsights_sitenote_category":0,"jetpack_post_was_ever_published":false,"_jetpack_newsletter_access":"","_jetpack_dont_email_post_to_subs":false,"_jetpack_newsletter_tier_id":0,"_jetpack_memberships_contains_paywalled_content":false,"_jetpack_memberships_contains_paid_content":false,"footnotes":"","jetpack_publicize_message":"","jetpack_publicize_feature_enabled":true,"jetpack_social_post_already_shared":true,"jetpack_social_options":{"image_generator_settings":{"template":"highway","default_image_id":0,"font":"","enabled":false},"version":2}},"categories":[200],"tags":[4576,124,3467],"class_list":["post-38984","post","type-post","status-publish","format-standard","has-post-thumbnail","hentry","category-brasil","tag-assedio-sexual","tag-caixa-economica","tag-ex-presidente"],"jetpack_publicize_connections":[],"jetpack_featured_media_url":"https:\/\/blogopara.com.br\/wp-content\/uploads\/2022\/06\/caixa.jpg","uagb_featured_image_src":{"full":["https:\/\/blogopara.com.br\/wp-content\/uploads\/2022\/06\/caixa.jpg",500,300,false],"thumbnail":["https:\/\/blogopara.com.br\/wp-content\/uploads\/2022\/06\/caixa-150x150.jpg",150,150,true],"medium":["https:\/\/blogopara.com.br\/wp-content\/uploads\/2022\/06\/caixa-300x180.jpg",300,180,true],"medium_large":["https:\/\/blogopara.com.br\/wp-content\/uploads\/2022\/06\/caixa.jpg",500,300,false],"large":["https:\/\/blogopara.com.br\/wp-content\/uploads\/2022\/06\/caixa.jpg",500,300,false],"1536x1536":["https:\/\/blogopara.com.br\/wp-content\/uploads\/2022\/06\/caixa.jpg",500,300,false],"2048x2048":["https:\/\/blogopara.com.br\/wp-content\/uploads\/2022\/06\/caixa.jpg",500,300,false],"mantranews-slider-large":["https:\/\/blogopara.com.br\/wp-content\/uploads\/2022\/06\/caixa.jpg",500,300,false],"mantranews-featured-medium":["https:\/\/blogopara.com.br\/wp-content\/uploads\/2022\/06\/caixa-420x300.jpg",420,300,true],"mantranews-featured-long":["https:\/\/blogopara.com.br\/wp-content\/uploads\/2022\/06\/caixa-300x300.jpg",300,300,true],"mantranews-block-medium":["https:\/\/blogopara.com.br\/wp-content\/uploads\/2022\/06\/caixa-464x290.jpg",464,290,true],"mantranews-carousel-image":["https:\/\/blogopara.com.br\/wp-content\/uploads\/2022\/06\/caixa.jpg",500,300,false],"mantranews-block-thumb":["https:\/\/blogopara.com.br\/wp-content\/uploads\/2022\/06\/caixa-322x230.jpg",322,230,true],"mantranews-single-large":["https:\/\/blogopara.com.br\/wp-content\/uploads\/2022\/06\/caixa.jpg",500,300,false]},"uagb_author_info":{"display_name":"Reda\u00e7\u00e3o geral","author_link":"https:\/\/blogopara.com.br\/index.php\/author\/blogopara"},"uagb_comment_info":0,"uagb_excerpt":"Pedro Guimar\u00e3es,&nbsp;investigado pelo Minist\u00e9rio P\u00fablico Federal por ass\u00e9dio sexual&nbsp;contra funcion\u00e1rias, oficializou o pedido de demiss\u00e3o da presid\u00eancia da Caixa&nbsp;em um&nbsp;encontro com o presidente Bolsonaro na tarde desta quarta-feira (29). As informa\u00e7\u00f5es s\u00e3o de Bela Megale, do Jornal O Globo. Em uma carta&nbsp;entregue ao presidente e dirigida aos brasileiros e aos colaboradores do banco, Guimar\u00e3es diz&hellip;","jetpack_sharing_enabled":true,"jetpack_likes_enabled":true,"_links":{"self":[{"href":"https:\/\/blogopara.com.br\/index.php\/wp-json\/wp\/v2\/posts\/38984","targetHints":{"allow":["GET"]}}],"collection":[{"href":"https:\/\/blogopara.com.br\/index.php\/wp-json\/wp\/v2\/posts"}],"about":[{"href":"https:\/\/blogopara.com.br\/index.php\/wp-json\/wp\/v2\/types\/post"}],"author":[{"embeddable":true,"href":"https:\/\/blogopara.com.br\/index.php\/wp-json\/wp\/v2\/users\/1"}],"replies":[{"embeddable":true,"href":"https:\/\/blogopara.com.br\/index.php\/wp-json\/wp\/v2\/comments?post=38984"}],"version-history":[{"count":2,"href":"https:\/\/blogopara.com.br\/index.php\/wp-json\/wp\/v2\/posts\/38984\/revisions"}],"predecessor-version":[{"id":38987,"href":"https:\/\/blogopara.com.br\/index.php\/wp-json\/wp\/v2\/posts\/38984\/revisions\/38987"}],"wp:featuredmedia":[{"embeddable":true,"href":"https:\/\/blogopara.com.br\/index.php\/wp-json\/wp\/v2\/media\/38985"}],"wp:attachment":[{"href":"https:\/\/blogopara.com.br\/index.php\/wp-json\/wp\/v2\/media?parent=38984"}],"wp:term":[{"taxonomy":"category","embeddable":true,"href":"https:\/\/blogopara.com.br\/index.php\/wp-json\/wp\/v2\/categories?post=38984"},{"taxonomy":"post_tag","embeddable":true,"href":"https:\/\/blogopara.com.br\/index.php\/wp-json\/wp\/v2\/tags?post=38984"}],"curies":[{"name":"wp","href":"https:\/\/api.w.org\/{rel}","templated":true}]}}