{"id":38991,"date":"2022-06-30T14:45:00","date_gmt":"2022-06-30T17:45:00","guid":{"rendered":"https:\/\/blogopara.com.br\/?p=38991"},"modified":"2022-06-29T18:47:56","modified_gmt":"2022-06-29T21:47:56","slug":"prefeitura-de-juazeiro-firma-parceria-com-a-organizacao-da-xlll-expovale-evento-acontecera-em-setembro","status":"publish","type":"post","link":"https:\/\/blogopara.com.br\/index.php\/2022\/06\/30\/prefeitura-de-juazeiro-firma-parceria-com-a-organizacao-da-xlll-expovale-evento-acontecera-em-setembro","title":{"rendered":"Prefeitura de Juazeiro firma parceria com a organiza\u00e7\u00e3o da Xlll Expovale; evento acontecer\u00e1 em setembro"},"content":{"rendered":"<p style=\"font-weight: 400;\">A Prefeitura de Juazeiro, atrav\u00e9s do chefe de Gabinete Allan Jones, se reuniu na manh\u00e3 desta quarta-feira (29), com a comiss\u00e3o organizadora da Xlll Exposi\u00e7\u00e3o de Caprinos e Ovinos do Vale do S\u00e3o Francisco (Expovale). O objetivo foi firmar parceria para a realiza\u00e7\u00e3o do evento, que ir\u00e1 acontecer entre os dias 20 e 25 de setembro, na Orla ll. O vereador Mundeco tamb\u00e9m participou da reuni\u00e3o.<\/p>\n<p style=\"font-weight: 400;\">Para o chefe de Gabinete, apoiar e promover o agroneg\u00f3cio regional \u00e9 uma das prioridades da gest\u00e3o Suzana Ramos. \u201cEssa exposi\u00e7\u00e3o vai aquecer e incentivar as pessoas que trabalham com caprinos e ovinos nesta regi\u00e3o, que tem destaque no agroneg\u00f3cio, seja na \u00e1rea de fruticultura ou caprinovinocultura. Ent\u00e3o a gest\u00e3o municipal se coloca a inteira disposi\u00e7\u00e3o para a realiza\u00e7\u00e3o desse evento que j\u00e1 \u00e9 sucesso em todo o Vale do S\u00e3o Francisco\u201d, destacou Allan.<\/p>\n<p style=\"font-weight: 400;\">O coordenador da Expovale, Rubens Gon\u00e7alves, agradeceu a parceria da Prefeitura de Juazeiro. \u201cEstamos firmando uma parceria com a gest\u00e3o municipal, em nome da prefeita Suzana Ramos, para esse evento que move criadores de caprinos e ovinos do Brasil. \u00c9 uma satisfa\u00e7\u00e3o imensa receber o apoio da gest\u00e3o para nosso evento que fomenta toda essa grande regi\u00e3o do pa\u00eds\u201d, destaca o condenador.<\/p>\n<p style=\"font-weight: 400;\"><strong>Expovale<\/strong><\/p>\n<p style=\"font-weight: 400;\">A Expovale em Juazeiro j\u00e1 \u00e9 conhecida nacionalmente como o grande encontro dos criadores de caprinos e ovinos do Nordeste, reunindo al\u00e9m de criadores, t\u00e9cnicos, profissionais, estudantes, empresas do ramo, e todos os apaixonados pela atividade. A realiza\u00e7\u00e3o da XIII Expovale estimula e fortalece, ainda mais, a atividade agropecu\u00e1ria como um todo, em diferentes setores da cadeia produtiva e componentes necess\u00e1rios para o desenvolvimento sustent\u00e1vel do Vale do S\u00e3o Francisco.<\/p>\n<p>Ascom\/ PMJ<\/p>\n","protected":false},"excerpt":{"rendered":"<p>A Prefeitura de Juazeiro, atrav\u00e9s do chefe de Gabinete Allan Jones, se reuniu na manh\u00e3 desta quarta-feira (29), com a comiss\u00e3o organizadora da Xlll Exposi\u00e7\u00e3o de Caprinos e Ovinos do Vale do S\u00e3o Francisco (Expovale). O objetivo foi firmar parceria para a realiza\u00e7\u00e3o do evento, que ir\u00e1 acontecer entre os dias 20 e 25 de [&hellip;]<\/p>\n","protected":false},"author":1,"featured_media":38992,"comment_status":"closed","ping_status":"open","sticky":false,"template":"","format":"standard","meta":{"_uag_custom_page_level_css":"","_monsterinsights_skip_tracking":false,"_monsterinsights_sitenote_active":false,"_monsterinsights_sitenote_note":"","_monsterinsights_sitenote_category":0,"jetpack_post_was_ever_published":false,"_jetpack_newsletter_access":"","_jetpack_dont_email_post_to_subs":false,"_jetpack_newsletter_tier_id":0,"_jetpack_memberships_contains_paywalled_content":false,"_jetpack_memberships_contains_paid_content":false,"footnotes":"","jetpack_publicize_message":"","jetpack_publicize_feature_enabled":true,"jetpack_social_post_already_shared":true,"jetpack_social_options":{"image_generator_settings":{"template":"highway","default_image_id":0,"font":"","enabled":false},"version":2}},"categories":[206],"tags":[340],"class_list":["post-38991","post","type-post","status-publish","format-standard","has-post-thumbnail","hentry","category-economia","tag-prefeitura-de-juazeiro"],"jetpack_publicize_connections":[],"jetpack_featured_media_url":"https:\/\/blogopara.com.br\/wp-content\/uploads\/2022\/06\/EXPO.jpg","uagb_featured_image_src":{"full":["https:\/\/blogopara.com.br\/wp-content\/uploads\/2022\/06\/EXPO.jpg",500,300,false],"thumbnail":["https:\/\/blogopara.com.br\/wp-content\/uploads\/2022\/06\/EXPO-150x150.jpg",150,150,true],"medium":["https:\/\/blogopara.com.br\/wp-content\/uploads\/2022\/06\/EXPO-300x180.jpg",300,180,true],"medium_large":["https:\/\/blogopara.com.br\/wp-content\/uploads\/2022\/06\/EXPO.jpg",500,300,false],"large":["https:\/\/blogopara.com.br\/wp-content\/uploads\/2022\/06\/EXPO.jpg",500,300,false],"1536x1536":["https:\/\/blogopara.com.br\/wp-content\/uploads\/2022\/06\/EXPO.jpg",500,300,false],"2048x2048":["https:\/\/blogopara.com.br\/wp-content\/uploads\/2022\/06\/EXPO.jpg",500,300,false],"mantranews-slider-large":["https:\/\/blogopara.com.br\/wp-content\/uploads\/2022\/06\/EXPO.jpg",500,300,false],"mantranews-featured-medium":["https:\/\/blogopara.com.br\/wp-content\/uploads\/2022\/06\/EXPO-420x300.jpg",420,300,true],"mantranews-featured-long":["https:\/\/blogopara.com.br\/wp-content\/uploads\/2022\/06\/EXPO-300x300.jpg",300,300,true],"mantranews-block-medium":["https:\/\/blogopara.com.br\/wp-content\/uploads\/2022\/06\/EXPO-464x290.jpg",464,290,true],"mantranews-carousel-image":["https:\/\/blogopara.com.br\/wp-content\/uploads\/2022\/06\/EXPO.jpg",500,300,false],"mantranews-block-thumb":["https:\/\/blogopara.com.br\/wp-content\/uploads\/2022\/06\/EXPO-322x230.jpg",322,230,true],"mantranews-single-large":["https:\/\/blogopara.com.br\/wp-content\/uploads\/2022\/06\/EXPO.jpg",500,300,false]},"uagb_author_info":{"display_name":"Reda\u00e7\u00e3o geral","author_link":"https:\/\/blogopara.com.br\/index.php\/author\/blogopara"},"uagb_comment_info":0,"uagb_excerpt":"A Prefeitura de Juazeiro, atrav\u00e9s do chefe de Gabinete Allan Jones, se reuniu na manh\u00e3 desta quarta-feira (29), com a comiss\u00e3o organizadora da Xlll Exposi\u00e7\u00e3o de Caprinos e Ovinos do Vale do S\u00e3o Francisco (Expovale). O objetivo foi firmar parceria para a realiza\u00e7\u00e3o do evento, que ir\u00e1 acontecer entre os dias 20 e 25 de&hellip;","jetpack_sharing_enabled":true,"jetpack_likes_enabled":true,"_links":{"self":[{"href":"https:\/\/blogopara.com.br\/index.php\/wp-json\/wp\/v2\/posts\/38991","targetHints":{"allow":["GET"]}}],"collection":[{"href":"https:\/\/blogopara.com.br\/index.php\/wp-json\/wp\/v2\/posts"}],"about":[{"href":"https:\/\/blogopara.com.br\/index.php\/wp-json\/wp\/v2\/types\/post"}],"author":[{"embeddable":true,"href":"https:\/\/blogopara.com.br\/index.php\/wp-json\/wp\/v2\/users\/1"}],"replies":[{"embeddable":true,"href":"https:\/\/blogopara.com.br\/index.php\/wp-json\/wp\/v2\/comments?post=38991"}],"version-history":[{"count":1,"href":"https:\/\/blogopara.com.br\/index.php\/wp-json\/wp\/v2\/posts\/38991\/revisions"}],"predecessor-version":[{"id":38993,"href":"https:\/\/blogopara.com.br\/index.php\/wp-json\/wp\/v2\/posts\/38991\/revisions\/38993"}],"wp:featuredmedia":[{"embeddable":true,"href":"https:\/\/blogopara.com.br\/index.php\/wp-json\/wp\/v2\/media\/38992"}],"wp:attachment":[{"href":"https:\/\/blogopara.com.br\/index.php\/wp-json\/wp\/v2\/media?parent=38991"}],"wp:term":[{"taxonomy":"category","embeddable":true,"href":"https:\/\/blogopara.com.br\/index.php\/wp-json\/wp\/v2\/categories?post=38991"},{"taxonomy":"post_tag","embeddable":true,"href":"https:\/\/blogopara.com.br\/index.php\/wp-json\/wp\/v2\/tags?post=38991"}],"curies":[{"name":"wp","href":"https:\/\/api.w.org\/{rel}","templated":true}]}}