{"id":38997,"date":"2022-06-30T15:45:00","date_gmt":"2022-06-30T18:45:00","guid":{"rendered":"https:\/\/blogopara.com.br\/?p=38997"},"modified":"2022-06-29T20:47:21","modified_gmt":"2022-06-29T23:47:21","slug":"com-acordo-entre-governo-e-oposicao-al-ba-aprova-mudancas-na-lei-organica-da-pge","status":"publish","type":"post","link":"https:\/\/blogopara.com.br\/index.php\/2022\/06\/30\/com-acordo-entre-governo-e-oposicao-al-ba-aprova-mudancas-na-lei-organica-da-pge","title":{"rendered":"Com acordo entre governo e oposi\u00e7\u00e3o, AL-BA aprova mudan\u00e7as na Lei Org\u00e2nica da PGE"},"content":{"rendered":"<div class=\"box-body\" data-io-article-url=\"https:\/\/www.bahianoticias.com.br\/noticia\/269912-com-acordo-entre-governo-e-oposicao-al-ba-aprova-mudanca-na-lei-organica-da-pge.html\">\n<div class=\"text-descricao\">\n<p style=\"text-align: justify;\">A Assembleia Legislativa da Bahia (AL-BA) aprovou, nesta quarta-feira (29), por unanimidade, em sess\u00e3o extraordin\u00e1ria dirigida pelo presidente Adolfo Menezes (PSD), o Projeto de Lei Complementar (PLC) n\u00ba 145\/2022, de autoria do Poder Executivo, que promove altera\u00e7\u00f5es na Lei Org\u00e2nica da Procuradoria Geral do Estado (PGE).<\/p>\n<div style=\"text-align: justify;\">\n<div id=\"denakop-auto-intext-09545b8c-3380-4497-add1-09233e65f60e\" data-google-query-id=\"CJqN0sbq0_gCFTo3uQYdZtUPMA\">\n<div id=\"google_ads_iframe_\/21715141650,22412054744\/desktop_intext_0__container__\"><span style=\"font-size: revert; color: initial;\">A vota\u00e7\u00e3o da mat\u00e9ria ocorreu ap\u00f3s acordo entre os l\u00edderes \u2013 Rosemberg Pinto (PT), pela maioria, e Alan Sanches (UB), pela minoria \u2013 que dispensaram as formalidades regimentais.<\/span><\/div>\n<\/div>\n<\/div>\n<p style=\"text-align: justify;\">A proposi\u00e7\u00e3o acrescentou o Inciso IV ao Artigo 85 da Lei, que versa sobre percentual m\u00e1ximo da Gratifica\u00e7\u00e3o Especial de Desempenho, restabelecendo os 56,52% inscritos no Inciso I. Al\u00e9m disso, revogou-se os par\u00e1grafos 1\u00ba e 3\u00ba do mesmo dispositivo, relativos \u00e0 incorpora\u00e7\u00e3o de valores ao vencimento b\u00e1sico dos cargos e aos proventos de aposentadorias e pens\u00f5es, respectivamente.<\/p>\n<p style=\"text-align: justify;\">Ao encaminhar o PLC ao Parlamento baiano, o governador Rui Costa (PT) anotou que a iniciativa \u00e9 \u201cem prol de adapta\u00e7\u00f5es organizacionais que se afiguram necess\u00e1rias no \u00e2mbito da Procuradoria Geral do Estado\u201d, e solicitou urg\u00eancia na tramita\u00e7\u00e3o. Relatado por Rosemberg, o projeto n\u00e3o teve emenda.<\/p>\n<p style=\"text-align: justify;\">\n<\/div>\n<\/div>\n<div class=\"box-footer\">\n<div class=\"bar-share clearfix\">\n<div class=\"fb-like fb-btn fb_iframe_widget\" style=\"text-align: justify;\" data-href=\"https:\/\/www.bahianoticias.com.br\/noticia\/269912-com-acordo-entre-governo-e-oposicao-al-ba-aprova-mudanca-na-lei-organica-da-pge.html\" data-layout=\"button_count\" data-action=\"like\" data-show-faces=\"false\" data-share=\"true\">Bahia Noticias<\/div>\n<\/div>\n<\/div>\n","protected":false},"excerpt":{"rendered":"<p>A Assembleia Legislativa da Bahia (AL-BA) aprovou, nesta quarta-feira (29), por unanimidade, em sess\u00e3o extraordin\u00e1ria dirigida pelo presidente Adolfo Menezes (PSD), o Projeto de Lei Complementar (PLC) n\u00ba 145\/2022, de autoria do Poder Executivo, que promove altera\u00e7\u00f5es na Lei Org\u00e2nica da Procuradoria Geral do Estado (PGE). A vota\u00e7\u00e3o da mat\u00e9ria ocorreu ap\u00f3s acordo entre os [&hellip;]<\/p>\n","protected":false},"author":1,"featured_media":38998,"comment_status":"closed","ping_status":"open","sticky":false,"template":"","format":"standard","meta":{"_uag_custom_page_level_css":"","_monsterinsights_skip_tracking":false,"_monsterinsights_sitenote_active":false,"_monsterinsights_sitenote_note":"","_monsterinsights_sitenote_category":0,"jetpack_post_was_ever_published":false,"_jetpack_newsletter_access":"","_jetpack_dont_email_post_to_subs":false,"_jetpack_newsletter_tier_id":0,"_jetpack_memberships_contains_paywalled_content":false,"_jetpack_memberships_contains_paid_content":false,"footnotes":"","jetpack_publicize_message":"","jetpack_publicize_feature_enabled":true,"jetpack_social_post_already_shared":true,"jetpack_social_options":{"image_generator_settings":{"template":"highway","default_image_id":0,"font":"","enabled":false},"version":2}},"categories":[197],"tags":[802,966,2798],"class_list":["post-38997","post","type-post","status-publish","format-standard","has-post-thumbnail","hentry","category-politica","tag-alba","tag-lei","tag-pge"],"jetpack_publicize_connections":[],"jetpack_featured_media_url":"https:\/\/blogopara.com.br\/wp-content\/uploads\/2022\/06\/IMAGEM_NOTICIA_5-1-2.jpg","uagb_featured_image_src":{"full":["https:\/\/blogopara.com.br\/wp-content\/uploads\/2022\/06\/IMAGEM_NOTICIA_5-1-2.jpg",500,300,false],"thumbnail":["https:\/\/blogopara.com.br\/wp-content\/uploads\/2022\/06\/IMAGEM_NOTICIA_5-1-2-150x150.jpg",150,150,true],"medium":["https:\/\/blogopara.com.br\/wp-content\/uploads\/2022\/06\/IMAGEM_NOTICIA_5-1-2-300x180.jpg",300,180,true],"medium_large":["https:\/\/blogopara.com.br\/wp-content\/uploads\/2022\/06\/IMAGEM_NOTICIA_5-1-2.jpg",500,300,false],"large":["https:\/\/blogopara.com.br\/wp-content\/uploads\/2022\/06\/IMAGEM_NOTICIA_5-1-2.jpg",500,300,false],"1536x1536":["https:\/\/blogopara.com.br\/wp-content\/uploads\/2022\/06\/IMAGEM_NOTICIA_5-1-2.jpg",500,300,false],"2048x2048":["https:\/\/blogopara.com.br\/wp-content\/uploads\/2022\/06\/IMAGEM_NOTICIA_5-1-2.jpg",500,300,false],"mantranews-slider-large":["https:\/\/blogopara.com.br\/wp-content\/uploads\/2022\/06\/IMAGEM_NOTICIA_5-1-2.jpg",500,300,false],"mantranews-featured-medium":["https:\/\/blogopara.com.br\/wp-content\/uploads\/2022\/06\/IMAGEM_NOTICIA_5-1-2-420x300.jpg",420,300,true],"mantranews-featured-long":["https:\/\/blogopara.com.br\/wp-content\/uploads\/2022\/06\/IMAGEM_NOTICIA_5-1-2-300x300.jpg",300,300,true],"mantranews-block-medium":["https:\/\/blogopara.com.br\/wp-content\/uploads\/2022\/06\/IMAGEM_NOTICIA_5-1-2-464x290.jpg",464,290,true],"mantranews-carousel-image":["https:\/\/blogopara.com.br\/wp-content\/uploads\/2022\/06\/IMAGEM_NOTICIA_5-1-2.jpg",500,300,false],"mantranews-block-thumb":["https:\/\/blogopara.com.br\/wp-content\/uploads\/2022\/06\/IMAGEM_NOTICIA_5-1-2-322x230.jpg",322,230,true],"mantranews-single-large":["https:\/\/blogopara.com.br\/wp-content\/uploads\/2022\/06\/IMAGEM_NOTICIA_5-1-2.jpg",500,300,false]},"uagb_author_info":{"display_name":"Reda\u00e7\u00e3o geral","author_link":"https:\/\/blogopara.com.br\/index.php\/author\/blogopara"},"uagb_comment_info":0,"uagb_excerpt":"A Assembleia Legislativa da Bahia (AL-BA) aprovou, nesta quarta-feira (29), por unanimidade, em sess\u00e3o extraordin\u00e1ria dirigida pelo presidente Adolfo Menezes (PSD), o Projeto de Lei Complementar (PLC) n\u00ba 145\/2022, de autoria do Poder Executivo, que promove altera\u00e7\u00f5es na Lei Org\u00e2nica da Procuradoria Geral do Estado (PGE). A vota\u00e7\u00e3o da mat\u00e9ria ocorreu ap\u00f3s acordo entre os&hellip;","jetpack_sharing_enabled":true,"jetpack_likes_enabled":true,"_links":{"self":[{"href":"https:\/\/blogopara.com.br\/index.php\/wp-json\/wp\/v2\/posts\/38997","targetHints":{"allow":["GET"]}}],"collection":[{"href":"https:\/\/blogopara.com.br\/index.php\/wp-json\/wp\/v2\/posts"}],"about":[{"href":"https:\/\/blogopara.com.br\/index.php\/wp-json\/wp\/v2\/types\/post"}],"author":[{"embeddable":true,"href":"https:\/\/blogopara.com.br\/index.php\/wp-json\/wp\/v2\/users\/1"}],"replies":[{"embeddable":true,"href":"https:\/\/blogopara.com.br\/index.php\/wp-json\/wp\/v2\/comments?post=38997"}],"version-history":[{"count":1,"href":"https:\/\/blogopara.com.br\/index.php\/wp-json\/wp\/v2\/posts\/38997\/revisions"}],"predecessor-version":[{"id":38999,"href":"https:\/\/blogopara.com.br\/index.php\/wp-json\/wp\/v2\/posts\/38997\/revisions\/38999"}],"wp:featuredmedia":[{"embeddable":true,"href":"https:\/\/blogopara.com.br\/index.php\/wp-json\/wp\/v2\/media\/38998"}],"wp:attachment":[{"href":"https:\/\/blogopara.com.br\/index.php\/wp-json\/wp\/v2\/media?parent=38997"}],"wp:term":[{"taxonomy":"category","embeddable":true,"href":"https:\/\/blogopara.com.br\/index.php\/wp-json\/wp\/v2\/categories?post=38997"},{"taxonomy":"post_tag","embeddable":true,"href":"https:\/\/blogopara.com.br\/index.php\/wp-json\/wp\/v2\/tags?post=38997"}],"curies":[{"name":"wp","href":"https:\/\/api.w.org\/{rel}","templated":true}]}}