{"id":39089,"date":"2022-07-02T08:45:00","date_gmt":"2022-07-02T11:45:00","guid":{"rendered":"https:\/\/blogopara.com.br\/?p=39089"},"modified":"2022-07-01T22:05:15","modified_gmt":"2022-07-02T01:05:15","slug":"prefeitura-de-juazeiro-realiza-vacinacao-contra-covid-19-e-gripe-neste-sabado","status":"publish","type":"post","link":"https:\/\/blogopara.com.br\/index.php\/2022\/07\/02\/prefeitura-de-juazeiro-realiza-vacinacao-contra-covid-19-e-gripe-neste-sabado","title":{"rendered":"Prefeitura de Juazeiro realiza vacina\u00e7\u00e3o contra Covid-19 e gripe neste s\u00e1bado"},"content":{"rendered":"<p style=\"font-weight: 400; text-align: justify;\">Neste s\u00e1bado (2), a Prefeitura de Juazeiro, atrav\u00e9s da Secretaria de Sa\u00fade (Sesau), vai realizar vacina\u00e7\u00e3o contra a Covid-19 e tamb\u00e9m contra a Influenza (gripe). A vacina\u00e7\u00e3o ser\u00e1 no Ju\u00e1 Garden Shopping, das 8h30 \u00e0s 12h.<\/p>\n<p style=\"font-weight: 400; text-align: justify;\">A Campanha de Vacina\u00e7\u00e3o contra a Influenza foi ampliada para o p\u00fablico geral para pessoas a partir dos 6 meses de vida. \u00c9 preciso levar\u00a0RG, CPF ou Cart\u00e3o SUS e comprovante de resid\u00eancia.<\/p>\n<p style=\"font-weight: 400; text-align: justify;\">Haver\u00e1 primeira dose e segunda dose a partir de 5 anos, dose de refor\u00e7o a partir de 12 anos e quarta dose para popula\u00e7\u00e3o imunossuprimida, pessoas a partir de 40 anos e trabalhadores da sa\u00fade. O intervalo da dose de refor\u00e7o \u00e9 de 4 meses em rela\u00e7\u00e3o \u00e0 segunda dose. O intervalo da quarta dose \u00e9 de 4 meses em rela\u00e7\u00e3o \u00e0 dose de refor\u00e7o.<\/p>\n<p style=\"font-weight: 400; text-align: justify;\">\u00c9 preciso levar RG, CPF ou cart\u00e3o SUS e cart\u00e3o de vacina. Pessoas imunossuprimidas precisam levar original e c\u00f3pia do laudo m\u00e9dico. Profissionais de sa\u00fade precisam apresentar documentos que comprovem o v\u00ednculo profissional ativo. Crian\u00e7as devem estar acompanhadas do pai ou da m\u00e3e. No caso de estar com outro respons\u00e1vel, \u00e9 necess\u00e1rio que pai ou m\u00e3e emita uma autoriza\u00e7\u00e3o impressa e assinada.<\/p>\n<p style=\"font-weight: 400; text-align: justify;\">Ascom Sesau\/PMJ<\/p>\n","protected":false},"excerpt":{"rendered":"<p>Neste s\u00e1bado (2), a Prefeitura de Juazeiro, atrav\u00e9s da Secretaria de Sa\u00fade (Sesau), vai realizar vacina\u00e7\u00e3o contra a Covid-19 e tamb\u00e9m contra a Influenza (gripe). A vacina\u00e7\u00e3o ser\u00e1 no Ju\u00e1 Garden Shopping, das 8h30 \u00e0s 12h. A Campanha de Vacina\u00e7\u00e3o contra a Influenza foi ampliada para o p\u00fablico geral para pessoas a partir dos 6 [&hellip;]<\/p>\n","protected":false},"author":1,"featured_media":35831,"comment_status":"closed","ping_status":"open","sticky":false,"template":"","format":"standard","meta":{"_uag_custom_page_level_css":"","_monsterinsights_skip_tracking":false,"_monsterinsights_sitenote_active":false,"_monsterinsights_sitenote_note":"","_monsterinsights_sitenote_category":0,"jetpack_post_was_ever_published":false,"_jetpack_newsletter_access":"","_jetpack_dont_email_post_to_subs":false,"_jetpack_newsletter_tier_id":0,"_jetpack_memberships_contains_paywalled_content":false,"_jetpack_memberships_contains_paid_content":false,"footnotes":"","jetpack_publicize_message":"","jetpack_publicize_feature_enabled":true,"jetpack_social_post_already_shared":true,"jetpack_social_options":{"image_generator_settings":{"template":"highway","default_image_id":0,"font":"","enabled":false},"version":2}},"categories":[203,205],"tags":[340,2706],"class_list":["post-39089","post","type-post","status-publish","format-standard","has-post-thumbnail","hentry","category-juazeiro","category-saude","tag-prefeitura-de-juazeiro","tag-saude"],"jetpack_publicize_connections":[],"jetpack_featured_media_url":"https:\/\/blogopara.com.br\/wp-content\/uploads\/2022\/04\/Vacinacao-Covid-19.jpg","uagb_featured_image_src":{"full":["https:\/\/blogopara.com.br\/wp-content\/uploads\/2022\/04\/Vacinacao-Covid-19.jpg",500,333,false],"thumbnail":["https:\/\/blogopara.com.br\/wp-content\/uploads\/2022\/04\/Vacinacao-Covid-19-150x150.jpg",150,150,true],"medium":["https:\/\/blogopara.com.br\/wp-content\/uploads\/2022\/04\/Vacinacao-Covid-19-300x200.jpg",300,200,true],"medium_large":["https:\/\/blogopara.com.br\/wp-content\/uploads\/2022\/04\/Vacinacao-Covid-19.jpg",500,333,false],"large":["https:\/\/blogopara.com.br\/wp-content\/uploads\/2022\/04\/Vacinacao-Covid-19.jpg",500,333,false],"1536x1536":["https:\/\/blogopara.com.br\/wp-content\/uploads\/2022\/04\/Vacinacao-Covid-19.jpg",500,333,false],"2048x2048":["https:\/\/blogopara.com.br\/wp-content\/uploads\/2022\/04\/Vacinacao-Covid-19.jpg",500,333,false],"mantranews-slider-large":["https:\/\/blogopara.com.br\/wp-content\/uploads\/2022\/04\/Vacinacao-Covid-19.jpg",500,333,false],"mantranews-featured-medium":["https:\/\/blogopara.com.br\/wp-content\/uploads\/2022\/04\/Vacinacao-Covid-19-420x307.jpg",420,307,true],"mantranews-featured-long":["https:\/\/blogopara.com.br\/wp-content\/uploads\/2022\/04\/Vacinacao-Covid-19-300x333.jpg",300,333,true],"mantranews-block-medium":["https:\/\/blogopara.com.br\/wp-content\/uploads\/2022\/04\/Vacinacao-Covid-19-464x290.jpg",464,290,true],"mantranews-carousel-image":["https:\/\/blogopara.com.br\/wp-content\/uploads\/2022\/04\/Vacinacao-Covid-19.jpg",500,333,false],"mantranews-block-thumb":["https:\/\/blogopara.com.br\/wp-content\/uploads\/2022\/04\/Vacinacao-Covid-19-322x230.jpg",322,230,true],"mantranews-single-large":["https:\/\/blogopara.com.br\/wp-content\/uploads\/2022\/04\/Vacinacao-Covid-19.jpg",500,333,false]},"uagb_author_info":{"display_name":"Reda\u00e7\u00e3o geral","author_link":"https:\/\/blogopara.com.br\/index.php\/author\/blogopara"},"uagb_comment_info":0,"uagb_excerpt":"Neste s\u00e1bado (2), a Prefeitura de Juazeiro, atrav\u00e9s da Secretaria de Sa\u00fade (Sesau), vai realizar vacina\u00e7\u00e3o contra a Covid-19 e tamb\u00e9m contra a Influenza (gripe). A vacina\u00e7\u00e3o ser\u00e1 no Ju\u00e1 Garden Shopping, das 8h30 \u00e0s 12h. A Campanha de Vacina\u00e7\u00e3o contra a Influenza foi ampliada para o p\u00fablico geral para pessoas a partir dos 6&hellip;","jetpack_sharing_enabled":true,"jetpack_likes_enabled":true,"_links":{"self":[{"href":"https:\/\/blogopara.com.br\/index.php\/wp-json\/wp\/v2\/posts\/39089","targetHints":{"allow":["GET"]}}],"collection":[{"href":"https:\/\/blogopara.com.br\/index.php\/wp-json\/wp\/v2\/posts"}],"about":[{"href":"https:\/\/blogopara.com.br\/index.php\/wp-json\/wp\/v2\/types\/post"}],"author":[{"embeddable":true,"href":"https:\/\/blogopara.com.br\/index.php\/wp-json\/wp\/v2\/users\/1"}],"replies":[{"embeddable":true,"href":"https:\/\/blogopara.com.br\/index.php\/wp-json\/wp\/v2\/comments?post=39089"}],"version-history":[{"count":1,"href":"https:\/\/blogopara.com.br\/index.php\/wp-json\/wp\/v2\/posts\/39089\/revisions"}],"predecessor-version":[{"id":39090,"href":"https:\/\/blogopara.com.br\/index.php\/wp-json\/wp\/v2\/posts\/39089\/revisions\/39090"}],"wp:featuredmedia":[{"embeddable":true,"href":"https:\/\/blogopara.com.br\/index.php\/wp-json\/wp\/v2\/media\/35831"}],"wp:attachment":[{"href":"https:\/\/blogopara.com.br\/index.php\/wp-json\/wp\/v2\/media?parent=39089"}],"wp:term":[{"taxonomy":"category","embeddable":true,"href":"https:\/\/blogopara.com.br\/index.php\/wp-json\/wp\/v2\/categories?post=39089"},{"taxonomy":"post_tag","embeddable":true,"href":"https:\/\/blogopara.com.br\/index.php\/wp-json\/wp\/v2\/tags?post=39089"}],"curies":[{"name":"wp","href":"https:\/\/api.w.org\/{rel}","templated":true}]}}