{"id":39114,"date":"2022-07-02T15:31:00","date_gmt":"2022-07-02T18:31:00","guid":{"rendered":"https:\/\/blogopara.com.br\/?p=39114"},"modified":"2022-07-02T10:35:29","modified_gmt":"2022-07-02T13:35:29","slug":"prefeitura-de-juazeiro-atende-comunidades-e-leva-agua-para-cemiterios-do-interior","status":"publish","type":"post","link":"https:\/\/blogopara.com.br\/index.php\/2022\/07\/02\/prefeitura-de-juazeiro-atende-comunidades-e-leva-agua-para-cemiterios-do-interior","title":{"rendered":"Prefeitura de Juazeiro atende comunidades e leva \u00e1gua para cemit\u00e9rios do interior"},"content":{"rendered":"<p style=\"font-weight: 400; text-align: justify;\">A Prefeitura de Juazeiro, por meio do Servi\u00e7o de \u00c1gua e Saneamento Ambiental (SAAE), atendeu uma reivindica\u00e7\u00e3o antiga das fam\u00edlias do interior do munic\u00edpio e iniciou esta semana a tarefa de levar \u00e1gua aos cemit\u00e9rios locais.<\/p>\n<p style=\"font-weight: 400; text-align: justify;\">Com o fornecimento de \u00e1gua os cemit\u00e9rios agora poder\u00e3o ter \u00e1reas de vel\u00f3rios, banheiros e at\u00e9 jardins, oferecendo assim dignidade aos familiares que forem sepultar seus entes queridos.<\/p>\n<p style=\"font-weight: 400; text-align: justify;\">As fam\u00edlias reclamavam da impossibilidade de limpar os t\u00famulos por causa da falta de \u00e1gua. O cemit\u00e9rio da comunidade da Tapera foi o primeiro a ser beneficiado, atendendo um pedido dos moradores de Umbuzeiro, Alfavaca e de outras comunidades pr\u00f3ximas.<\/p>\n<p style=\"font-weight: 400; text-align: justify;\">Jos\u00e9 Lair, morador da Tapera, disse que h\u00e1 10 anos as fam\u00edlias reivindicavam essa iniciativa. \u201cN\u00f3s, salitreiros, estamos muito felizes. Foram mais de 10 anos pedindo ao munic\u00edpio essa \u00e1gua para o nosso cemit\u00e9rio. Agora podemos fazer um jardim bonito, plantar flores em honra aos nossos parentes que j\u00e1 se foram. N\u00f3s s\u00f3 temos a agradecer \u00e0 prefeita Suzana Ramos pela aten\u00e7\u00e3o\u201d, disse Lair.<\/p>\n<p style=\"font-weight: 400; text-align: justify;\">O gestor do SAAE, Britoaldo Bessa falou da iniciativa. \u201cQueremos dar aos cemit\u00e9rios da zona rural a mesma aten\u00e7\u00e3o que n\u00f3s damos para a zona urbana. Essa quest\u00e3o da \u00e1gua nos cemit\u00e9rios do interior, as fam\u00edlias j\u00e1 vinham pedindo h\u00e1 muito tempo e a nossa prefeita sinalizou para que possamos atender\u201d, pontuou Britoaldo.<\/p>\n","protected":false},"excerpt":{"rendered":"<p>A Prefeitura de Juazeiro, por meio do Servi\u00e7o de \u00c1gua e Saneamento Ambiental (SAAE), atendeu uma reivindica\u00e7\u00e3o antiga das fam\u00edlias do interior do munic\u00edpio e iniciou esta semana a tarefa de levar \u00e1gua aos cemit\u00e9rios locais. Com o fornecimento de \u00e1gua os cemit\u00e9rios agora poder\u00e3o ter \u00e1reas de vel\u00f3rios, banheiros e at\u00e9 jardins, oferecendo assim [&hellip;]<\/p>\n","protected":false},"author":1,"featured_media":39115,"comment_status":"closed","ping_status":"open","sticky":false,"template":"","format":"standard","meta":{"_uag_custom_page_level_css":"","_monsterinsights_skip_tracking":false,"_monsterinsights_sitenote_active":false,"_monsterinsights_sitenote_note":"","_monsterinsights_sitenote_category":0,"jetpack_post_was_ever_published":false,"_jetpack_newsletter_access":"","_jetpack_dont_email_post_to_subs":false,"_jetpack_newsletter_tier_id":0,"_jetpack_memberships_contains_paywalled_content":false,"_jetpack_memberships_contains_paid_content":false,"footnotes":"","jetpack_publicize_message":"","jetpack_publicize_feature_enabled":true,"jetpack_social_post_already_shared":true,"jetpack_social_options":{"image_generator_settings":{"template":"highway","default_image_id":0,"font":"","enabled":false},"version":2}},"categories":[203],"tags":[340,7744],"class_list":["post-39114","post","type-post","status-publish","format-standard","has-post-thumbnail","hentry","category-juazeiro","tag-prefeitura-de-juazeiro","tag-saae-juazeiro-ba"],"jetpack_publicize_connections":[],"jetpack_featured_media_url":"https:\/\/blogopara.com.br\/wp-content\/uploads\/2022\/07\/saae.jpg","uagb_featured_image_src":{"full":["https:\/\/blogopara.com.br\/wp-content\/uploads\/2022\/07\/saae.jpg",500,500,false],"thumbnail":["https:\/\/blogopara.com.br\/wp-content\/uploads\/2022\/07\/saae-150x150.jpg",150,150,true],"medium":["https:\/\/blogopara.com.br\/wp-content\/uploads\/2022\/07\/saae-300x300.jpg",300,300,true],"medium_large":["https:\/\/blogopara.com.br\/wp-content\/uploads\/2022\/07\/saae.jpg",500,500,false],"large":["https:\/\/blogopara.com.br\/wp-content\/uploads\/2022\/07\/saae.jpg",500,500,false],"1536x1536":["https:\/\/blogopara.com.br\/wp-content\/uploads\/2022\/07\/saae.jpg",500,500,false],"2048x2048":["https:\/\/blogopara.com.br\/wp-content\/uploads\/2022\/07\/saae.jpg",500,500,false],"mantranews-slider-large":["https:\/\/blogopara.com.br\/wp-content\/uploads\/2022\/07\/saae.jpg",500,500,false],"mantranews-featured-medium":["https:\/\/blogopara.com.br\/wp-content\/uploads\/2022\/07\/saae-420x307.jpg",420,307,true],"mantranews-featured-long":["https:\/\/blogopara.com.br\/wp-content\/uploads\/2022\/07\/saae-300x443.jpg",300,443,true],"mantranews-block-medium":["https:\/\/blogopara.com.br\/wp-content\/uploads\/2022\/07\/saae-464x290.jpg",464,290,true],"mantranews-carousel-image":["https:\/\/blogopara.com.br\/wp-content\/uploads\/2022\/07\/saae.jpg",500,500,false],"mantranews-block-thumb":["https:\/\/blogopara.com.br\/wp-content\/uploads\/2022\/07\/saae-322x230.jpg",322,230,true],"mantranews-single-large":["https:\/\/blogopara.com.br\/wp-content\/uploads\/2022\/07\/saae.jpg",500,500,false]},"uagb_author_info":{"display_name":"Reda\u00e7\u00e3o geral","author_link":"https:\/\/blogopara.com.br\/index.php\/author\/blogopara"},"uagb_comment_info":0,"uagb_excerpt":"A Prefeitura de Juazeiro, por meio do Servi\u00e7o de \u00c1gua e Saneamento Ambiental (SAAE), atendeu uma reivindica\u00e7\u00e3o antiga das fam\u00edlias do interior do munic\u00edpio e iniciou esta semana a tarefa de levar \u00e1gua aos cemit\u00e9rios locais. Com o fornecimento de \u00e1gua os cemit\u00e9rios agora poder\u00e3o ter \u00e1reas de vel\u00f3rios, banheiros e at\u00e9 jardins, oferecendo assim&hellip;","jetpack_sharing_enabled":true,"jetpack_likes_enabled":true,"_links":{"self":[{"href":"https:\/\/blogopara.com.br\/index.php\/wp-json\/wp\/v2\/posts\/39114","targetHints":{"allow":["GET"]}}],"collection":[{"href":"https:\/\/blogopara.com.br\/index.php\/wp-json\/wp\/v2\/posts"}],"about":[{"href":"https:\/\/blogopara.com.br\/index.php\/wp-json\/wp\/v2\/types\/post"}],"author":[{"embeddable":true,"href":"https:\/\/blogopara.com.br\/index.php\/wp-json\/wp\/v2\/users\/1"}],"replies":[{"embeddable":true,"href":"https:\/\/blogopara.com.br\/index.php\/wp-json\/wp\/v2\/comments?post=39114"}],"version-history":[{"count":1,"href":"https:\/\/blogopara.com.br\/index.php\/wp-json\/wp\/v2\/posts\/39114\/revisions"}],"predecessor-version":[{"id":39116,"href":"https:\/\/blogopara.com.br\/index.php\/wp-json\/wp\/v2\/posts\/39114\/revisions\/39116"}],"wp:featuredmedia":[{"embeddable":true,"href":"https:\/\/blogopara.com.br\/index.php\/wp-json\/wp\/v2\/media\/39115"}],"wp:attachment":[{"href":"https:\/\/blogopara.com.br\/index.php\/wp-json\/wp\/v2\/media?parent=39114"}],"wp:term":[{"taxonomy":"category","embeddable":true,"href":"https:\/\/blogopara.com.br\/index.php\/wp-json\/wp\/v2\/categories?post=39114"},{"taxonomy":"post_tag","embeddable":true,"href":"https:\/\/blogopara.com.br\/index.php\/wp-json\/wp\/v2\/tags?post=39114"}],"curies":[{"name":"wp","href":"https:\/\/api.w.org\/{rel}","templated":true}]}}