{"id":39144,"date":"2022-07-03T13:05:00","date_gmt":"2022-07-03T16:05:00","guid":{"rendered":"https:\/\/blogopara.com.br\/?p=39144"},"modified":"2022-07-02T16:08:06","modified_gmt":"2022-07-02T19:08:06","slug":"para-melhorar-condicoes-do-mercado-do-produtor-de-juazeiro-diretoria-segue-discutindo-novo-ordenamento-com-representantes-de-diversos-setores","status":"publish","type":"post","link":"https:\/\/blogopara.com.br\/index.php\/2022\/07\/03\/para-melhorar-condicoes-do-mercado-do-produtor-de-juazeiro-diretoria-segue-discutindo-novo-ordenamento-com-representantes-de-diversos-setores","title":{"rendered":"Para melhorar condi\u00e7\u00f5es do Mercado do Produtor de Juazeiro, diretoria segue discutindo novo ordenamento com representantes de diversos setores"},"content":{"rendered":"<p style=\"text-align: justify;\">Para melhorar condi\u00e7\u00f5es do Mercado do Produtor de Juazeiro, diretoria segue discutindo novo ordenamento com representantes de diversos setores<\/p>\n<p style=\"text-align: justify;\">Em busca de um novo ordenamento, a diretoria da Autarquia Municipal de Abastecimento (AMA) de Juazeiro vem se reunindo com representantes de diversos setores do Mercado do Produtor. O bom funcionamento do entreposto de alimentos esbarra em uma s\u00e9rie de demandas envolvendo ordenamento, como o uso dos espa\u00e7os, disposi\u00e7\u00e3o das mercadorias, locais com ocupa\u00e7\u00e3o inadequadas e o tr\u00e1fego.<\/p>\n<p style=\"text-align: justify;\">O atual gestor da autarquia, Carlos Neiva, que assumiu o cargo h\u00e1 cerca de dois meses, tem conversado regularmente com comerciantes, representantes de setores, carrinheiros e com a qualificada equipe de servidores. Na sexta-feira (01), juntamente com o diretor operacional, Irm\u00e3o Bastos, e o superintendente operacional, Domingos Viana, Neiva se reuniu com comerciantes de mais um setor na busca incessante de melhorias no ordenamento do Mercado.<\/p>\n<p style=\"text-align: justify;\">\u201cCom a nossa convoca\u00e7\u00e3o pela prefeita Suzana Ramos, n\u00f3s estamos chegando com a miss\u00e3o de enfrentar as demandas hist\u00f3ricas do Mercado do Produtor e o ordenamento \u00e9 uma das quest\u00f5es mais importantes, porque permite melhorar as condi\u00e7\u00f5es de comercializa\u00e7\u00e3o, do tr\u00e1fego, da circula\u00e7\u00e3o de clientes, por isso, precisamos ser firmes no prop\u00f3sito de colocar ordem no espa\u00e7o do mercado\u201d, explicou Carlos Neiva.<\/p>\n\n\n<p>Ascom PMJ<\/p>\n","protected":false},"excerpt":{"rendered":"<p>Para melhorar condi\u00e7\u00f5es do Mercado do Produtor de Juazeiro, diretoria segue discutindo novo ordenamento com representantes de diversos setores Em busca de um novo ordenamento, a diretoria da Autarquia Municipal de Abastecimento (AMA) de Juazeiro vem se reunindo com representantes de diversos setores do Mercado do Produtor. O bom funcionamento do entreposto de alimentos esbarra [&hellip;]<\/p>\n","protected":false},"author":1,"featured_media":30929,"comment_status":"closed","ping_status":"open","sticky":false,"template":"","format":"standard","meta":{"_uag_custom_page_level_css":"","_monsterinsights_skip_tracking":false,"_monsterinsights_sitenote_active":false,"_monsterinsights_sitenote_note":"","_monsterinsights_sitenote_category":0,"jetpack_post_was_ever_published":false,"_jetpack_newsletter_access":"","_jetpack_dont_email_post_to_subs":false,"_jetpack_newsletter_tier_id":0,"_jetpack_memberships_contains_paywalled_content":false,"_jetpack_memberships_contains_paid_content":false,"footnotes":"","jetpack_publicize_message":"","jetpack_publicize_feature_enabled":true,"jetpack_social_post_already_shared":true,"jetpack_social_options":{"image_generator_settings":{"template":"highway","default_image_id":0,"font":"","enabled":false},"version":2}},"categories":[203],"tags":[305],"class_list":["post-39144","post","type-post","status-publish","format-standard","has-post-thumbnail","hentry","category-juazeiro","tag-mercado-do-produtor"],"jetpack_publicize_connections":[],"jetpack_featured_media_url":"https:\/\/blogopara.com.br\/wp-content\/uploads\/2021\/12\/Mercado-do-Produtor.jpg","uagb_featured_image_src":{"full":["https:\/\/blogopara.com.br\/wp-content\/uploads\/2021\/12\/Mercado-do-Produtor.jpg",500,333,false],"thumbnail":["https:\/\/blogopara.com.br\/wp-content\/uploads\/2021\/12\/Mercado-do-Produtor-150x150.jpg",150,150,true],"medium":["https:\/\/blogopara.com.br\/wp-content\/uploads\/2021\/12\/Mercado-do-Produtor-300x200.jpg",300,200,true],"medium_large":["https:\/\/blogopara.com.br\/wp-content\/uploads\/2021\/12\/Mercado-do-Produtor.jpg",500,333,false],"large":["https:\/\/blogopara.com.br\/wp-content\/uploads\/2021\/12\/Mercado-do-Produtor.jpg",500,333,false],"1536x1536":["https:\/\/blogopara.com.br\/wp-content\/uploads\/2021\/12\/Mercado-do-Produtor.jpg",500,333,false],"2048x2048":["https:\/\/blogopara.com.br\/wp-content\/uploads\/2021\/12\/Mercado-do-Produtor.jpg",500,333,false],"mantranews-slider-large":["https:\/\/blogopara.com.br\/wp-content\/uploads\/2021\/12\/Mercado-do-Produtor.jpg",500,333,false],"mantranews-featured-medium":["https:\/\/blogopara.com.br\/wp-content\/uploads\/2021\/12\/Mercado-do-Produtor-420x307.jpg",420,307,true],"mantranews-featured-long":["https:\/\/blogopara.com.br\/wp-content\/uploads\/2021\/12\/Mercado-do-Produtor-300x333.jpg",300,333,true],"mantranews-block-medium":["https:\/\/blogopara.com.br\/wp-content\/uploads\/2021\/12\/Mercado-do-Produtor-464x290.jpg",464,290,true],"mantranews-carousel-image":["https:\/\/blogopara.com.br\/wp-content\/uploads\/2021\/12\/Mercado-do-Produtor.jpg",500,333,false],"mantranews-block-thumb":["https:\/\/blogopara.com.br\/wp-content\/uploads\/2021\/12\/Mercado-do-Produtor-322x230.jpg",322,230,true],"mantranews-single-large":["https:\/\/blogopara.com.br\/wp-content\/uploads\/2021\/12\/Mercado-do-Produtor.jpg",500,333,false]},"uagb_author_info":{"display_name":"Reda\u00e7\u00e3o geral","author_link":"https:\/\/blogopara.com.br\/index.php\/author\/blogopara"},"uagb_comment_info":0,"uagb_excerpt":"Para melhorar condi\u00e7\u00f5es do Mercado do Produtor de Juazeiro, diretoria segue discutindo novo ordenamento com representantes de diversos setores Em busca de um novo ordenamento, a diretoria da Autarquia Municipal de Abastecimento (AMA) de Juazeiro vem se reunindo com representantes de diversos setores do Mercado do Produtor. O bom funcionamento do entreposto de alimentos esbarra&hellip;","jetpack_sharing_enabled":true,"jetpack_likes_enabled":true,"_links":{"self":[{"href":"https:\/\/blogopara.com.br\/index.php\/wp-json\/wp\/v2\/posts\/39144","targetHints":{"allow":["GET"]}}],"collection":[{"href":"https:\/\/blogopara.com.br\/index.php\/wp-json\/wp\/v2\/posts"}],"about":[{"href":"https:\/\/blogopara.com.br\/index.php\/wp-json\/wp\/v2\/types\/post"}],"author":[{"embeddable":true,"href":"https:\/\/blogopara.com.br\/index.php\/wp-json\/wp\/v2\/users\/1"}],"replies":[{"embeddable":true,"href":"https:\/\/blogopara.com.br\/index.php\/wp-json\/wp\/v2\/comments?post=39144"}],"version-history":[{"count":1,"href":"https:\/\/blogopara.com.br\/index.php\/wp-json\/wp\/v2\/posts\/39144\/revisions"}],"predecessor-version":[{"id":39145,"href":"https:\/\/blogopara.com.br\/index.php\/wp-json\/wp\/v2\/posts\/39144\/revisions\/39145"}],"wp:featuredmedia":[{"embeddable":true,"href":"https:\/\/blogopara.com.br\/index.php\/wp-json\/wp\/v2\/media\/30929"}],"wp:attachment":[{"href":"https:\/\/blogopara.com.br\/index.php\/wp-json\/wp\/v2\/media?parent=39144"}],"wp:term":[{"taxonomy":"category","embeddable":true,"href":"https:\/\/blogopara.com.br\/index.php\/wp-json\/wp\/v2\/categories?post=39144"},{"taxonomy":"post_tag","embeddable":true,"href":"https:\/\/blogopara.com.br\/index.php\/wp-json\/wp\/v2\/tags?post=39144"}],"curies":[{"name":"wp","href":"https:\/\/api.w.org\/{rel}","templated":true}]}}