{"id":39176,"date":"2022-07-03T16:48:00","date_gmt":"2022-07-03T19:48:00","guid":{"rendered":"https:\/\/blogopara.com.br\/?p=39176"},"modified":"2022-07-03T10:48:28","modified_gmt":"2022-07-03T13:48:28","slug":"lula-posta-foto-com-publico-duplicado-em-salvador-e-vira-alvo-de-adversarios-nas-redes-sociais","status":"publish","type":"post","link":"https:\/\/blogopara.com.br\/index.php\/2022\/07\/03\/lula-posta-foto-com-publico-duplicado-em-salvador-e-vira-alvo-de-adversarios-nas-redes-sociais","title":{"rendered":"Lula posta foto com p\u00fablico duplicado em Salvador e vira alvo de advers\u00e1rios nas redes sociais"},"content":{"rendered":"<p class=\"text\" style=\"text-align: justify;\">O ex-presidente\u00a0<b>Luiz In\u00e1cio Lula da Silva<\/b>\u00a0(PT) publicou uma foto com p\u00fablico duplicado e virou alvo de cr\u00edticos em redes sociais. A imagem retrata a caminhada em que o pr\u00e9-candidato ao Pal\u00e1cio do Planalto participou em Salvador, neste s\u00e1bado, 2, durante a comemora\u00e7\u00e3o da Independ\u00eancia do Brasil na Bahia. A foto levou a acusa\u00e7\u00f5es de montagem para aumentar o p\u00fablico presente.<\/p>\n<div class=\"twitter-tweet twitter-tweet-rendered\" style=\"text-align: justify;\"><iframe id=\"twitter-widget-0\" class=\"\" title=\"Twitter Tweet\" src=\"https:\/\/platform.twitter.com\/embed\/Tweet.html?dnt=true&amp;embedId=twitter-widget-0&amp;features=eyJ0ZndfdHdlZXRfZWRpdF9iYWNrZW5kIjp7ImJ1Y2tldCI6Im9mZiIsInZlcnNpb24iOm51bGx9LCJ0ZndfcmVmc3JjX3Nlc3Npb24iOnsiYnVja2V0Ijoib2ZmIiwidmVyc2lvbiI6bnVsbH0sInRmd190d2VldF9yZXN1bHRfbWlncmF0aW9uXzEzOTc5Ijp7ImJ1Y2tldCI6InR3ZWV0X3Jlc3VsdCIsInZlcnNpb24iOm51bGx9LCJ0Zndfc2Vuc2l0aXZlX21lZGlhX2ludGVyc3RpdGlhbF8xMzk2MyI6eyJidWNrZXQiOiJpbnRlcnN0aXRpYWwiLCJ2ZXJzaW9uIjpudWxsfSwidGZ3X2V4cGVyaW1lbnRzX2Nvb2tpZV9leHBpcmF0aW9uIjp7ImJ1Y2tldCI6MTIwOTYwMCwidmVyc2lvbiI6bnVsbH0sInRmd191c2VyX2ZvbGxvd19pbnRlbnRfMTQ0MDYiOnsiYnVja2V0IjoiZm9sbG93IiwidmVyc2lvbiI6bnVsbH0sInRmd190d2VldF9lZGl0X2Zyb250ZW5kIjp7ImJ1Y2tldCI6Im9mZiIsInZlcnNpb24iOm51bGx9fQ%3D%3D&amp;frame=false&amp;hideCard=false&amp;hideThread=false&amp;id=1543239318948532226&amp;lang=pt&amp;origin=https%3A%2F%2Fwww.terra.com.br%2Fnoticias%2Flula-posta-foto-com-publico-duplicado-em-salvador-e-vira-alvo-de-adversarios-nas-redes-sociais%2C6f2007869e68dbc96178c820a3b60ad93xdn8bc4.html&amp;sessionId=c9e9de7a05f8ab6f4d0a1e2b33fa3d91e72b1fa2&amp;siteScreenName=terra&amp;theme=light&amp;widgetsVersion=b45a03c79d4c1%3A1654150928467&amp;width=550px\" frameborder=\"0\" scrolling=\"no\" allowfullscreen=\"allowfullscreen\" data-tweet-id=\"1543239318948532226\" data-mce-fragment=\"1\"><\/iframe><\/div>\n<p class=\"text\" style=\"text-align: justify;\">Ao\u00a0<b>Estad\u00e3o<\/b>, a assessoria de Lula afirmou que a duplica\u00e7\u00e3o consiste em uma &#8220;distor\u00e7\u00e3o em movimento&#8221; da foto panor\u00e2mica, que une diversos frames em uma s\u00f3 foto. Nas redes sociais, o pr\u00e9-candidato do PT compartilhou uma imagem n\u00e3o panor\u00e2mica do evento e um v\u00eddeo pra justificar a sua vers\u00e3o dos fatos.<\/p>\n<div class=\"related-news\" style=\"text-align: justify;\"><\/div>\n<div id=\"ad-video-inread--wrapper\" style=\"text-align: justify;\">\n<div id=\"ad-video-inread\" class=\"ad-video-inread\" data-google-query-id=\"CP2fqLPh3PgCFaEM1AodFC0JLg\">\n<div id=\"google_ads_iframe_\/1211\/br.terra.news\/articles_1__container__\"><\/div>\n<\/div>\n<\/div>\n<div class=\"twitter-tweet twitter-tweet-rendered\" style=\"text-align: justify;\"><iframe id=\"twitter-widget-1\" class=\"\" title=\"Twitter Tweet\" src=\"https:\/\/platform.twitter.com\/embed\/Tweet.html?dnt=true&amp;embedId=twitter-widget-1&amp;features=eyJ0ZndfdHdlZXRfZWRpdF9iYWNrZW5kIjp7ImJ1Y2tldCI6Im9mZiIsInZlcnNpb24iOm51bGx9LCJ0ZndfcmVmc3JjX3Nlc3Npb24iOnsiYnVja2V0Ijoib2ZmIiwidmVyc2lvbiI6bnVsbH0sInRmd190d2VldF9yZXN1bHRfbWlncmF0aW9uXzEzOTc5Ijp7ImJ1Y2tldCI6InR3ZWV0X3Jlc3VsdCIsInZlcnNpb24iOm51bGx9LCJ0Zndfc2Vuc2l0aXZlX21lZGlhX2ludGVyc3RpdGlhbF8xMzk2MyI6eyJidWNrZXQiOiJpbnRlcnN0aXRpYWwiLCJ2ZXJzaW9uIjpudWxsfSwidGZ3X2V4cGVyaW1lbnRzX2Nvb2tpZV9leHBpcmF0aW9uIjp7ImJ1Y2tldCI6MTIwOTYwMCwidmVyc2lvbiI6bnVsbH0sInRmd191c2VyX2ZvbGxvd19pbnRlbnRfMTQ0MDYiOnsiYnVja2V0IjoiZm9sbG93IiwidmVyc2lvbiI6bnVsbH0sInRmd190d2VldF9lZGl0X2Zyb250ZW5kIjp7ImJ1Y2tldCI6Im9mZiIsInZlcnNpb24iOm51bGx9fQ%3D%3D&amp;frame=false&amp;hideCard=false&amp;hideThread=false&amp;id=1543262067490168832&amp;lang=pt&amp;origin=https%3A%2F%2Fwww.terra.com.br%2Fnoticias%2Flula-posta-foto-com-publico-duplicado-em-salvador-e-vira-alvo-de-adversarios-nas-redes-sociais%2C6f2007869e68dbc96178c820a3b60ad93xdn8bc4.html&amp;sessionId=c9e9de7a05f8ab6f4d0a1e2b33fa3d91e72b1fa2&amp;siteScreenName=terra&amp;theme=light&amp;widgetsVersion=b45a03c79d4c1%3A1654150928467&amp;width=550px\" frameborder=\"0\" scrolling=\"no\" allowfullscreen=\"allowfullscreen\" data-tweet-id=\"1543262067490168832\" data-mce-fragment=\"1\"><\/iframe><\/div>\n<div class=\"twitter-tweet twitter-tweet-rendered\" style=\"text-align: justify;\"><iframe id=\"twitter-widget-2\" class=\"\" title=\"Twitter Tweet\" src=\"https:\/\/platform.twitter.com\/embed\/Tweet.html?dnt=true&amp;embedId=twitter-widget-2&amp;features=eyJ0ZndfdHdlZXRfZWRpdF9iYWNrZW5kIjp7ImJ1Y2tldCI6Im9mZiIsInZlcnNpb24iOm51bGx9LCJ0ZndfcmVmc3JjX3Nlc3Npb24iOnsiYnVja2V0Ijoib2ZmIiwidmVyc2lvbiI6bnVsbH0sInRmd190d2VldF9yZXN1bHRfbWlncmF0aW9uXzEzOTc5Ijp7ImJ1Y2tldCI6InR3ZWV0X3Jlc3VsdCIsInZlcnNpb24iOm51bGx9LCJ0Zndfc2Vuc2l0aXZlX21lZGlhX2ludGVyc3RpdGlhbF8xMzk2MyI6eyJidWNrZXQiOiJpbnRlcnN0aXRpYWwiLCJ2ZXJzaW9uIjpudWxsfSwidGZ3X2V4cGVyaW1lbnRzX2Nvb2tpZV9leHBpcmF0aW9uIjp7ImJ1Y2tldCI6MTIwOTYwMCwidmVyc2lvbiI6bnVsbH0sInRmd191c2VyX2ZvbGxvd19pbnRlbnRfMTQ0MDYiOnsiYnVja2V0IjoiZm9sbG93IiwidmVyc2lvbiI6bnVsbH0sInRmd190d2VldF9lZGl0X2Zyb250ZW5kIjp7ImJ1Y2tldCI6Im9mZiIsInZlcnNpb24iOm51bGx9fQ%3D%3D&amp;frame=false&amp;hideCard=false&amp;hideThread=false&amp;id=1543273361312301056&amp;lang=pt&amp;origin=https%3A%2F%2Fwww.terra.com.br%2Fnoticias%2Flula-posta-foto-com-publico-duplicado-em-salvador-e-vira-alvo-de-adversarios-nas-redes-sociais%2C6f2007869e68dbc96178c820a3b60ad93xdn8bc4.html&amp;sessionId=c9e9de7a05f8ab6f4d0a1e2b33fa3d91e72b1fa2&amp;siteScreenName=terra&amp;theme=light&amp;widgetsVersion=b45a03c79d4c1%3A1654150928467&amp;width=550px\" frameborder=\"0\" scrolling=\"no\" allowfullscreen=\"allowfullscreen\" data-tweet-id=\"1543273361312301056\" data-mce-fragment=\"1\"><\/iframe><\/div>\n<p class=\"text\" style=\"text-align: justify;\">O ocorrido foi comentado pelo senador\u00a0<b>Fl\u00e1vio Bolsonaro<\/b>\u00a0(PL-RJ) em sua rede social. &#8220;Vazou mais uma foto da manifesta\u00e7\u00e3o em apoio ao ex-presidi\u00e1rio&#8221;, publicou ao lado de uma imagem com v\u00e1rios personagens vestindo a mesma roupa.<\/p>\n<p class=\"text\" style=\"text-align: justify;\">A deputada\u00a0<b>Carla Zambelli<\/b>\u00a0(PL-SP) tamb\u00e9m comentou o ocorrido. Em sua rede social, ela publicou um v\u00eddeo da agenda do presidente\u00a0<b>Jair Bolsonaro\u00a0<\/b>(PL) neste s\u00e1bado em Salvador e legendou com a seguinte frase: &#8220;Aqui n\u00e3o tem Photoshop!&#8221;. A deputada tamb\u00e9m marcou o\u00a0<b>Tribunal Superior Eleitoral\u00a0<\/b>(TSE) em uma outra duplica\u00e7\u00e3o sobre a suposta montagem de Lula e questionou: &#8220;Montagem para ludibriar o eleitor pode?&#8221;<\/p>\n<p class=\"text\" style=\"text-align: justify;\">A tamb\u00e9m deputada federal<b>\u00a0<\/b><b>Bia Kicis<\/b>\u00a0(PL-DF) ironizou a duplica\u00e7\u00e3o afirmando que o ato de Lula teve a &#8220;maior concentra\u00e7\u00e3o de g\u00eameos e trig\u00eameos da hist\u00f3ria do Brasil&#8221;. J\u00e1 o ex-secret\u00e1rio especial de Cultura\u00a0<b>Mario Frias\u00a0<\/b>(PL-SP) disse que o petista &#8220;n\u00e3o lota nem um quarteir\u00e3o&#8221;. &#8220;Dif\u00edcil mentir, manipular e enganar a popula\u00e7\u00e3o com a internet. N\u00e3o lotam um quarteir\u00e3o e ainda tem a cara de pau de fazer montagem. Que decad\u00eancia!.&#8221;<\/p>\n<p style=\"text-align: justify;\">Fonte: Terra<\/p>\n","protected":false},"excerpt":{"rendered":"<p>O ex-presidente\u00a0Luiz In\u00e1cio Lula da Silva\u00a0(PT) publicou uma foto com p\u00fablico duplicado e virou alvo de cr\u00edticos em redes sociais. A imagem retrata a caminhada em que o pr\u00e9-candidato ao Pal\u00e1cio do Planalto participou em Salvador, neste s\u00e1bado, 2, durante a comemora\u00e7\u00e3o da Independ\u00eancia do Brasil na Bahia. A foto levou a acusa\u00e7\u00f5es de montagem [&hellip;]<\/p>\n","protected":false},"author":1,"featured_media":39178,"comment_status":"closed","ping_status":"open","sticky":false,"template":"","format":"standard","meta":{"_uag_custom_page_level_css":"","_monsterinsights_skip_tracking":false,"_monsterinsights_sitenote_active":false,"_monsterinsights_sitenote_note":"","_monsterinsights_sitenote_category":0,"jetpack_post_was_ever_published":false,"_jetpack_newsletter_access":"","_jetpack_dont_email_post_to_subs":false,"_jetpack_newsletter_tier_id":0,"_jetpack_memberships_contains_paywalled_content":false,"_jetpack_memberships_contains_paid_content":false,"footnotes":"","jetpack_publicize_message":"","jetpack_publicize_feature_enabled":true,"jetpack_social_post_already_shared":true,"jetpack_social_options":{"image_generator_settings":{"template":"highway","default_image_id":0,"font":"","enabled":false},"version":2}},"categories":[199,200,197],"tags":[],"class_list":["post-39176","post","type-post","status-publish","format-standard","has-post-thumbnail","hentry","category-bahia","category-brasil","category-politica"],"jetpack_publicize_connections":[],"jetpack_featured_media_url":"https:\/\/blogopara.com.br\/wp-content\/uploads\/2022\/07\/FWqv-z4X0AAWXxL.jpg","uagb_featured_image_src":{"full":["https:\/\/blogopara.com.br\/wp-content\/uploads\/2022\/07\/FWqv-z4X0AAWXxL.jpg",500,849,false],"thumbnail":["https:\/\/blogopara.com.br\/wp-content\/uploads\/2022\/07\/FWqv-z4X0AAWXxL-150x150.jpg",150,150,true],"medium":["https:\/\/blogopara.com.br\/wp-content\/uploads\/2022\/07\/FWqv-z4X0AAWXxL-177x300.jpg",177,300,true],"medium_large":["https:\/\/blogopara.com.br\/wp-content\/uploads\/2022\/07\/FWqv-z4X0AAWXxL.jpg",500,849,false],"large":["https:\/\/blogopara.com.br\/wp-content\/uploads\/2022\/07\/FWqv-z4X0AAWXxL.jpg",500,849,false],"1536x1536":["https:\/\/blogopara.com.br\/wp-content\/uploads\/2022\/07\/FWqv-z4X0AAWXxL.jpg",500,849,false],"2048x2048":["https:\/\/blogopara.com.br\/wp-content\/uploads\/2022\/07\/FWqv-z4X0AAWXxL.jpg",500,849,false],"mantranews-slider-large":["https:\/\/blogopara.com.br\/wp-content\/uploads\/2022\/07\/FWqv-z4X0AAWXxL-500x741.jpg",500,741,true],"mantranews-featured-medium":["https:\/\/blogopara.com.br\/wp-content\/uploads\/2022\/07\/FWqv-z4X0AAWXxL-420x307.jpg",420,307,true],"mantranews-featured-long":["https:\/\/blogopara.com.br\/wp-content\/uploads\/2022\/07\/FWqv-z4X0AAWXxL-300x443.jpg",300,443,true],"mantranews-block-medium":["https:\/\/blogopara.com.br\/wp-content\/uploads\/2022\/07\/FWqv-z4X0AAWXxL-464x290.jpg",464,290,true],"mantranews-carousel-image":["https:\/\/blogopara.com.br\/wp-content\/uploads\/2022\/07\/FWqv-z4X0AAWXxL-500x500.jpg",500,500,true],"mantranews-block-thumb":["https:\/\/blogopara.com.br\/wp-content\/uploads\/2022\/07\/FWqv-z4X0AAWXxL-322x230.jpg",322,230,true],"mantranews-single-large":["https:\/\/blogopara.com.br\/wp-content\/uploads\/2022\/07\/FWqv-z4X0AAWXxL-500x642.jpg",500,642,true]},"uagb_author_info":{"display_name":"Reda\u00e7\u00e3o geral","author_link":"https:\/\/blogopara.com.br\/index.php\/author\/blogopara"},"uagb_comment_info":0,"uagb_excerpt":"O ex-presidente\u00a0Luiz In\u00e1cio Lula da Silva\u00a0(PT) publicou uma foto com p\u00fablico duplicado e virou alvo de cr\u00edticos em redes sociais. A imagem retrata a caminhada em que o pr\u00e9-candidato ao Pal\u00e1cio do Planalto participou em Salvador, neste s\u00e1bado, 2, durante a comemora\u00e7\u00e3o da Independ\u00eancia do Brasil na Bahia. A foto levou a acusa\u00e7\u00f5es de montagem&hellip;","jetpack_sharing_enabled":true,"jetpack_likes_enabled":true,"_links":{"self":[{"href":"https:\/\/blogopara.com.br\/index.php\/wp-json\/wp\/v2\/posts\/39176","targetHints":{"allow":["GET"]}}],"collection":[{"href":"https:\/\/blogopara.com.br\/index.php\/wp-json\/wp\/v2\/posts"}],"about":[{"href":"https:\/\/blogopara.com.br\/index.php\/wp-json\/wp\/v2\/types\/post"}],"author":[{"embeddable":true,"href":"https:\/\/blogopara.com.br\/index.php\/wp-json\/wp\/v2\/users\/1"}],"replies":[{"embeddable":true,"href":"https:\/\/blogopara.com.br\/index.php\/wp-json\/wp\/v2\/comments?post=39176"}],"version-history":[{"count":1,"href":"https:\/\/blogopara.com.br\/index.php\/wp-json\/wp\/v2\/posts\/39176\/revisions"}],"predecessor-version":[{"id":39179,"href":"https:\/\/blogopara.com.br\/index.php\/wp-json\/wp\/v2\/posts\/39176\/revisions\/39179"}],"wp:featuredmedia":[{"embeddable":true,"href":"https:\/\/blogopara.com.br\/index.php\/wp-json\/wp\/v2\/media\/39178"}],"wp:attachment":[{"href":"https:\/\/blogopara.com.br\/index.php\/wp-json\/wp\/v2\/media?parent=39176"}],"wp:term":[{"taxonomy":"category","embeddable":true,"href":"https:\/\/blogopara.com.br\/index.php\/wp-json\/wp\/v2\/categories?post=39176"},{"taxonomy":"post_tag","embeddable":true,"href":"https:\/\/blogopara.com.br\/index.php\/wp-json\/wp\/v2\/tags?post=39176"}],"curies":[{"name":"wp","href":"https:\/\/api.w.org\/{rel}","templated":true}]}}