{"id":39218,"date":"2022-07-05T08:45:00","date_gmt":"2022-07-05T11:45:00","guid":{"rendered":"https:\/\/blogopara.com.br\/?p=39218"},"modified":"2022-07-04T18:22:15","modified_gmt":"2022-07-04T21:22:15","slug":"prefeitura-de-juazeiro-modifica-testagens-para-covid-19-no-lacen-e-amplia-para-ubss","status":"publish","type":"post","link":"https:\/\/blogopara.com.br\/index.php\/2022\/07\/05\/prefeitura-de-juazeiro-modifica-testagens-para-covid-19-no-lacen-e-amplia-para-ubss","title":{"rendered":"Prefeitura de Juazeiro modifica testagens para Covid-19 no Lacen e amplia para UBSs"},"content":{"rendered":"<p style=\"font-weight: 400; text-align: justify;\">Para evitar aglomera\u00e7\u00e3o de pessoas com sintomas gripais e trazer melhor organiza\u00e7\u00e3o, a Prefeitura de Juazeiro, atrav\u00e9s da Secretaria de Sa\u00fade (Sesau), alterou a testagem para detec\u00e7\u00e3o da Covid-19. A partir desta ter\u00e7a-feira (5), os testes realizados no Lacen ser\u00e3o feitos mediante agendamento. Al\u00e9m do Lacen, a Sesau ampliou a testagem para as Unidades B\u00e1sicas de Sa\u00fade (UBSs) de refer\u00eancia. Quem estiver com sintoma gripal, poder\u00e1 buscar tamb\u00e9m uma das unidades.<\/p>\n<p style=\"font-weight: 400; text-align: justify;\">\u201cEstamos analisando o cen\u00e1rio epidemiol\u00f3gico atual e montando estrat\u00e9gias para melhor atender a popula\u00e7\u00e3o. J\u00e1 realiz\u00e1vamos testes em algumas UBSs, al\u00e9m do Lacen e das unidades de emerg\u00eancia como UPA e Maternidade, mas decidimos ampliar a testagem nas unidades, evitando que as pessoas se desloquem todas para o Centro da cidade para fazer o teste\u201d, ressaltou o secret\u00e1rio de Sa\u00fade, Fernando Costa.<\/p>\n<p style=\"font-weight: 400; text-align: justify;\">\u00a0<\/p>\n<p style=\"font-weight: 400; text-align: justify;\"><strong>UBSs de refer\u00eancia para teste Covid-19<\/strong><\/p>\n<p style=\"font-weight: 400; text-align: justify;\">A testagem \u00e9 realizada nas UBSs Jo\u00e3o Paulo II, Itaberaba, Argemiro, Parque Residencial, S\u00e3o Geraldo, Mani\u00e7oba I, Mandacaru I, Itamotinga, Juremal, Junco, Goiabeira, Capim de Raiz, Lagoa do Salitre, Ab\u00f3bora, Po\u00e7\u00f5es, Carna\u00edba do Sert\u00e3o.<\/p>\n<p style=\"font-weight: 400; text-align: justify;\">Para realizar o teste, a pessoa precisa estar entre o 3\u00ba e o 7\u00ba dia de sintoma. \u201cEste protocolo j\u00e1 est\u00e1 estabelecido no Minist\u00e9rio da Sa\u00fade. \u00c9 importante que o teste para a detec\u00e7\u00e3o da Covid-19 seja realizado dentro deste per\u00edodo. Dessa forma, os sintom\u00e1ticos ser\u00e3o agendados nestes dias para fazer a testagem\u201d, destacou a diretora de Aten\u00e7\u00e3o B\u00e1sica de Juazeiro, Helen Ferreira.<\/p>\n<p style=\"font-weight: 400; text-align: justify;\"><strong>Testagem no Lacen<\/strong><\/p>\n<p style=\"font-weight: 400; text-align: justify;\">Diante do aumento de sintom\u00e1ticos respirat\u00f3rios no munic\u00edpio de Juazeiro, a realiza\u00e7\u00e3o da testagem no Lacen a partir desta ter\u00e7a-feira tamb\u00e9m ser\u00e1 realizada por agendamento. Para o agendamento no Lacen o contato \u00e9 via WhatsApp (74) 98847-9980. Hor\u00e1rio de agendamento: 07h \u00e0s 12h e 14h \u00e0s 17h. \u201cO sintom\u00e1tico respirat\u00f3rio dever\u00e1 comparecer \u00e0 Unidade de Sa\u00fade para ser notificado e com esse documento entrar em contato com o Lacen para realizar o agendamento\u201d, destacou o diretor de Vigil\u00e2ncia em Sa\u00fade, Djalma Amorim. O teste s\u00f3 ser\u00e1 realizado mediante a apresenta\u00e7\u00e3o no Lacen da notifica\u00e7\u00e3o pelo indiv\u00edduo com s\u00edndrome gripal.<\/p>\n<p style=\"font-weight: 400; text-align: justify;\">\u00a0<\/p>\n","protected":false},"excerpt":{"rendered":"<p>Para evitar aglomera\u00e7\u00e3o de pessoas com sintomas gripais e trazer melhor organiza\u00e7\u00e3o, a Prefeitura de Juazeiro, atrav\u00e9s da Secretaria de Sa\u00fade (Sesau), alterou a testagem para detec\u00e7\u00e3o da Covid-19. A partir desta ter\u00e7a-feira (5), os testes realizados no Lacen ser\u00e3o feitos mediante agendamento. Al\u00e9m do Lacen, a Sesau ampliou a testagem para as Unidades B\u00e1sicas [&hellip;]<\/p>\n","protected":false},"author":1,"featured_media":32825,"comment_status":"closed","ping_status":"open","sticky":false,"template":"","format":"standard","meta":{"_uag_custom_page_level_css":"","_monsterinsights_skip_tracking":false,"_monsterinsights_sitenote_active":false,"_monsterinsights_sitenote_note":"","_monsterinsights_sitenote_category":0,"jetpack_post_was_ever_published":false,"_jetpack_newsletter_access":"","_jetpack_dont_email_post_to_subs":false,"_jetpack_newsletter_tier_id":0,"_jetpack_memberships_contains_paywalled_content":false,"_jetpack_memberships_contains_paid_content":false,"footnotes":"","jetpack_publicize_message":"","jetpack_publicize_feature_enabled":true,"jetpack_social_post_already_shared":true,"jetpack_social_options":{"image_generator_settings":{"template":"highway","default_image_id":0,"font":"","enabled":false},"version":2}},"categories":[203,205],"tags":[536,1489],"class_list":["post-39218","post","type-post","status-publish","format-standard","has-post-thumbnail","hentry","category-juazeiro","category-saude","tag-sesau","tag-teste-covid-19"],"jetpack_publicize_connections":[],"jetpack_featured_media_url":"https:\/\/blogopara.com.br\/wp-content\/uploads\/2022\/01\/teste-covid.jpg","uagb_featured_image_src":{"full":["https:\/\/blogopara.com.br\/wp-content\/uploads\/2022\/01\/teste-covid.jpg",500,333,false],"thumbnail":["https:\/\/blogopara.com.br\/wp-content\/uploads\/2022\/01\/teste-covid-150x150.jpg",150,150,true],"medium":["https:\/\/blogopara.com.br\/wp-content\/uploads\/2022\/01\/teste-covid-300x200.jpg",300,200,true],"medium_large":["https:\/\/blogopara.com.br\/wp-content\/uploads\/2022\/01\/teste-covid.jpg",500,333,false],"large":["https:\/\/blogopara.com.br\/wp-content\/uploads\/2022\/01\/teste-covid.jpg",500,333,false],"1536x1536":["https:\/\/blogopara.com.br\/wp-content\/uploads\/2022\/01\/teste-covid.jpg",500,333,false],"2048x2048":["https:\/\/blogopara.com.br\/wp-content\/uploads\/2022\/01\/teste-covid.jpg",500,333,false],"mantranews-slider-large":["https:\/\/blogopara.com.br\/wp-content\/uploads\/2022\/01\/teste-covid.jpg",500,333,false],"mantranews-featured-medium":["https:\/\/blogopara.com.br\/wp-content\/uploads\/2022\/01\/teste-covid-420x307.jpg",420,307,true],"mantranews-featured-long":["https:\/\/blogopara.com.br\/wp-content\/uploads\/2022\/01\/teste-covid-300x333.jpg",300,333,true],"mantranews-block-medium":["https:\/\/blogopara.com.br\/wp-content\/uploads\/2022\/01\/teste-covid-464x290.jpg",464,290,true],"mantranews-carousel-image":["https:\/\/blogopara.com.br\/wp-content\/uploads\/2022\/01\/teste-covid.jpg",500,333,false],"mantranews-block-thumb":["https:\/\/blogopara.com.br\/wp-content\/uploads\/2022\/01\/teste-covid-322x230.jpg",322,230,true],"mantranews-single-large":["https:\/\/blogopara.com.br\/wp-content\/uploads\/2022\/01\/teste-covid.jpg",500,333,false]},"uagb_author_info":{"display_name":"Reda\u00e7\u00e3o geral","author_link":"https:\/\/blogopara.com.br\/index.php\/author\/blogopara"},"uagb_comment_info":0,"uagb_excerpt":"Para evitar aglomera\u00e7\u00e3o de pessoas com sintomas gripais e trazer melhor organiza\u00e7\u00e3o, a Prefeitura de Juazeiro, atrav\u00e9s da Secretaria de Sa\u00fade (Sesau), alterou a testagem para detec\u00e7\u00e3o da Covid-19. A partir desta ter\u00e7a-feira (5), os testes realizados no Lacen ser\u00e3o feitos mediante agendamento. Al\u00e9m do Lacen, a Sesau ampliou a testagem para as Unidades B\u00e1sicas&hellip;","jetpack_sharing_enabled":true,"jetpack_likes_enabled":true,"_links":{"self":[{"href":"https:\/\/blogopara.com.br\/index.php\/wp-json\/wp\/v2\/posts\/39218","targetHints":{"allow":["GET"]}}],"collection":[{"href":"https:\/\/blogopara.com.br\/index.php\/wp-json\/wp\/v2\/posts"}],"about":[{"href":"https:\/\/blogopara.com.br\/index.php\/wp-json\/wp\/v2\/types\/post"}],"author":[{"embeddable":true,"href":"https:\/\/blogopara.com.br\/index.php\/wp-json\/wp\/v2\/users\/1"}],"replies":[{"embeddable":true,"href":"https:\/\/blogopara.com.br\/index.php\/wp-json\/wp\/v2\/comments?post=39218"}],"version-history":[{"count":1,"href":"https:\/\/blogopara.com.br\/index.php\/wp-json\/wp\/v2\/posts\/39218\/revisions"}],"predecessor-version":[{"id":39219,"href":"https:\/\/blogopara.com.br\/index.php\/wp-json\/wp\/v2\/posts\/39218\/revisions\/39219"}],"wp:featuredmedia":[{"embeddable":true,"href":"https:\/\/blogopara.com.br\/index.php\/wp-json\/wp\/v2\/media\/32825"}],"wp:attachment":[{"href":"https:\/\/blogopara.com.br\/index.php\/wp-json\/wp\/v2\/media?parent=39218"}],"wp:term":[{"taxonomy":"category","embeddable":true,"href":"https:\/\/blogopara.com.br\/index.php\/wp-json\/wp\/v2\/categories?post=39218"},{"taxonomy":"post_tag","embeddable":true,"href":"https:\/\/blogopara.com.br\/index.php\/wp-json\/wp\/v2\/tags?post=39218"}],"curies":[{"name":"wp","href":"https:\/\/api.w.org\/{rel}","templated":true}]}}