{"id":39245,"date":"2022-07-05T18:25:00","date_gmt":"2022-07-05T21:25:00","guid":{"rendered":"https:\/\/blogopara.com.br\/?p=39245"},"modified":"2022-07-04T19:39:10","modified_gmt":"2022-07-04T22:39:10","slug":"inovacoes-no-ensino-na-rede-municipal-de-juazeiro-sao-marcas-da-gestao-suzana-ramos","status":"publish","type":"post","link":"https:\/\/blogopara.com.br\/index.php\/2022\/07\/05\/inovacoes-no-ensino-na-rede-municipal-de-juazeiro-sao-marcas-da-gestao-suzana-ramos","title":{"rendered":"Inova\u00e7\u00f5es no ensino na rede municipal de Juazeiro s\u00e3o marcas da gest\u00e3o Suzana Ramos"},"content":{"rendered":"<p>A inova\u00e7\u00e3o \u00e9 essencial em qualquer processo, e no educacional se torna cada dia mais necess\u00e1ria por permitir a adapta\u00e7\u00e3o aos novos ritmos de vida e demandas sociais. A Prefeitura de Juazeiro, atrav\u00e9s da Secretaria de Educa\u00e7\u00e3o e Juventude (Seduc), apoia a manuten\u00e7\u00e3o e ado\u00e7\u00e3o de iniciativas inovadoras e, diante disso, desenvolveu a\u00e7\u00f5es para \u00a0garantir a educa\u00e7\u00e3o durante a pandemia, reparar defasagens decorrentes do per\u00edodo e \u00a0fomentar o acesso \u00e0 educa\u00e7\u00e3o tamb\u00e9m para quem trabalha.<br \/>\u00a0<br \/>Atrav\u00e9s da implanta\u00e7\u00e3o da TV Escola Juazeiro, sintonizada atrav\u00e9s do canal 7.2, da TV aberta, os estudantes tiveram acesso a aulas ass\u00edncronas, com a proposta de refor\u00e7o escolar no contraturno das aulas, \u00e0 \u00e9poca, virtuais. Hoje, ap\u00f3s o retorno presencial, a TV Escola continua desempenhando a fun\u00e7\u00e3o do refor\u00e7o escolar e conquistou novos p\u00fablicos e programa\u00e7\u00f5es diferentes, de acordo com o calend\u00e1rio letivo.<br \/>\u00a0<br \/>Considerando os efeitos da pandemia, a Seduc tamb\u00e9m implementou a Parada Pedag\u00f3gica nas escolas municipais, para o Ensino Fundamental, uma iniciativa que visa atenuar as defasagens na educa\u00e7\u00e3o, decorrentes das diversas realidades vivenciadas pelos estudantes no per\u00edodo. A proposta consiste em reorganizar os alunos por n\u00edvel de aprendizagem e n\u00e3o por ano, a partir da ideia de enturma\u00e7\u00e3o, considerando os conhecimentos pr\u00e9vios dos estudantes, para posterior mapeamento de suas aprendizagens e planejamento de a\u00e7\u00f5es de interven\u00e7\u00e3o.<br \/>\u00a0<br \/>\u201cEstamos construindo uma nova Educa\u00e7\u00e3o para Juazeiro, garantindo inova\u00e7\u00e3o e tecnologia que est\u00e3o auxiliando no aprendizado dos nossos alunos, gerando resultados promissores. Para mim, \u00e9 sempre uma grande honra poder apresentar o trabalho de excel\u00eancia que \u00e9 desenvolvido atualmente em nossa cidade e que j\u00e1 \u00e9 motivo de orgulho e de reconhecimento por parte da popula\u00e7\u00e3o, bem como de \u00f3rg\u00e3os que avaliam o setor educacional\u201d, declarou a prefeita Suzana Ramos.<br \/>\u00a0<br \/><b>Novo formato da EJA<\/b><br \/>\u00a0<br \/>Na modalidade de Educa\u00e7\u00e3o de Jovens e Adultos (EJA) tamb\u00e9m foi pensada uma nova proposta e acrescido um novo formato, o \u00e0 dist\u00e2ncia.\u00a0 O EJA EaD oportuniza a democratiza\u00e7\u00e3o do ensino b\u00e1sico e a inclus\u00e3o digital e permite o acesso \u00e0 educa\u00e7\u00e3o \u00e0queles que, por algum motivo, n\u00e3o podem se deslocar diariamente at\u00e9 as escolas. A modalidade EJA EaD disponibilizou vagas nas Etapas IV e V, que correspondem do 6\u00ba ao 9\u00ba ano do Ensino Fundamental e, por meio de aulas \u00a0transmitidas pelo canal TV Escola Juazeiro (canal 7.2), e tamb\u00e9m com videoaulas disponibilizadas gratuitamente no canal Seduc Juazeiro-BA, no Youtube, amplia o alcance do ensino a partir das plataformas digitais.<br \/>\u00a0<br \/>\u201cA Seduc v\u00ea inova\u00e7\u00e3o e educa\u00e7\u00e3o como parceiras e, diante disso, pensar e incentivar propostas alinhadas a essa perspectiva se torna extremamente \u00a0importante e necess\u00e1rio para promovermos avan\u00e7os educacionais. Os resultados s\u00e3o estudantes engajados com os novas tecnologias de informa\u00e7\u00e3o e comunica\u00e7\u00e3o, o desenvolvimento de novas compet\u00eancias e, consequentemente, um futuro promissor\u201d, explicou a superintendente de Ensino da Seduc, Willany Cunha.<\/p>\n<p>Ascom Seduc\/PMJ<\/p>\n","protected":false},"excerpt":{"rendered":"<p>A inova\u00e7\u00e3o \u00e9 essencial em qualquer processo, e no educacional se torna cada dia mais necess\u00e1ria por permitir a adapta\u00e7\u00e3o aos novos ritmos de vida e demandas sociais. A Prefeitura de Juazeiro, atrav\u00e9s da Secretaria de Educa\u00e7\u00e3o e Juventude (Seduc), apoia a manuten\u00e7\u00e3o e ado\u00e7\u00e3o de iniciativas inovadoras e, diante disso, desenvolveu a\u00e7\u00f5es para \u00a0garantir [&hellip;]<\/p>\n","protected":false},"author":1,"featured_media":39246,"comment_status":"closed","ping_status":"open","sticky":false,"template":"","format":"standard","meta":{"_uag_custom_page_level_css":"","_monsterinsights_skip_tracking":false,"_monsterinsights_sitenote_active":false,"_monsterinsights_sitenote_note":"","_monsterinsights_sitenote_category":0,"jetpack_post_was_ever_published":false,"_jetpack_newsletter_access":"","_jetpack_dont_email_post_to_subs":false,"_jetpack_newsletter_tier_id":0,"_jetpack_memberships_contains_paywalled_content":false,"_jetpack_memberships_contains_paid_content":false,"footnotes":"","jetpack_publicize_message":"","jetpack_publicize_feature_enabled":true,"jetpack_social_post_already_shared":true,"jetpack_social_options":{"image_generator_settings":{"template":"highway","default_image_id":0,"font":"","enabled":false},"version":2}},"categories":[209,203],"tags":[],"class_list":["post-39245","post","type-post","status-publish","format-standard","has-post-thumbnail","hentry","category-educacao","category-juazeiro"],"jetpack_publicize_connections":[],"jetpack_featured_media_url":"https:\/\/blogopara.com.br\/wp-content\/uploads\/2022\/07\/SEDUC.jpg","uagb_featured_image_src":{"full":["https:\/\/blogopara.com.br\/wp-content\/uploads\/2022\/07\/SEDUC.jpg",500,356,false],"thumbnail":["https:\/\/blogopara.com.br\/wp-content\/uploads\/2022\/07\/SEDUC-150x150.jpg",150,150,true],"medium":["https:\/\/blogopara.com.br\/wp-content\/uploads\/2022\/07\/SEDUC-300x214.jpg",300,214,true],"medium_large":["https:\/\/blogopara.com.br\/wp-content\/uploads\/2022\/07\/SEDUC.jpg",500,356,false],"large":["https:\/\/blogopara.com.br\/wp-content\/uploads\/2022\/07\/SEDUC.jpg",500,356,false],"1536x1536":["https:\/\/blogopara.com.br\/wp-content\/uploads\/2022\/07\/SEDUC.jpg",500,356,false],"2048x2048":["https:\/\/blogopara.com.br\/wp-content\/uploads\/2022\/07\/SEDUC.jpg",500,356,false],"mantranews-slider-large":["https:\/\/blogopara.com.br\/wp-content\/uploads\/2022\/07\/SEDUC.jpg",500,356,false],"mantranews-featured-medium":["https:\/\/blogopara.com.br\/wp-content\/uploads\/2022\/07\/SEDUC-420x307.jpg",420,307,true],"mantranews-featured-long":["https:\/\/blogopara.com.br\/wp-content\/uploads\/2022\/07\/SEDUC-300x356.jpg",300,356,true],"mantranews-block-medium":["https:\/\/blogopara.com.br\/wp-content\/uploads\/2022\/07\/SEDUC-464x290.jpg",464,290,true],"mantranews-carousel-image":["https:\/\/blogopara.com.br\/wp-content\/uploads\/2022\/07\/SEDUC.jpg",500,356,false],"mantranews-block-thumb":["https:\/\/blogopara.com.br\/wp-content\/uploads\/2022\/07\/SEDUC-322x230.jpg",322,230,true],"mantranews-single-large":["https:\/\/blogopara.com.br\/wp-content\/uploads\/2022\/07\/SEDUC.jpg",500,356,false]},"uagb_author_info":{"display_name":"Reda\u00e7\u00e3o geral","author_link":"https:\/\/blogopara.com.br\/index.php\/author\/blogopara"},"uagb_comment_info":0,"uagb_excerpt":"A inova\u00e7\u00e3o \u00e9 essencial em qualquer processo, e no educacional se torna cada dia mais necess\u00e1ria por permitir a adapta\u00e7\u00e3o aos novos ritmos de vida e demandas sociais. A Prefeitura de Juazeiro, atrav\u00e9s da Secretaria de Educa\u00e7\u00e3o e Juventude (Seduc), apoia a manuten\u00e7\u00e3o e ado\u00e7\u00e3o de iniciativas inovadoras e, diante disso, desenvolveu a\u00e7\u00f5es para \u00a0garantir&hellip;","jetpack_sharing_enabled":true,"jetpack_likes_enabled":true,"_links":{"self":[{"href":"https:\/\/blogopara.com.br\/index.php\/wp-json\/wp\/v2\/posts\/39245","targetHints":{"allow":["GET"]}}],"collection":[{"href":"https:\/\/blogopara.com.br\/index.php\/wp-json\/wp\/v2\/posts"}],"about":[{"href":"https:\/\/blogopara.com.br\/index.php\/wp-json\/wp\/v2\/types\/post"}],"author":[{"embeddable":true,"href":"https:\/\/blogopara.com.br\/index.php\/wp-json\/wp\/v2\/users\/1"}],"replies":[{"embeddable":true,"href":"https:\/\/blogopara.com.br\/index.php\/wp-json\/wp\/v2\/comments?post=39245"}],"version-history":[{"count":1,"href":"https:\/\/blogopara.com.br\/index.php\/wp-json\/wp\/v2\/posts\/39245\/revisions"}],"predecessor-version":[{"id":39247,"href":"https:\/\/blogopara.com.br\/index.php\/wp-json\/wp\/v2\/posts\/39245\/revisions\/39247"}],"wp:featuredmedia":[{"embeddable":true,"href":"https:\/\/blogopara.com.br\/index.php\/wp-json\/wp\/v2\/media\/39246"}],"wp:attachment":[{"href":"https:\/\/blogopara.com.br\/index.php\/wp-json\/wp\/v2\/media?parent=39245"}],"wp:term":[{"taxonomy":"category","embeddable":true,"href":"https:\/\/blogopara.com.br\/index.php\/wp-json\/wp\/v2\/categories?post=39245"},{"taxonomy":"post_tag","embeddable":true,"href":"https:\/\/blogopara.com.br\/index.php\/wp-json\/wp\/v2\/tags?post=39245"}],"curies":[{"name":"wp","href":"https:\/\/api.w.org\/{rel}","templated":true}]}}