{"id":39257,"date":"2022-07-05T08:23:02","date_gmt":"2022-07-05T11:23:02","guid":{"rendered":"https:\/\/blogopara.com.br\/?p=39257"},"modified":"2022-07-05T08:24:36","modified_gmt":"2022-07-05T11:24:36","slug":"parana-bn-acm-neto-aumenta-distancia-para-jeronimo-e-roma-e-venceria-no-1o-turno","status":"publish","type":"post","link":"https:\/\/blogopara.com.br\/index.php\/2022\/07\/05\/parana-bn-acm-neto-aumenta-distancia-para-jeronimo-e-roma-e-venceria-no-1o-turno","title":{"rendered":"BAHIA: ACM Neto aumenta dist\u00e2ncia para Jer\u00f4nimo e Roma e venceria no 1\u00ba turno"},"content":{"rendered":"<div class=\"box-body\" data-io-article-url=\"https:\/\/www.bahianoticias.com.br\/noticia\/270154-parana-bn-acm-neto-aumenta-distancia-para-jeronimo-e-roma-e-venceria-no-1-turno.html?f\">\n<div class=\"text-descricao\">\n<p style=\"text-align: justify;\">O ex-prefeito de Salvador, ACM Neto (Uni\u00e3o Brasil), ampliou a dist\u00e2ncia nas inten\u00e7\u00f5es de voto no comparativo com os principais advers\u00e1rios, Jer\u00f4nimo Rodrigues (PT) e Jo\u00e3o Roma (PL). Levantamento realizado pelo Instituto Paran\u00e1 Pesquisas entre os dias 30 de junho e 4 de julho, sob encomenda do Bahia Not\u00edcias, mostra o prefeito com 58% das inten\u00e7\u00f5es de voto, enquanto Jer\u00f4nimo tem 15,8% e Roma fica com 9,1%. As oscila\u00e7\u00f5es aconteceram dentro da margem de erro, de 2,5%, no comparativo com uma pesquisa similar, realizada no \u00faltimo m\u00eas de abril.<\/p>\n<p style=\"text-align: justify;\">Com exce\u00e7\u00e3o de ACM Neto, todos os candidatos oscilaram para baixo. O ex-prefeito da capital baiana tinha 55,4% &#8211; 2,4% a menos do que no novo levantamento. Jer\u00f4nimo caiu de 16,1% para 15,8% e Roma de 10,1% para 9,1%. O candidato do PSOL, Kleber Rosa, que chegou a 1,2% em abril, caiu para 0,5% e Giovani Damico (PCO) oscilou de 0,5% para 0,1%.<\/p>\n<p style=\"text-align: justify;\">\u00a0Completam os n\u00fameros 9,8% dos entrevistados, que indicam pretender votar nulo, branco ou em nenhum dos candidatos e somente 6,9% disseram n\u00e3o saber ou preferiram n\u00e3o responder.<\/p>\n<p style=\"text-align: justify;\">\u00a0<img decoding=\"async\" src=\"https:\/\/www.bahianoticias.com.br\/fotos\/principal_noticias\/270154\/mg\/Estimulada_governo_julho2022.jpg\" alt=\"\" \/><\/p>\n<div style=\"text-align: justify;\">\n<div id=\"denakop-auto-intext-f870d464-e203-419d-b1db-70746994d9df\" data-google-query-id=\"CIDu-4DQ4fgCFcWWlQIdRUMKCA\">\n<div id=\"google_ads_iframe_\/21715141650,22412054744\/desktop_intext_1__container__\">Caso confirmados os n\u00fameros, o gestor soteropolitano venceria a disputa em um \u00fanico turno. Somados, os advers\u00e1rios dele chegam a menos da metade das inten\u00e7\u00f5es de voto registradas por ele.<\/div>\n<\/div>\n<\/div>\n<p style=\"text-align: justify;\">\u00a0ESPONT\u00c2NEA<\/p>\n<p style=\"text-align: justify;\">Quando n\u00e3o s\u00e3o apresentados os candidatos, o ex-prefeito de Salvador tamb\u00e9m aparece \u00e0 frente na corrida, com 23,7%, enquanto Jer\u00f4nimo tem 7% e Roma fica com 4,5%. Rosa foi citado por 0,2% dos entrevistados e at\u00e9 mesmo o governador Rui Costa, que n\u00e3o pode tentar uma nova reelei\u00e7\u00e3o, apareceu, com 1,3%.<\/p>\n<p style=\"text-align: justify;\">\u00a0<img decoding=\"async\" src=\"https:\/\/www.bahianoticias.com.br\/fotos\/principal_noticias\/270154\/mg\/espontanea_governo_julho2022.jpg\" alt=\"\" \/><\/p>\n<div style=\"text-align: justify;\">\n<div id=\"denakop-auto-intext-9dedd199-5838-4dda-a39a-94524c543328\" data-google-query-id=\"CIHu-4DQ4fgCFcWWlQIdRUMKCA\">\n<div id=\"google_ads_iframe_\/21715141650,22412054744\/desktop_intext_2__container__\">Outro aspecto analisado pela pesquisa foi a certeza de voto. ACM Neto tem 40,2% nesse quesito; Jer\u00f4nimo tem 11,1% e Roma 7,3%. No sentido inverso, o candidato do PL \u00e9 quem tem a maior rejei\u00e7\u00e3o: 39,2% dos entrevistados indicam que n\u00e3o votariam nele. Kleber Rosa fica com 36,6% nesse quesito e Jer\u00f4nimo com 32,7%. O ex-prefeito de Salvador n\u00e3o receberia os votos de 23,5%.<\/div>\n<\/div>\n<\/div>\n<p style=\"text-align: justify;\">Jer\u00f4nimo e Roma t\u00eam n\u00edvel de desconhecimento similar. O ex-ministro da Cidadania n\u00e3o \u00e9 conhecido por 32,4% e Jer\u00f4nimo por 30,1%. ACM Neto \u00e9 amplamente conhecido: apenas 1,8% disseram n\u00e3o o conhecer o suficiente para opinar.<\/p>\n<p style=\"text-align: justify;\">\u00a0A pesquisa ouviu 1640 pessoas, em 72 munic\u00edpios, entre os dias 30 de junho e 4 de julho, com margem de erro de 2,5% e intervalo de confian\u00e7a de 95%. Est\u00e1 registrada no Tribunal Superior Eleitoral (TSE) sob n\u00ba BA-07579\/2022.<\/p>\n<\/div>\n<\/div>\n<div class=\"box-footer\">\n<div class=\"bar-share clearfix\" style=\"text-align: justify;\"><\/div>\n<div style=\"text-align: justify;\"><\/div>\n<\/div>\n","protected":false},"excerpt":{"rendered":"<p>O ex-prefeito de Salvador, ACM Neto (Uni\u00e3o Brasil), ampliou a dist\u00e2ncia nas inten\u00e7\u00f5es de voto no comparativo com os principais advers\u00e1rios, Jer\u00f4nimo Rodrigues (PT) e Jo\u00e3o Roma (PL). Levantamento realizado pelo Instituto Paran\u00e1 Pesquisas entre os dias 30 de junho e 4 de julho, sob encomenda do Bahia Not\u00edcias, mostra o prefeito com 58% das [&hellip;]<\/p>\n","protected":false},"author":1,"featured_media":39258,"comment_status":"closed","ping_status":"open","sticky":false,"template":"","format":"standard","meta":{"_uag_custom_page_level_css":"","_monsterinsights_skip_tracking":false,"_monsterinsights_sitenote_active":false,"_monsterinsights_sitenote_note":"","_monsterinsights_sitenote_category":0,"jetpack_post_was_ever_published":false,"_jetpack_newsletter_access":"","_jetpack_dont_email_post_to_subs":false,"_jetpack_newsletter_tier_id":0,"_jetpack_memberships_contains_paywalled_content":false,"_jetpack_memberships_contains_paid_content":false,"footnotes":"","jetpack_publicize_message":"","jetpack_publicize_feature_enabled":true,"jetpack_social_post_already_shared":true,"jetpack_social_options":{"image_generator_settings":{"template":"highway","default_image_id":0,"font":"","enabled":false},"version":2}},"categories":[199,197],"tags":[1705,1327,290],"class_list":["post-39257","post","type-post","status-publish","format-standard","has-post-thumbnail","hentry","category-bahia","category-politica","tag-acm-neto","tag-eleicoes-2022","tag-pt-bahia"],"jetpack_publicize_connections":[],"jetpack_featured_media_url":"https:\/\/blogopara.com.br\/wp-content\/uploads\/2022\/07\/FOTO_NOTICIA_1.jpg","uagb_featured_image_src":{"full":["https:\/\/blogopara.com.br\/wp-content\/uploads\/2022\/07\/FOTO_NOTICIA_1.jpg",500,403,false],"thumbnail":["https:\/\/blogopara.com.br\/wp-content\/uploads\/2022\/07\/FOTO_NOTICIA_1-150x150.jpg",150,150,true],"medium":["https:\/\/blogopara.com.br\/wp-content\/uploads\/2022\/07\/FOTO_NOTICIA_1-300x242.jpg",300,242,true],"medium_large":["https:\/\/blogopara.com.br\/wp-content\/uploads\/2022\/07\/FOTO_NOTICIA_1.jpg",500,403,false],"large":["https:\/\/blogopara.com.br\/wp-content\/uploads\/2022\/07\/FOTO_NOTICIA_1.jpg",500,403,false],"1536x1536":["https:\/\/blogopara.com.br\/wp-content\/uploads\/2022\/07\/FOTO_NOTICIA_1.jpg",500,403,false],"2048x2048":["https:\/\/blogopara.com.br\/wp-content\/uploads\/2022\/07\/FOTO_NOTICIA_1.jpg",500,403,false],"mantranews-slider-large":["https:\/\/blogopara.com.br\/wp-content\/uploads\/2022\/07\/FOTO_NOTICIA_1.jpg",500,403,false],"mantranews-featured-medium":["https:\/\/blogopara.com.br\/wp-content\/uploads\/2022\/07\/FOTO_NOTICIA_1-420x307.jpg",420,307,true],"mantranews-featured-long":["https:\/\/blogopara.com.br\/wp-content\/uploads\/2022\/07\/FOTO_NOTICIA_1-300x403.jpg",300,403,true],"mantranews-block-medium":["https:\/\/blogopara.com.br\/wp-content\/uploads\/2022\/07\/FOTO_NOTICIA_1-464x290.jpg",464,290,true],"mantranews-carousel-image":["https:\/\/blogopara.com.br\/wp-content\/uploads\/2022\/07\/FOTO_NOTICIA_1.jpg",500,403,false],"mantranews-block-thumb":["https:\/\/blogopara.com.br\/wp-content\/uploads\/2022\/07\/FOTO_NOTICIA_1-322x230.jpg",322,230,true],"mantranews-single-large":["https:\/\/blogopara.com.br\/wp-content\/uploads\/2022\/07\/FOTO_NOTICIA_1.jpg",500,403,false]},"uagb_author_info":{"display_name":"Reda\u00e7\u00e3o geral","author_link":"https:\/\/blogopara.com.br\/index.php\/author\/blogopara"},"uagb_comment_info":0,"uagb_excerpt":"O ex-prefeito de Salvador, ACM Neto (Uni\u00e3o Brasil), ampliou a dist\u00e2ncia nas inten\u00e7\u00f5es de voto no comparativo com os principais advers\u00e1rios, Jer\u00f4nimo Rodrigues (PT) e Jo\u00e3o Roma (PL). Levantamento realizado pelo Instituto Paran\u00e1 Pesquisas entre os dias 30 de junho e 4 de julho, sob encomenda do Bahia Not\u00edcias, mostra o prefeito com 58% das&hellip;","jetpack_sharing_enabled":true,"jetpack_likes_enabled":true,"_links":{"self":[{"href":"https:\/\/blogopara.com.br\/index.php\/wp-json\/wp\/v2\/posts\/39257","targetHints":{"allow":["GET"]}}],"collection":[{"href":"https:\/\/blogopara.com.br\/index.php\/wp-json\/wp\/v2\/posts"}],"about":[{"href":"https:\/\/blogopara.com.br\/index.php\/wp-json\/wp\/v2\/types\/post"}],"author":[{"embeddable":true,"href":"https:\/\/blogopara.com.br\/index.php\/wp-json\/wp\/v2\/users\/1"}],"replies":[{"embeddable":true,"href":"https:\/\/blogopara.com.br\/index.php\/wp-json\/wp\/v2\/comments?post=39257"}],"version-history":[{"count":3,"href":"https:\/\/blogopara.com.br\/index.php\/wp-json\/wp\/v2\/posts\/39257\/revisions"}],"predecessor-version":[{"id":39263,"href":"https:\/\/blogopara.com.br\/index.php\/wp-json\/wp\/v2\/posts\/39257\/revisions\/39263"}],"wp:featuredmedia":[{"embeddable":true,"href":"https:\/\/blogopara.com.br\/index.php\/wp-json\/wp\/v2\/media\/39258"}],"wp:attachment":[{"href":"https:\/\/blogopara.com.br\/index.php\/wp-json\/wp\/v2\/media?parent=39257"}],"wp:term":[{"taxonomy":"category","embeddable":true,"href":"https:\/\/blogopara.com.br\/index.php\/wp-json\/wp\/v2\/categories?post=39257"},{"taxonomy":"post_tag","embeddable":true,"href":"https:\/\/blogopara.com.br\/index.php\/wp-json\/wp\/v2\/tags?post=39257"}],"curies":[{"name":"wp","href":"https:\/\/api.w.org\/{rel}","templated":true}]}}