{"id":39264,"date":"2022-07-06T07:45:00","date_gmt":"2022-07-06T10:45:00","guid":{"rendered":"https:\/\/blogopara.com.br\/?p=39264"},"modified":"2022-07-06T09:10:29","modified_gmt":"2022-07-06T12:10:29","slug":"curaca-jeronimo-rodrigues-e-vaiado-durante-a-festa-do-vaqueiro-video","status":"publish","type":"post","link":"https:\/\/blogopara.com.br\/index.php\/2022\/07\/06\/curaca-jeronimo-rodrigues-e-vaiado-durante-a-festa-do-vaqueiro-video","title":{"rendered":"Cura\u00e7\u00e1: Jer\u00f4nimo Rodrigues \u00e9 vaiado durante a festa do Vaqueiro; v\u00eddeo"},"content":{"rendered":"<p style=\"text-align: justify;\">Um v\u00eddeo que circula nas redes sociais mostra durante a tradicional festa do Vaqueiro, uma multid\u00e3o vaiando a comitiva do pr\u00e9-candidato do PT, Jer\u00f4nimo Rodrigues.<\/p>\n<p style=\"text-align: justify;\">Segundo populares, o pr\u00e9-candidato seguia com uma comitiva de pol\u00edticos regionais quando foi surpreendido com a saraivada de vaias, que ecoaram de todos os cantos da avenida. O constrangimento foi geral.<\/p>\n<p style=\"text-align: justify;\">Est\u00e1 ficando feio para ao governador da Bahia, Rui Costa, o seu pupilo ser hostilizado e vaiado em alguns eventos onde est\u00e1 presente.<\/p>\n<p style=\"text-align: justify;\">Inclusive causou estranheza o fato de Jer\u00f4nimo Rodrigues n\u00e3o ter postado nas suas redes sociais fotos da sua agenda em Cura\u00e7\u00e1, assim como os demais pol\u00edticos ligados ele, que estavam no momento das vaias.<\/p>\n<p style=\"text-align: justify;\">Um morador de Cura\u00e7\u00e1 afirmou que Rui Costa e o seu pr\u00e9-candidato a governador n\u00e3o s\u00e3o bem-vindos ao munic\u00edpio, &#8220;em 16 anos abandonaram Cura\u00e7\u00e1, n\u00e3o tem investimentos por parte do governado do estado, que s\u00f3 beneficia os seus aliados&#8221;.<\/p>\n<div style=\"width: 640px;\" class=\"wp-video\"><!--[if lt IE 9]><script>document.createElement('video');<\/script><![endif]-->\n<video class=\"wp-video-shortcode\" id=\"video-39264-1\" width=\"640\" height=\"362\" preload=\"metadata\" controls=\"controls\"><source type=\"video\/mp4\" src=\"https:\/\/blogopara.com.br\/wp-content\/uploads\/2022\/07\/WhatsApp-Video-2022-07-05-at-09.10.03.mp4?_=1\" \/><a href=\"https:\/\/blogopara.com.br\/wp-content\/uploads\/2022\/07\/WhatsApp-Video-2022-07-05-at-09.10.03.mp4\">https:\/\/blogopara.com.br\/wp-content\/uploads\/2022\/07\/WhatsApp-Video-2022-07-05-at-09.10.03.mp4<\/a><\/video><\/div>\n<p style=\"text-align: justify;\">\n","protected":false},"excerpt":{"rendered":"<p>Um v\u00eddeo que circula nas redes sociais mostra durante a tradicional festa do Vaqueiro, uma multid\u00e3o vaiando a comitiva do pr\u00e9-candidato do PT, Jer\u00f4nimo Rodrigues. Segundo populares, o pr\u00e9-candidato seguia com uma comitiva de pol\u00edticos regionais quando foi surpreendido com a saraivada de vaias, que ecoaram de todos os cantos da avenida. O constrangimento foi [&hellip;]<\/p>\n","protected":false},"author":1,"featured_media":39266,"comment_status":"closed","ping_status":"open","sticky":false,"template":"","format":"standard","meta":{"_uag_custom_page_level_css":"","_monsterinsights_skip_tracking":false,"_monsterinsights_sitenote_active":false,"_monsterinsights_sitenote_note":"","_monsterinsights_sitenote_category":0,"jetpack_post_was_ever_published":false,"_jetpack_newsletter_access":"","_jetpack_dont_email_post_to_subs":false,"_jetpack_newsletter_tier_id":0,"_jetpack_memberships_contains_paywalled_content":false,"_jetpack_memberships_contains_paid_content":false,"footnotes":"","jetpack_publicize_message":"","jetpack_publicize_feature_enabled":true,"jetpack_social_post_already_shared":true,"jetpack_social_options":{"image_generator_settings":{"template":"highway","default_image_id":0,"font":"","enabled":false},"version":2}},"categories":[199,197],"tags":[1705,1327,8075,290],"class_list":["post-39264","post","type-post","status-publish","format-standard","has-post-thumbnail","hentry","category-bahia","category-politica","tag-acm-neto","tag-eleicoes-2022","tag-jeronimo-rodrigues","tag-pt-bahia"],"jetpack_publicize_connections":[],"jetpack_featured_media_url":"https:\/\/blogopara.com.br\/wp-content\/uploads\/2022\/07\/Governador-Rui-Costa-e-secretario-Jeronimo-Rodrigues-20210316111-678x381-1.jpeg","uagb_featured_image_src":{"full":["https:\/\/blogopara.com.br\/wp-content\/uploads\/2022\/07\/Governador-Rui-Costa-e-secretario-Jeronimo-Rodrigues-20210316111-678x381-1.jpeg",500,280,false],"thumbnail":["https:\/\/blogopara.com.br\/wp-content\/uploads\/2022\/07\/Governador-Rui-Costa-e-secretario-Jeronimo-Rodrigues-20210316111-678x381-1-150x150.jpeg",150,150,true],"medium":["https:\/\/blogopara.com.br\/wp-content\/uploads\/2022\/07\/Governador-Rui-Costa-e-secretario-Jeronimo-Rodrigues-20210316111-678x381-1-300x168.jpeg",300,168,true],"medium_large":["https:\/\/blogopara.com.br\/wp-content\/uploads\/2022\/07\/Governador-Rui-Costa-e-secretario-Jeronimo-Rodrigues-20210316111-678x381-1.jpeg",500,280,false],"large":["https:\/\/blogopara.com.br\/wp-content\/uploads\/2022\/07\/Governador-Rui-Costa-e-secretario-Jeronimo-Rodrigues-20210316111-678x381-1.jpeg",500,280,false],"1536x1536":["https:\/\/blogopara.com.br\/wp-content\/uploads\/2022\/07\/Governador-Rui-Costa-e-secretario-Jeronimo-Rodrigues-20210316111-678x381-1.jpeg",500,280,false],"2048x2048":["https:\/\/blogopara.com.br\/wp-content\/uploads\/2022\/07\/Governador-Rui-Costa-e-secretario-Jeronimo-Rodrigues-20210316111-678x381-1.jpeg",500,280,false],"mantranews-slider-large":["https:\/\/blogopara.com.br\/wp-content\/uploads\/2022\/07\/Governador-Rui-Costa-e-secretario-Jeronimo-Rodrigues-20210316111-678x381-1.jpeg",500,280,false],"mantranews-featured-medium":["https:\/\/blogopara.com.br\/wp-content\/uploads\/2022\/07\/Governador-Rui-Costa-e-secretario-Jeronimo-Rodrigues-20210316111-678x381-1-420x280.jpeg",420,280,true],"mantranews-featured-long":["https:\/\/blogopara.com.br\/wp-content\/uploads\/2022\/07\/Governador-Rui-Costa-e-secretario-Jeronimo-Rodrigues-20210316111-678x381-1-300x280.jpeg",300,280,true],"mantranews-block-medium":["https:\/\/blogopara.com.br\/wp-content\/uploads\/2022\/07\/Governador-Rui-Costa-e-secretario-Jeronimo-Rodrigues-20210316111-678x381-1-464x280.jpeg",464,280,true],"mantranews-carousel-image":["https:\/\/blogopara.com.br\/wp-content\/uploads\/2022\/07\/Governador-Rui-Costa-e-secretario-Jeronimo-Rodrigues-20210316111-678x381-1.jpeg",500,280,false],"mantranews-block-thumb":["https:\/\/blogopara.com.br\/wp-content\/uploads\/2022\/07\/Governador-Rui-Costa-e-secretario-Jeronimo-Rodrigues-20210316111-678x381-1-322x230.jpeg",322,230,true],"mantranews-single-large":["https:\/\/blogopara.com.br\/wp-content\/uploads\/2022\/07\/Governador-Rui-Costa-e-secretario-Jeronimo-Rodrigues-20210316111-678x381-1.jpeg",500,280,false]},"uagb_author_info":{"display_name":"Reda\u00e7\u00e3o geral","author_link":"https:\/\/blogopara.com.br\/index.php\/author\/blogopara"},"uagb_comment_info":0,"uagb_excerpt":"Um v\u00eddeo que circula nas redes sociais mostra durante a tradicional festa do Vaqueiro, uma multid\u00e3o vaiando a comitiva do pr\u00e9-candidato do PT, Jer\u00f4nimo Rodrigues. Segundo populares, o pr\u00e9-candidato seguia com uma comitiva de pol\u00edticos regionais quando foi surpreendido com a saraivada de vaias, que ecoaram de todos os cantos da avenida. O constrangimento foi&hellip;","jetpack_sharing_enabled":true,"jetpack_likes_enabled":true,"_links":{"self":[{"href":"https:\/\/blogopara.com.br\/index.php\/wp-json\/wp\/v2\/posts\/39264","targetHints":{"allow":["GET"]}}],"collection":[{"href":"https:\/\/blogopara.com.br\/index.php\/wp-json\/wp\/v2\/posts"}],"about":[{"href":"https:\/\/blogopara.com.br\/index.php\/wp-json\/wp\/v2\/types\/post"}],"author":[{"embeddable":true,"href":"https:\/\/blogopara.com.br\/index.php\/wp-json\/wp\/v2\/users\/1"}],"replies":[{"embeddable":true,"href":"https:\/\/blogopara.com.br\/index.php\/wp-json\/wp\/v2\/comments?post=39264"}],"version-history":[{"count":3,"href":"https:\/\/blogopara.com.br\/index.php\/wp-json\/wp\/v2\/posts\/39264\/revisions"}],"predecessor-version":[{"id":39293,"href":"https:\/\/blogopara.com.br\/index.php\/wp-json\/wp\/v2\/posts\/39264\/revisions\/39293"}],"wp:featuredmedia":[{"embeddable":true,"href":"https:\/\/blogopara.com.br\/index.php\/wp-json\/wp\/v2\/media\/39266"}],"wp:attachment":[{"href":"https:\/\/blogopara.com.br\/index.php\/wp-json\/wp\/v2\/media?parent=39264"}],"wp:term":[{"taxonomy":"category","embeddable":true,"href":"https:\/\/blogopara.com.br\/index.php\/wp-json\/wp\/v2\/categories?post=39264"},{"taxonomy":"post_tag","embeddable":true,"href":"https:\/\/blogopara.com.br\/index.php\/wp-json\/wp\/v2\/tags?post=39264"}],"curies":[{"name":"wp","href":"https:\/\/api.w.org\/{rel}","templated":true}]}}