{"id":39274,"date":"2022-07-06T15:05:00","date_gmt":"2022-07-06T18:05:00","guid":{"rendered":"https:\/\/blogopara.com.br\/?p=39274"},"modified":"2022-07-06T10:23:45","modified_gmt":"2022-07-06T13:23:45","slug":"dia-do-cooperativismo-e-comemorado-em-petrolina-com-doacao-para-o-hospital-dom-tomas","status":"publish","type":"post","link":"https:\/\/blogopara.com.br\/index.php\/2022\/07\/06\/dia-do-cooperativismo-e-comemorado-em-petrolina-com-doacao-para-o-hospital-dom-tomas","title":{"rendered":"Dia do Cooperativismo \u00e9 comemorado em Petrolina com doa\u00e7\u00e3o para o Hospital Dom Tom\u00e1s"},"content":{"rendered":"<p style=\"text-align: justify;\">O s\u00e9timo princ\u00edpio do cooperativismo, que \u00e9 a preocupa\u00e7\u00e3o com a comunidade e o bem estar social, foi evidenciado em Petrolina &#8211; PE, no \u00faltimo s\u00e1bado (02), com a doa\u00e7\u00e3o de 12 ar-condicionados para o Dom Tom\u00e1s (HDT), hospital de refer\u00eancia no tratamento de c\u00e2ncer no Vale do S\u00e3o Francisco. A a\u00e7\u00e3o, promovida por cooperativas regionais dos segmentos de sa\u00fade, agr\u00edcola e de cr\u00e9dito, marcou as comemora\u00e7\u00f5es do Dia Internacional do Cooperativismo.<\/p>\n<p style=\"text-align: justify;\">De acordo com o diretor executivo do Sicredi Vale do S\u00e3o Francisco, Alb\u00e9rico Pena, a doa\u00e7\u00e3o, que totaliza R$ 30 mil, ser\u00e1 destinada aos leitos que far\u00e3o parte da nova \u00e1rea de expans\u00e3o do hospital. &#8220;Fortalecer o trabalho desta entidade que auxilia a popula\u00e7\u00e3o em vulnerabilidade social faz parte dos princ\u00edpios cooperativistas e do prop\u00f3sito que norteia o Sicredi Vale do S\u00e3o Francisco&#8221;, ressaltou.<\/p>\n<p style=\"text-align: justify;\">O presidente da Unimed Vale do S\u00e3o Francisco, Francisco Otaviano, tamb\u00e9m destacou a import\u00e2ncia do Dom Tom\u00e1s, enfatizando a necessidade da participa\u00e7\u00e3o e apoio de toda a comunidade para o bom andamento dos trabalhos no hospital. &#8220;Acompanhamos de perto os esfor\u00e7os realizados pela equipe de sa\u00fade do HDT para oferecer assist\u00eancia humanizada e integral aos pacientes com c\u00e2ncer e seus familiares. E, a cada dia, vibramos com as conquistas a exemplo da realiza\u00e7\u00e3o crescente de procedimentos em oncologia&#8221;, concluiu.<\/p>\n<p style=\"text-align: justify;\">Alem do Sicredi e da Unimed Vale do S\u00e3o Francisco, participaram tamb\u00e9m da doa\u00e7\u00e3o, as cooperativas Coopexvale, Copexfruit, Cerpel, Valexfruit, Coana e Sicredi Pernambucred. Segundo o diretor t\u00e9cnico-m\u00e9dico do hospital, Alan Ribeiro, a contribui\u00e7\u00e3o e o apoio das cooperativas \u00e9 um est\u00edmulo para que a institui\u00e7\u00e3o continue atendendo mensalmente, a 1.500 pacientes em tratamento contra o c\u00e2ncer de 60 munic\u00edpios do entorno de Petrolina, incluindo o norte da Bahia. S\u00e3o, ao todo, dois milh\u00f5es de pessoas beneficiadas pela unidade, que \u00e9 o principal hospital oncol\u00f3gico do Vale do S\u00e3o Francisco.<\/p>\n<p style=\"text-align: justify;\">Celebrado sempre no primeiro s\u00e1bado do m\u00eas de julho, a comemora\u00e7\u00e3o pelo Dia Internacional do Cooperativismo, em Petrolina, contou ainda com din\u00e2micas de grupo e oficinas sobre cooperativismo e solidariedade realizadas pelo Servi\u00e7o Nacional de Aprendizagem do Cooperativismo no Estado de Pernambuco (Sescoop\/PE). A entidade, que integra o Sistema S, \u00e9 parceira das cooperativas no \u00e2mbito de iniciativas nas \u00e1reas de promo\u00e7\u00e3o social, forma\u00e7\u00e3o profissional e monitoramento. O munic\u00edpio, que fica no Sert\u00e3o do S\u00e3o Francisco, representou, pela primeira vez, o estado de Pernambuco na campanha nacional Dia de Cooperar (Dia C). Considerado o maior movimento de voluntariado cooperativista do Brasil, o Dia C beneficiou mais de 5 milh\u00f5es de pessoas, somente em 2021. S\u00f3 em Pernambuco foram mais de 15 mil benefici\u00e1rios com 20 a\u00e7\u00f5es realizadas pelas cooperativas pernambucanas.<\/p>\n\n\n<p>CLASS Comunica\u00e7\u00e3o e Marketing<\/p>\n","protected":false},"excerpt":{"rendered":"<p>O s\u00e9timo princ\u00edpio do cooperativismo, que \u00e9 a preocupa\u00e7\u00e3o com a comunidade e o bem estar social, foi evidenciado em Petrolina &#8211; PE, no \u00faltimo s\u00e1bado (02), com a doa\u00e7\u00e3o de 12 ar-condicionados para o Dom Tom\u00e1s (HDT), hospital de refer\u00eancia no tratamento de c\u00e2ncer no Vale do S\u00e3o Francisco. A a\u00e7\u00e3o, promovida por cooperativas [&hellip;]<\/p>\n","protected":false},"author":1,"featured_media":39275,"comment_status":"closed","ping_status":"open","sticky":false,"template":"","format":"standard","meta":{"_uag_custom_page_level_css":"","_monsterinsights_skip_tracking":false,"_monsterinsights_sitenote_active":false,"_monsterinsights_sitenote_note":"","_monsterinsights_sitenote_category":0,"jetpack_post_was_ever_published":false,"_jetpack_newsletter_access":"","_jetpack_dont_email_post_to_subs":false,"_jetpack_newsletter_tier_id":0,"_jetpack_memberships_contains_paywalled_content":false,"_jetpack_memberships_contains_paid_content":false,"footnotes":"","jetpack_publicize_message":"","jetpack_publicize_feature_enabled":true,"jetpack_social_post_already_shared":true,"jetpack_social_options":{"image_generator_settings":{"template":"highway","default_image_id":0,"font":"","enabled":false},"version":2}},"categories":[204],"tags":[],"class_list":["post-39274","post","type-post","status-publish","format-standard","has-post-thumbnail","hentry","category-social"],"jetpack_publicize_connections":[],"jetpack_featured_media_url":"https:\/\/blogopara.com.br\/wp-content\/uploads\/2022\/07\/cooperativiamo.jpg","uagb_featured_image_src":{"full":["https:\/\/blogopara.com.br\/wp-content\/uploads\/2022\/07\/cooperativiamo.jpg",500,500,false],"thumbnail":["https:\/\/blogopara.com.br\/wp-content\/uploads\/2022\/07\/cooperativiamo-150x150.jpg",150,150,true],"medium":["https:\/\/blogopara.com.br\/wp-content\/uploads\/2022\/07\/cooperativiamo-300x300.jpg",300,300,true],"medium_large":["https:\/\/blogopara.com.br\/wp-content\/uploads\/2022\/07\/cooperativiamo.jpg",500,500,false],"large":["https:\/\/blogopara.com.br\/wp-content\/uploads\/2022\/07\/cooperativiamo.jpg",500,500,false],"1536x1536":["https:\/\/blogopara.com.br\/wp-content\/uploads\/2022\/07\/cooperativiamo.jpg",500,500,false],"2048x2048":["https:\/\/blogopara.com.br\/wp-content\/uploads\/2022\/07\/cooperativiamo.jpg",500,500,false],"mantranews-slider-large":["https:\/\/blogopara.com.br\/wp-content\/uploads\/2022\/07\/cooperativiamo.jpg",500,500,false],"mantranews-featured-medium":["https:\/\/blogopara.com.br\/wp-content\/uploads\/2022\/07\/cooperativiamo-420x307.jpg",420,307,true],"mantranews-featured-long":["https:\/\/blogopara.com.br\/wp-content\/uploads\/2022\/07\/cooperativiamo-300x443.jpg",300,443,true],"mantranews-block-medium":["https:\/\/blogopara.com.br\/wp-content\/uploads\/2022\/07\/cooperativiamo-464x290.jpg",464,290,true],"mantranews-carousel-image":["https:\/\/blogopara.com.br\/wp-content\/uploads\/2022\/07\/cooperativiamo.jpg",500,500,false],"mantranews-block-thumb":["https:\/\/blogopara.com.br\/wp-content\/uploads\/2022\/07\/cooperativiamo-322x230.jpg",322,230,true],"mantranews-single-large":["https:\/\/blogopara.com.br\/wp-content\/uploads\/2022\/07\/cooperativiamo.jpg",500,500,false]},"uagb_author_info":{"display_name":"Reda\u00e7\u00e3o geral","author_link":"https:\/\/blogopara.com.br\/index.php\/author\/blogopara"},"uagb_comment_info":0,"uagb_excerpt":"O s\u00e9timo princ\u00edpio do cooperativismo, que \u00e9 a preocupa\u00e7\u00e3o com a comunidade e o bem estar social, foi evidenciado em Petrolina &#8211; PE, no \u00faltimo s\u00e1bado (02), com a doa\u00e7\u00e3o de 12 ar-condicionados para o Dom Tom\u00e1s (HDT), hospital de refer\u00eancia no tratamento de c\u00e2ncer no Vale do S\u00e3o Francisco. A a\u00e7\u00e3o, promovida por cooperativas&hellip;","jetpack_sharing_enabled":true,"jetpack_likes_enabled":true,"_links":{"self":[{"href":"https:\/\/blogopara.com.br\/index.php\/wp-json\/wp\/v2\/posts\/39274","targetHints":{"allow":["GET"]}}],"collection":[{"href":"https:\/\/blogopara.com.br\/index.php\/wp-json\/wp\/v2\/posts"}],"about":[{"href":"https:\/\/blogopara.com.br\/index.php\/wp-json\/wp\/v2\/types\/post"}],"author":[{"embeddable":true,"href":"https:\/\/blogopara.com.br\/index.php\/wp-json\/wp\/v2\/users\/1"}],"replies":[{"embeddable":true,"href":"https:\/\/blogopara.com.br\/index.php\/wp-json\/wp\/v2\/comments?post=39274"}],"version-history":[{"count":1,"href":"https:\/\/blogopara.com.br\/index.php\/wp-json\/wp\/v2\/posts\/39274\/revisions"}],"predecessor-version":[{"id":39276,"href":"https:\/\/blogopara.com.br\/index.php\/wp-json\/wp\/v2\/posts\/39274\/revisions\/39276"}],"wp:featuredmedia":[{"embeddable":true,"href":"https:\/\/blogopara.com.br\/index.php\/wp-json\/wp\/v2\/media\/39275"}],"wp:attachment":[{"href":"https:\/\/blogopara.com.br\/index.php\/wp-json\/wp\/v2\/media?parent=39274"}],"wp:term":[{"taxonomy":"category","embeddable":true,"href":"https:\/\/blogopara.com.br\/index.php\/wp-json\/wp\/v2\/categories?post=39274"},{"taxonomy":"post_tag","embeddable":true,"href":"https:\/\/blogopara.com.br\/index.php\/wp-json\/wp\/v2\/tags?post=39274"}],"curies":[{"name":"wp","href":"https:\/\/api.w.org\/{rel}","templated":true}]}}