{"id":39391,"date":"2022-07-08T08:45:00","date_gmt":"2022-07-08T11:45:00","guid":{"rendered":"https:\/\/blogopara.com.br\/?p=39391"},"modified":"2022-07-07T21:18:03","modified_gmt":"2022-07-08T00:18:03","slug":"hpv-vacinacao-e-ampliada-para-homens-de-ate-45-anos-imunossuprimidos","status":"publish","type":"post","link":"https:\/\/blogopara.com.br\/index.php\/2022\/07\/08\/hpv-vacinacao-e-ampliada-para-homens-de-ate-45-anos-imunossuprimidos","title":{"rendered":"HPV: vacina\u00e7\u00e3o \u00e9 ampliada para homens de at\u00e9 45 anos imunossuprimidos"},"content":{"rendered":"<div id=\"tdi_69\" class=\"tdc-row stretch_row_1200 td-stretch-content\">\n<div class=\"vc_row tdi_70  wpb_row td-pb-row\">\n<div class=\"vc_column tdi_72  wpb_column vc_column_container tdc-column td-pb-span12\">\n<div class=\"wpb_wrapper\">\n<div class=\"vc_row_inner tdi_76  vc_row vc_inner wpb_row td-pb-row\">\n<div class=\"vc_column_inner tdi_85  wpb_column vc_column_container tdc-inner-column td-pb-span7\">\n<div class=\"vc_column-inner\">\n<div class=\"wpb_wrapper\">\n<div class=\"td_block_wrap tdb_single_post_share tdi_86 td-pb-border-top td_block_template_8\" data-td-block-uid=\"tdi_86\">\n<div id=\"tdi_86\" class=\"td-post-sharing tdb-block td-ps-bg td-ps-notext td-ps-bar td-post-sharing-style5 \">\n<div class=\"td-post-sharing-visible\">\n<div class=\"td-social-but-icon\">\u00a0<\/div>\n<div class=\"td-social-but-icon\">\u00a0<\/div>\n<div class=\"td-social-but-icon\" style=\"text-align: justify;\"><span style=\"font-size: revert; color: initial;\">O Minist\u00e9rio da Sa\u00fade anunciou hoje (7) a amplia\u00e7\u00e3o da vacina\u00e7\u00e3o contra o papilomavirus humano quadrivalente (HPV4) para homens de at\u00e9 45 anos com imunossupress\u00e3o. A amplia\u00e7\u00e3o de faixa et\u00e1ria segue recomenda\u00e7\u00f5es de sociedades cient\u00edficas. Isso significa que, a partir de agora, homens de at\u00e9 45 anos transplantados, pacientes oncol\u00f3gicos ou vivendo com HIV\/Aids podem se vacinar. O esquema tradicional de tr\u00eas doses continuar\u00e1 sendo usado, independente da idade.<\/span><\/div>\n<div style=\"text-align: justify;\">\u00a0<\/div>\n<\/div>\n<\/div>\n<\/div>\n<\/div>\n<\/div>\n<\/div>\n<\/div>\n<\/div>\n<\/div>\n<\/div>\n<\/div>\n<div id=\"tdi_87\" class=\"tdc-row stretch_row_1200 td-stretch-content\">\n<div class=\"vc_row tdi_88  wpb_row td-pb-row\">\n<div class=\"vc_column tdi_90  wpb_column vc_column_container tdc-column td-pb-span9\">\n<div class=\"wpb_wrapper\">\n<div class=\"td_block_wrap tdb_single_content tdi_96 td-pb-border-top td_block_template_8 td-post-content tagdiv-type\" data-td-block-uid=\"tdi_96\">\n<div class=\"tdb-block-inner td-fix-index\">\n<div class=\"td-a-ad id_inline_ad0 id_ad_content-horiz-left\" style=\"text-align: justify;\">\n<div class=\"g g-12\">\n<div class=\"g-single a-13\"><span style=\"font-size: revert; color: initial;\">Segundo a Organiza\u00e7\u00e3o Mundial de Sa\u00fade (OMS), a estimativa \u00e9 que haja entre 9 a 10 milh\u00f5es de infectados por esse v\u00edrus no Brasil e que a cada ano surjam 700 mil novos casos da infec\u00e7\u00e3o no pa\u00eds. O risco de desenvolvimento de c\u00e2nceres associados ao HPV \u00e9 cerca de quatro vezes maior entre pessoas vivendo com HIV\/Aids e transplantados, do que na popula\u00e7\u00e3o sem a doen\u00e7a ou transplante.<\/span><\/div>\n<\/div>\n<\/div>\n<p style=\"text-align: justify;\">A imunossupress\u00e3o cr\u00f4nica \u00e9 um dos principais fatores de risco para aquisi\u00e7\u00e3o e persist\u00eancia do HPV, esclareceu o minist\u00e9rio, por meio da assessoria de imprensa. \u00c9 tamb\u00e9m importante fator de risco para a progress\u00e3o de les\u00f5es pr\u00e9-cancerosas e neoplasias, especialmente em pessoas vivendo com HIV\/Aids, transplantados de c\u00e9lulas-tronco hematopo\u00e9ticas e \u00f3rg\u00e3os s\u00f3lidos e indiv\u00edduos em tratamento para c\u00e2ncer (r\u00e1dio e\/ou quimioterapia).<\/p>\n<p style=\"text-align: justify;\">A vacina HPV quadrivalente previne os c\u00e2nceres relacionados aos HPV 16 e 18; c\u00e2nceres de colo do \u00fatero, de vulva e vagina; o c\u00e2ncer peniano e c\u00e2nceres de orofaringe e anal em homens e mulheres, al\u00e9m das verrugas genitais nos dois sexos relacionadas ao HPV 6 e 11. Podem se vacinar contra o HPV meninas de 9 a 14 anos; meninos de 11 a 14 anos; e homens e mulheres imunossuprimidos, de 9 a 45 anos, que vivem com HIV\/Aids, transplantados de \u00f3rg\u00e3os s\u00f3lidos ou medula \u00f3ssea e pacientes oncol\u00f3gicos.<\/p>\n<\/div>\n<\/div>\n<\/div>\n<\/div>\n<\/div>\n<\/div>\n\n\n<p>Informe Baiano<\/p>\n","protected":false},"excerpt":{"rendered":"<p>\u00a0 \u00a0 O Minist\u00e9rio da Sa\u00fade anunciou hoje (7) a amplia\u00e7\u00e3o da vacina\u00e7\u00e3o contra o papilomavirus humano quadrivalente (HPV4) para homens de at\u00e9 45 anos com imunossupress\u00e3o. A amplia\u00e7\u00e3o de faixa et\u00e1ria segue recomenda\u00e7\u00f5es de sociedades cient\u00edficas. Isso significa que, a partir de agora, homens de at\u00e9 45 anos transplantados, pacientes oncol\u00f3gicos ou vivendo com [&hellip;]<\/p>\n","protected":false},"author":1,"featured_media":39392,"comment_status":"closed","ping_status":"open","sticky":false,"template":"","format":"standard","meta":{"_uag_custom_page_level_css":"","_monsterinsights_skip_tracking":false,"_monsterinsights_sitenote_active":false,"_monsterinsights_sitenote_note":"","_monsterinsights_sitenote_category":0,"jetpack_post_was_ever_published":false,"_jetpack_newsletter_access":"","_jetpack_dont_email_post_to_subs":false,"_jetpack_newsletter_tier_id":0,"_jetpack_memberships_contains_paywalled_content":false,"_jetpack_memberships_contains_paid_content":false,"footnotes":"","jetpack_publicize_message":"","jetpack_publicize_feature_enabled":true,"jetpack_social_post_already_shared":true,"jetpack_social_options":{"image_generator_settings":{"template":"highway","default_image_id":0,"font":"","enabled":false},"version":2}},"categories":[200,205],"tags":[],"class_list":["post-39391","post","type-post","status-publish","format-standard","has-post-thumbnail","hentry","category-brasil","category-saude"],"jetpack_publicize_connections":[],"jetpack_featured_media_url":"https:\/\/blogopara.com.br\/wp-content\/uploads\/2022\/07\/hpv.jpg","uagb_featured_image_src":{"full":["https:\/\/blogopara.com.br\/wp-content\/uploads\/2022\/07\/hpv.jpg",500,300,false],"thumbnail":["https:\/\/blogopara.com.br\/wp-content\/uploads\/2022\/07\/hpv-150x150.jpg",150,150,true],"medium":["https:\/\/blogopara.com.br\/wp-content\/uploads\/2022\/07\/hpv-300x180.jpg",300,180,true],"medium_large":["https:\/\/blogopara.com.br\/wp-content\/uploads\/2022\/07\/hpv.jpg",500,300,false],"large":["https:\/\/blogopara.com.br\/wp-content\/uploads\/2022\/07\/hpv.jpg",500,300,false],"1536x1536":["https:\/\/blogopara.com.br\/wp-content\/uploads\/2022\/07\/hpv.jpg",500,300,false],"2048x2048":["https:\/\/blogopara.com.br\/wp-content\/uploads\/2022\/07\/hpv.jpg",500,300,false],"mantranews-slider-large":["https:\/\/blogopara.com.br\/wp-content\/uploads\/2022\/07\/hpv.jpg",500,300,false],"mantranews-featured-medium":["https:\/\/blogopara.com.br\/wp-content\/uploads\/2022\/07\/hpv-420x300.jpg",420,300,true],"mantranews-featured-long":["https:\/\/blogopara.com.br\/wp-content\/uploads\/2022\/07\/hpv-300x300.jpg",300,300,true],"mantranews-block-medium":["https:\/\/blogopara.com.br\/wp-content\/uploads\/2022\/07\/hpv-464x290.jpg",464,290,true],"mantranews-carousel-image":["https:\/\/blogopara.com.br\/wp-content\/uploads\/2022\/07\/hpv.jpg",500,300,false],"mantranews-block-thumb":["https:\/\/blogopara.com.br\/wp-content\/uploads\/2022\/07\/hpv-322x230.jpg",322,230,true],"mantranews-single-large":["https:\/\/blogopara.com.br\/wp-content\/uploads\/2022\/07\/hpv.jpg",500,300,false]},"uagb_author_info":{"display_name":"Reda\u00e7\u00e3o geral","author_link":"https:\/\/blogopara.com.br\/index.php\/author\/blogopara"},"uagb_comment_info":0,"uagb_excerpt":"\u00a0 \u00a0 O Minist\u00e9rio da Sa\u00fade anunciou hoje (7) a amplia\u00e7\u00e3o da vacina\u00e7\u00e3o contra o papilomavirus humano quadrivalente (HPV4) para homens de at\u00e9 45 anos com imunossupress\u00e3o. A amplia\u00e7\u00e3o de faixa et\u00e1ria segue recomenda\u00e7\u00f5es de sociedades cient\u00edficas. Isso significa que, a partir de agora, homens de at\u00e9 45 anos transplantados, pacientes oncol\u00f3gicos ou vivendo com&hellip;","jetpack_sharing_enabled":true,"jetpack_likes_enabled":true,"_links":{"self":[{"href":"https:\/\/blogopara.com.br\/index.php\/wp-json\/wp\/v2\/posts\/39391","targetHints":{"allow":["GET"]}}],"collection":[{"href":"https:\/\/blogopara.com.br\/index.php\/wp-json\/wp\/v2\/posts"}],"about":[{"href":"https:\/\/blogopara.com.br\/index.php\/wp-json\/wp\/v2\/types\/post"}],"author":[{"embeddable":true,"href":"https:\/\/blogopara.com.br\/index.php\/wp-json\/wp\/v2\/users\/1"}],"replies":[{"embeddable":true,"href":"https:\/\/blogopara.com.br\/index.php\/wp-json\/wp\/v2\/comments?post=39391"}],"version-history":[{"count":1,"href":"https:\/\/blogopara.com.br\/index.php\/wp-json\/wp\/v2\/posts\/39391\/revisions"}],"predecessor-version":[{"id":39393,"href":"https:\/\/blogopara.com.br\/index.php\/wp-json\/wp\/v2\/posts\/39391\/revisions\/39393"}],"wp:featuredmedia":[{"embeddable":true,"href":"https:\/\/blogopara.com.br\/index.php\/wp-json\/wp\/v2\/media\/39392"}],"wp:attachment":[{"href":"https:\/\/blogopara.com.br\/index.php\/wp-json\/wp\/v2\/media?parent=39391"}],"wp:term":[{"taxonomy":"category","embeddable":true,"href":"https:\/\/blogopara.com.br\/index.php\/wp-json\/wp\/v2\/categories?post=39391"},{"taxonomy":"post_tag","embeddable":true,"href":"https:\/\/blogopara.com.br\/index.php\/wp-json\/wp\/v2\/tags?post=39391"}],"curies":[{"name":"wp","href":"https:\/\/api.w.org\/{rel}","templated":true}]}}