{"id":39442,"date":"2022-07-09T09:45:00","date_gmt":"2022-07-09T12:45:00","guid":{"rendered":"https:\/\/blogopara.com.br\/?p=39442"},"modified":"2022-07-08T21:18:09","modified_gmt":"2022-07-09T00:18:09","slug":"conmebol-divulga-datas-e-horarios-das-quartas-da-libertadores","status":"publish","type":"post","link":"https:\/\/blogopara.com.br\/index.php\/2022\/07\/09\/conmebol-divulga-datas-e-horarios-das-quartas-da-libertadores","title":{"rendered":"Conmebol divulga datas e hor\u00e1rios das quartas da Libertadores"},"content":{"rendered":"<p style=\"text-align: justify;\">A Confedera\u00e7\u00e3o Sul-Americana de Futebol (Conmebol) divulgou na tarde desta sexta-feira (8) as datas e hor\u00e1rios das partidas das quartas de final da Copa Libertadores, fase na qual o Brasil conta com cinco representantes e a Argentina tr\u00eas.<img decoding=\"async\" src=\"https:\/\/agenciabrasil.ebc.com.br\/ebc.png?id=1470034&amp;o=node\" \/><img decoding=\"async\" src=\"https:\/\/agenciabrasil.ebc.com.br\/ebc.gif?id=1470034&amp;o=node\" \/><\/p>\n<p style=\"text-align: justify;\">O primeiro confronto ser\u00e1 entre Corinthians e Flamengo, no dia 2 de agosto (a partir das 21h30 de Bras\u00edlia), uma ter\u00e7a-feira, na arena da equipe paulista. Uma semana depois as equipes se reencontram no Maracan\u00e3 no mesmo hor\u00e1rio.<\/p>\n<p style=\"text-align: justify;\">No dia 3 de agosto, uma quarta, ser\u00e3o disputadas duas partidas: entre Atl\u00e9tico-MG e Palmeiras, no Mineir\u00e3o, e V\u00e9lez Sarsfield (Argentina) e Talleres (Argentina). As duas partidas come\u00e7am \u00e0s 21h30. Uma semana depois, no mesmo hor\u00e1rio, as equipes entram em campo para a volta, com o confronto brasileiro tendo como sede o Allianz Parque.<\/p>\n<p style=\"text-align: justify;\">O \u00fanico confronto entre brasileiros e argentinos ter\u00e1 o primeiro cap\u00edtulo no dia 4 de agosto, uma quinta, na Arena da Baixada, onde o Athletico-PR recebe o Estudiantes (Argentina) a partir das 21h30. Uma semana depois o Furac\u00e3o visita os Hermanos em La Plata para a partida de volta, que tamb\u00e9m inicia \u00e0s 21h30.<\/p>\n","protected":false},"excerpt":{"rendered":"<p>A Confedera\u00e7\u00e3o Sul-Americana de Futebol (Conmebol) divulgou na tarde desta sexta-feira (8) as datas e hor\u00e1rios das partidas das quartas de final da Copa Libertadores, fase na qual o Brasil conta com cinco representantes e a Argentina tr\u00eas. O primeiro confronto ser\u00e1 entre Corinthians e Flamengo, no dia 2 de agosto (a partir das 21h30 [&hellip;]<\/p>\n","protected":false},"author":1,"featured_media":39443,"comment_status":"closed","ping_status":"open","sticky":false,"template":"","format":"standard","meta":{"_uag_custom_page_level_css":"","_monsterinsights_skip_tracking":false,"_monsterinsights_sitenote_active":false,"_monsterinsights_sitenote_note":"","_monsterinsights_sitenote_category":0,"jetpack_post_was_ever_published":false,"_jetpack_newsletter_access":"","_jetpack_dont_email_post_to_subs":false,"_jetpack_newsletter_tier_id":0,"_jetpack_memberships_contains_paywalled_content":false,"_jetpack_memberships_contains_paid_content":false,"footnotes":"","jetpack_publicize_message":"","jetpack_publicize_feature_enabled":true,"jetpack_social_post_already_shared":true,"jetpack_social_options":{"image_generator_settings":{"template":"highway","default_image_id":0,"font":"","enabled":false},"version":2}},"categories":[200,208],"tags":[],"class_list":["post-39442","post","type-post","status-publish","format-standard","has-post-thumbnail","hentry","category-brasil","category-esporte"],"jetpack_publicize_connections":[],"jetpack_featured_media_url":"https:\/\/blogopara.com.br\/wp-content\/uploads\/2022\/07\/conmebol.jpg","uagb_featured_image_src":{"full":["https:\/\/blogopara.com.br\/wp-content\/uploads\/2022\/07\/conmebol.jpg",500,500,false],"thumbnail":["https:\/\/blogopara.com.br\/wp-content\/uploads\/2022\/07\/conmebol-150x150.jpg",150,150,true],"medium":["https:\/\/blogopara.com.br\/wp-content\/uploads\/2022\/07\/conmebol-300x300.jpg",300,300,true],"medium_large":["https:\/\/blogopara.com.br\/wp-content\/uploads\/2022\/07\/conmebol.jpg",500,500,false],"large":["https:\/\/blogopara.com.br\/wp-content\/uploads\/2022\/07\/conmebol.jpg",500,500,false],"1536x1536":["https:\/\/blogopara.com.br\/wp-content\/uploads\/2022\/07\/conmebol.jpg",500,500,false],"2048x2048":["https:\/\/blogopara.com.br\/wp-content\/uploads\/2022\/07\/conmebol.jpg",500,500,false],"mantranews-slider-large":["https:\/\/blogopara.com.br\/wp-content\/uploads\/2022\/07\/conmebol.jpg",500,500,false],"mantranews-featured-medium":["https:\/\/blogopara.com.br\/wp-content\/uploads\/2022\/07\/conmebol-420x307.jpg",420,307,true],"mantranews-featured-long":["https:\/\/blogopara.com.br\/wp-content\/uploads\/2022\/07\/conmebol-300x443.jpg",300,443,true],"mantranews-block-medium":["https:\/\/blogopara.com.br\/wp-content\/uploads\/2022\/07\/conmebol-464x290.jpg",464,290,true],"mantranews-carousel-image":["https:\/\/blogopara.com.br\/wp-content\/uploads\/2022\/07\/conmebol.jpg",500,500,false],"mantranews-block-thumb":["https:\/\/blogopara.com.br\/wp-content\/uploads\/2022\/07\/conmebol-322x230.jpg",322,230,true],"mantranews-single-large":["https:\/\/blogopara.com.br\/wp-content\/uploads\/2022\/07\/conmebol.jpg",500,500,false]},"uagb_author_info":{"display_name":"Reda\u00e7\u00e3o geral","author_link":"https:\/\/blogopara.com.br\/index.php\/author\/blogopara"},"uagb_comment_info":0,"uagb_excerpt":"A Confedera\u00e7\u00e3o Sul-Americana de Futebol (Conmebol) divulgou na tarde desta sexta-feira (8) as datas e hor\u00e1rios das partidas das quartas de final da Copa Libertadores, fase na qual o Brasil conta com cinco representantes e a Argentina tr\u00eas. O primeiro confronto ser\u00e1 entre Corinthians e Flamengo, no dia 2 de agosto (a partir das 21h30&hellip;","jetpack_sharing_enabled":true,"jetpack_likes_enabled":true,"_links":{"self":[{"href":"https:\/\/blogopara.com.br\/index.php\/wp-json\/wp\/v2\/posts\/39442","targetHints":{"allow":["GET"]}}],"collection":[{"href":"https:\/\/blogopara.com.br\/index.php\/wp-json\/wp\/v2\/posts"}],"about":[{"href":"https:\/\/blogopara.com.br\/index.php\/wp-json\/wp\/v2\/types\/post"}],"author":[{"embeddable":true,"href":"https:\/\/blogopara.com.br\/index.php\/wp-json\/wp\/v2\/users\/1"}],"replies":[{"embeddable":true,"href":"https:\/\/blogopara.com.br\/index.php\/wp-json\/wp\/v2\/comments?post=39442"}],"version-history":[{"count":1,"href":"https:\/\/blogopara.com.br\/index.php\/wp-json\/wp\/v2\/posts\/39442\/revisions"}],"predecessor-version":[{"id":39444,"href":"https:\/\/blogopara.com.br\/index.php\/wp-json\/wp\/v2\/posts\/39442\/revisions\/39444"}],"wp:featuredmedia":[{"embeddable":true,"href":"https:\/\/blogopara.com.br\/index.php\/wp-json\/wp\/v2\/media\/39443"}],"wp:attachment":[{"href":"https:\/\/blogopara.com.br\/index.php\/wp-json\/wp\/v2\/media?parent=39442"}],"wp:term":[{"taxonomy":"category","embeddable":true,"href":"https:\/\/blogopara.com.br\/index.php\/wp-json\/wp\/v2\/categories?post=39442"},{"taxonomy":"post_tag","embeddable":true,"href":"https:\/\/blogopara.com.br\/index.php\/wp-json\/wp\/v2\/tags?post=39442"}],"curies":[{"name":"wp","href":"https:\/\/api.w.org\/{rel}","templated":true}]}}