{"id":39459,"date":"2022-07-09T19:11:00","date_gmt":"2022-07-09T22:11:00","guid":{"rendered":"https:\/\/blogopara.com.br\/?p=39459"},"modified":"2022-07-08T22:18:05","modified_gmt":"2022-07-09T01:18:05","slug":"conselho-debate-politica-de-assistencia-social-desenvolvida-em-juazeiro-durante-1a-formacao-continuada","status":"publish","type":"post","link":"https:\/\/blogopara.com.br\/index.php\/2022\/07\/09\/conselho-debate-politica-de-assistencia-social-desenvolvida-em-juazeiro-durante-1a-formacao-continuada","title":{"rendered":"Conselho debate pol\u00edtica de assist\u00eancia social desenvolvida em Juazeiro durante 1\u00aa Forma\u00e7\u00e3o Continuada"},"content":{"rendered":"<p dir=\"ltr\" style=\"text-align: justify;\">Conselheiros municipais de assist\u00eancia social, representantes da gest\u00e3o municipal, sociedade civil, organiza\u00e7\u00f5es, institutos e funda\u00e7\u00f5es, participaram da Primeira Forma\u00e7\u00e3o Continuada do Conselho Municipal de Assist\u00eancia Social (CMAS), durante esta sexta-feira (08) no audit\u00f3rio do Rapport Hotel. A iniciativa cumpriu o objetivo de oferecer um espa\u00e7o qualificado para debater o atual cen\u00e1rio e o futuro da pol\u00edtica de assist\u00eancia social desenvolvida no munic\u00edpio.<\/p>\n<p dir=\"ltr\" style=\"text-align: justify;\">O Conselho Municipal de Assist\u00eancia Social (CMAS) em parceria com a Prefeitura de Juazeiro, por meio da Secretaria de Desenvolvimento Social, Mulher e Diversidade (Sedes), busca promover a educa\u00e7\u00e3o permanente no Sistema \u00danico da Assist\u00eancia Social (SUAS), al\u00e9m de oportunizar o di\u00e1logo sobre o papel do Conselho Municipal da Assist\u00eancia Social (CMAS) e as fun\u00e7\u00f5es dos conselheiros, que cumprem o papel de representantes da sociedade civil, no dom\u00ednio dos programas, projetos e servi\u00e7os desenvolvidos pelo poder p\u00fablico municipal na \u00e1rea de assist\u00eancia social.<\/p>\n<p dir=\"ltr\" style=\"text-align: justify;\">O encontro contou com a presen\u00e7a da presidente do CMAS, Maria Jos\u00e9 Alves Pereira, que ressaltou sobre a necessidade de atender a popula\u00e7\u00e3o mais necessitada nos programas de assist\u00eancia oferecidos pelo munic\u00edpio, de forma efetiva e alinhada com as mudan\u00e7as ocorridas no sistema de regulamenta\u00e7\u00e3o. \u201cO CMAS \u00e9 um \u00f3rg\u00e3o de controle social que tem como propositura medir as pol\u00edticas p\u00fablicas que est\u00e3o sendo implantadas, e que as que j\u00e1 existem, mensurando as confer\u00eancias municipais de assist\u00eancia social. \u00c9 indispens\u00e1vel que os representantes do Conselho Municipal da Assist\u00eancia Social permane\u00e7am atualizados sobre as leis, decretos e resolu\u00e7\u00f5es que auxiliam no controle social da sociedade civil\u201d, falou Maria.\u00a0<\/p>\n<p dir=\"ltr\" style=\"text-align: justify;\">Gest\u00e3o democr\u00e1tica e participativa<\/p>\n<p dir=\"ltr\" style=\"text-align: justify;\">A gestora da Sedes, Am\u00e9lia Pedra, tamb\u00e9m presente no evento, destacou que a prefeitura tem investido em um modelo de gest\u00e3o democr\u00e1tica e participativa, apostando em parcerias entre \u00f3rg\u00e3os que viabilizem a concretiza\u00e7\u00e3o das pol\u00edticas sociais de forma satisfat\u00f3ria e surpreendente. \u201cAs esferas municipal, estadual e federal t\u00eam estabelecido di\u00e1logo constante, oferecendo todo suporte e apoio necess\u00e1rio para a concretiza\u00e7\u00e3o dos nossos prop\u00f3sitos enquanto gest\u00e3o, no cumprimento de nossas atribui\u00e7\u00f5es, e no atendimento e acolhimento das necessidades da popula\u00e7\u00e3o em situa\u00e7\u00e3o de vulnerabilidade social. Enquanto gest\u00e3o estamos comprometidos e empenhados em acompanhar de perto os projetos executados, a popula\u00e7\u00e3o atendida e o impacto social destas a\u00e7\u00f5es\u201d, comentou a secret\u00e1ria.<\/p>\n<p dir=\"ltr\" style=\"text-align: justify;\">Jussara R\u00eago, conselheira do CMAS, representante da Secretaria de Sa\u00fade e gerente de Humaniza\u00e7\u00e3o e Educa\u00e7\u00e3o Permanente e Continuada, comentou sobre a relev\u00e2ncia da a\u00e7\u00e3o. \u201cEsse encontro promove a valoriza\u00e7\u00e3o e capacita\u00e7\u00e3o de cada colaborador dentro desse setor, que se compromete diariamente com a presta\u00e7\u00e3o de servi\u00e7os socioassistenciais, al\u00e9m de oportunizar uma aproxima\u00e7\u00e3o mais efetiva entre conselho, prefeitura e sociedade civil, abrindo possibilidade para o desenvolvimento de um trabalho com base nas pol\u00edticas p\u00fablicas de assist\u00eancia social do munic\u00edpio\u201d, afirmou.<\/p>\n\n\n<p>Ascom ; PMJ<\/p>\n","protected":false},"excerpt":{"rendered":"<p>Conselheiros municipais de assist\u00eancia social, representantes da gest\u00e3o municipal, sociedade civil, organiza\u00e7\u00f5es, institutos e funda\u00e7\u00f5es, participaram da Primeira Forma\u00e7\u00e3o Continuada do Conselho Municipal de Assist\u00eancia Social (CMAS), durante esta sexta-feira (08) no audit\u00f3rio do Rapport Hotel. A iniciativa cumpriu o objetivo de oferecer um espa\u00e7o qualificado para debater o atual cen\u00e1rio e o futuro da [&hellip;]<\/p>\n","protected":false},"author":1,"featured_media":39460,"comment_status":"closed","ping_status":"open","sticky":false,"template":"","format":"standard","meta":{"_uag_custom_page_level_css":"","_monsterinsights_skip_tracking":false,"_monsterinsights_sitenote_active":false,"_monsterinsights_sitenote_note":"","_monsterinsights_sitenote_category":0,"jetpack_post_was_ever_published":false,"_jetpack_newsletter_access":"","_jetpack_dont_email_post_to_subs":false,"_jetpack_newsletter_tier_id":0,"_jetpack_memberships_contains_paywalled_content":false,"_jetpack_memberships_contains_paid_content":false,"footnotes":"","jetpack_publicize_message":"","jetpack_publicize_feature_enabled":true,"jetpack_social_post_already_shared":true,"jetpack_social_options":{"image_generator_settings":{"template":"highway","default_image_id":0,"font":"","enabled":false},"version":2}},"categories":[203,204],"tags":[],"class_list":["post-39459","post","type-post","status-publish","format-standard","has-post-thumbnail","hentry","category-juazeiro","category-social"],"jetpack_publicize_connections":[],"jetpack_featured_media_url":"https:\/\/blogopara.com.br\/wp-content\/uploads\/2022\/07\/Formacao-Continuada-1.jpg","uagb_featured_image_src":{"full":["https:\/\/blogopara.com.br\/wp-content\/uploads\/2022\/07\/Formacao-Continuada-1.jpg",500,300,false],"thumbnail":["https:\/\/blogopara.com.br\/wp-content\/uploads\/2022\/07\/Formacao-Continuada-1-150x150.jpg",150,150,true],"medium":["https:\/\/blogopara.com.br\/wp-content\/uploads\/2022\/07\/Formacao-Continuada-1-300x180.jpg",300,180,true],"medium_large":["https:\/\/blogopara.com.br\/wp-content\/uploads\/2022\/07\/Formacao-Continuada-1.jpg",500,300,false],"large":["https:\/\/blogopara.com.br\/wp-content\/uploads\/2022\/07\/Formacao-Continuada-1.jpg",500,300,false],"1536x1536":["https:\/\/blogopara.com.br\/wp-content\/uploads\/2022\/07\/Formacao-Continuada-1.jpg",500,300,false],"2048x2048":["https:\/\/blogopara.com.br\/wp-content\/uploads\/2022\/07\/Formacao-Continuada-1.jpg",500,300,false],"mantranews-slider-large":["https:\/\/blogopara.com.br\/wp-content\/uploads\/2022\/07\/Formacao-Continuada-1.jpg",500,300,false],"mantranews-featured-medium":["https:\/\/blogopara.com.br\/wp-content\/uploads\/2022\/07\/Formacao-Continuada-1-420x300.jpg",420,300,true],"mantranews-featured-long":["https:\/\/blogopara.com.br\/wp-content\/uploads\/2022\/07\/Formacao-Continuada-1-300x300.jpg",300,300,true],"mantranews-block-medium":["https:\/\/blogopara.com.br\/wp-content\/uploads\/2022\/07\/Formacao-Continuada-1-464x290.jpg",464,290,true],"mantranews-carousel-image":["https:\/\/blogopara.com.br\/wp-content\/uploads\/2022\/07\/Formacao-Continuada-1.jpg",500,300,false],"mantranews-block-thumb":["https:\/\/blogopara.com.br\/wp-content\/uploads\/2022\/07\/Formacao-Continuada-1-322x230.jpg",322,230,true],"mantranews-single-large":["https:\/\/blogopara.com.br\/wp-content\/uploads\/2022\/07\/Formacao-Continuada-1.jpg",500,300,false]},"uagb_author_info":{"display_name":"Reda\u00e7\u00e3o geral","author_link":"https:\/\/blogopara.com.br\/index.php\/author\/blogopara"},"uagb_comment_info":0,"uagb_excerpt":"Conselheiros municipais de assist\u00eancia social, representantes da gest\u00e3o municipal, sociedade civil, organiza\u00e7\u00f5es, institutos e funda\u00e7\u00f5es, participaram da Primeira Forma\u00e7\u00e3o Continuada do Conselho Municipal de Assist\u00eancia Social (CMAS), durante esta sexta-feira (08) no audit\u00f3rio do Rapport Hotel. A iniciativa cumpriu o objetivo de oferecer um espa\u00e7o qualificado para debater o atual cen\u00e1rio e o futuro da&hellip;","jetpack_sharing_enabled":true,"jetpack_likes_enabled":true,"_links":{"self":[{"href":"https:\/\/blogopara.com.br\/index.php\/wp-json\/wp\/v2\/posts\/39459","targetHints":{"allow":["GET"]}}],"collection":[{"href":"https:\/\/blogopara.com.br\/index.php\/wp-json\/wp\/v2\/posts"}],"about":[{"href":"https:\/\/blogopara.com.br\/index.php\/wp-json\/wp\/v2\/types\/post"}],"author":[{"embeddable":true,"href":"https:\/\/blogopara.com.br\/index.php\/wp-json\/wp\/v2\/users\/1"}],"replies":[{"embeddable":true,"href":"https:\/\/blogopara.com.br\/index.php\/wp-json\/wp\/v2\/comments?post=39459"}],"version-history":[{"count":1,"href":"https:\/\/blogopara.com.br\/index.php\/wp-json\/wp\/v2\/posts\/39459\/revisions"}],"predecessor-version":[{"id":39461,"href":"https:\/\/blogopara.com.br\/index.php\/wp-json\/wp\/v2\/posts\/39459\/revisions\/39461"}],"wp:featuredmedia":[{"embeddable":true,"href":"https:\/\/blogopara.com.br\/index.php\/wp-json\/wp\/v2\/media\/39460"}],"wp:attachment":[{"href":"https:\/\/blogopara.com.br\/index.php\/wp-json\/wp\/v2\/media?parent=39459"}],"wp:term":[{"taxonomy":"category","embeddable":true,"href":"https:\/\/blogopara.com.br\/index.php\/wp-json\/wp\/v2\/categories?post=39459"},{"taxonomy":"post_tag","embeddable":true,"href":"https:\/\/blogopara.com.br\/index.php\/wp-json\/wp\/v2\/tags?post=39459"}],"curies":[{"name":"wp","href":"https:\/\/api.w.org\/{rel}","templated":true}]}}