{"id":39499,"date":"2022-07-09T22:46:55","date_gmt":"2022-07-10T01:46:55","guid":{"rendered":"https:\/\/blogopara.com.br\/?p=39499"},"modified":"2022-07-10T08:31:07","modified_gmt":"2022-07-10T11:31:07","slug":"casa-nova-angelo-coronel-filho-e-recepcionado-por-liderancas-politicas-durante-a-primeira-noite-da-festa-do-interior","status":"publish","type":"post","link":"https:\/\/blogopara.com.br\/index.php\/2022\/07\/09\/casa-nova-angelo-coronel-filho-e-recepcionado-por-liderancas-politicas-durante-a-primeira-noite-da-festa-do-interior","title":{"rendered":"Casa Nova: \u00c2ngelo Coronel Filho \u00e9 recepcionado por lideran\u00e7as pol\u00edticas durante a primeira noite da Festa do Interior"},"content":{"rendered":"<p style=\"text-align: justify;\">Na companhia de v\u00e1rias lideran\u00e7as pol\u00edticas de Casa Nova e da regi\u00e3o, o pr\u00e9-candidato a deputado estadual, \u00c2ngelo Coronel Filho participou da primeira noite da Festa do Interior de Casa Nova. \u00a0O evento que j\u00e1 faz parte da agenda cultural do Vale do S\u00e3o Francisco.<\/p>\n<p style=\"text-align: justify;\">Estavam acompanhando \u00c2ngelo Coronel, o empres\u00e1rio Galdino Araujo, os vereadores de Casa Nova: Roberto da Chapada, C\u00e9lio Bod\u00e3o e Armando Lopes e a secretaria de Turismo de Casa Nova, Deise Miranda. Os vereadores Gilberto Balbino (Sobradinho) tamb\u00e9m se fez presente para firmar o apoio ao pr\u00e9-candidato, que \u00e9 filho do senador \u00c2ngelo Coronel.<\/p>\n<p style=\"text-align: justify;\">\u201c\u00c9 \u00a0um dia importante para regi\u00e3o, uma festa linda, tradicional que al\u00e9m de tudo, movimenta a economia da comunidade\u201d, disse \u00c2ngelo Coronel.<\/p>\n<p style=\"text-align: justify;\">\n","protected":false},"excerpt":{"rendered":"<p>Na companhia de v\u00e1rias lideran\u00e7as pol\u00edticas de Casa Nova e da regi\u00e3o, o pr\u00e9-candidato a deputado estadual, \u00c2ngelo Coronel Filho participou da primeira noite da Festa do Interior de Casa Nova. \u00a0O evento que j\u00e1 faz parte da agenda cultural do Vale do S\u00e3o Francisco. Estavam acompanhando \u00c2ngelo Coronel, o empres\u00e1rio Galdino Araujo, os vereadores [&hellip;]<\/p>\n","protected":false},"author":1,"featured_media":39500,"comment_status":"closed","ping_status":"open","sticky":false,"template":"","format":"standard","meta":{"_uag_custom_page_level_css":"","_monsterinsights_skip_tracking":false,"_monsterinsights_sitenote_active":false,"_monsterinsights_sitenote_note":"","_monsterinsights_sitenote_category":0,"jetpack_post_was_ever_published":false,"_jetpack_newsletter_access":"","_jetpack_dont_email_post_to_subs":false,"_jetpack_newsletter_tier_id":0,"_jetpack_memberships_contains_paywalled_content":false,"_jetpack_memberships_contains_paid_content":false,"footnotes":"","jetpack_publicize_message":"","jetpack_publicize_feature_enabled":true,"jetpack_social_post_already_shared":true,"jetpack_social_options":{"image_generator_settings":{"template":"highway","default_image_id":0,"font":"","enabled":false},"version":2}},"categories":[199,197],"tags":[],"class_list":["post-39499","post","type-post","status-publish","format-standard","has-post-thumbnail","hentry","category-bahia","category-politica"],"jetpack_publicize_connections":[],"jetpack_featured_media_url":"https:\/\/blogopara.com.br\/wp-content\/uploads\/2022\/07\/FAKE-NEWS-1-1.jpg","uagb_featured_image_src":{"full":["https:\/\/blogopara.com.br\/wp-content\/uploads\/2022\/07\/FAKE-NEWS-1-1.jpg",500,500,false],"thumbnail":["https:\/\/blogopara.com.br\/wp-content\/uploads\/2022\/07\/FAKE-NEWS-1-1-150x150.jpg",150,150,true],"medium":["https:\/\/blogopara.com.br\/wp-content\/uploads\/2022\/07\/FAKE-NEWS-1-1-300x300.jpg",300,300,true],"medium_large":["https:\/\/blogopara.com.br\/wp-content\/uploads\/2022\/07\/FAKE-NEWS-1-1.jpg",500,500,false],"large":["https:\/\/blogopara.com.br\/wp-content\/uploads\/2022\/07\/FAKE-NEWS-1-1.jpg",500,500,false],"1536x1536":["https:\/\/blogopara.com.br\/wp-content\/uploads\/2022\/07\/FAKE-NEWS-1-1.jpg",500,500,false],"2048x2048":["https:\/\/blogopara.com.br\/wp-content\/uploads\/2022\/07\/FAKE-NEWS-1-1.jpg",500,500,false],"mantranews-slider-large":["https:\/\/blogopara.com.br\/wp-content\/uploads\/2022\/07\/FAKE-NEWS-1-1.jpg",500,500,false],"mantranews-featured-medium":["https:\/\/blogopara.com.br\/wp-content\/uploads\/2022\/07\/FAKE-NEWS-1-1-420x307.jpg",420,307,true],"mantranews-featured-long":["https:\/\/blogopara.com.br\/wp-content\/uploads\/2022\/07\/FAKE-NEWS-1-1-300x443.jpg",300,443,true],"mantranews-block-medium":["https:\/\/blogopara.com.br\/wp-content\/uploads\/2022\/07\/FAKE-NEWS-1-1-464x290.jpg",464,290,true],"mantranews-carousel-image":["https:\/\/blogopara.com.br\/wp-content\/uploads\/2022\/07\/FAKE-NEWS-1-1.jpg",500,500,false],"mantranews-block-thumb":["https:\/\/blogopara.com.br\/wp-content\/uploads\/2022\/07\/FAKE-NEWS-1-1-322x230.jpg",322,230,true],"mantranews-single-large":["https:\/\/blogopara.com.br\/wp-content\/uploads\/2022\/07\/FAKE-NEWS-1-1.jpg",500,500,false]},"uagb_author_info":{"display_name":"Reda\u00e7\u00e3o geral","author_link":"https:\/\/blogopara.com.br\/index.php\/author\/blogopara"},"uagb_comment_info":0,"uagb_excerpt":"Na companhia de v\u00e1rias lideran\u00e7as pol\u00edticas de Casa Nova e da regi\u00e3o, o pr\u00e9-candidato a deputado estadual, \u00c2ngelo Coronel Filho participou da primeira noite da Festa do Interior de Casa Nova. \u00a0O evento que j\u00e1 faz parte da agenda cultural do Vale do S\u00e3o Francisco. Estavam acompanhando \u00c2ngelo Coronel, o empres\u00e1rio Galdino Araujo, os vereadores&hellip;","jetpack_sharing_enabled":true,"jetpack_likes_enabled":true,"_links":{"self":[{"href":"https:\/\/blogopara.com.br\/index.php\/wp-json\/wp\/v2\/posts\/39499","targetHints":{"allow":["GET"]}}],"collection":[{"href":"https:\/\/blogopara.com.br\/index.php\/wp-json\/wp\/v2\/posts"}],"about":[{"href":"https:\/\/blogopara.com.br\/index.php\/wp-json\/wp\/v2\/types\/post"}],"author":[{"embeddable":true,"href":"https:\/\/blogopara.com.br\/index.php\/wp-json\/wp\/v2\/users\/1"}],"replies":[{"embeddable":true,"href":"https:\/\/blogopara.com.br\/index.php\/wp-json\/wp\/v2\/comments?post=39499"}],"version-history":[{"count":4,"href":"https:\/\/blogopara.com.br\/index.php\/wp-json\/wp\/v2\/posts\/39499\/revisions"}],"predecessor-version":[{"id":39505,"href":"https:\/\/blogopara.com.br\/index.php\/wp-json\/wp\/v2\/posts\/39499\/revisions\/39505"}],"wp:featuredmedia":[{"embeddable":true,"href":"https:\/\/blogopara.com.br\/index.php\/wp-json\/wp\/v2\/media\/39500"}],"wp:attachment":[{"href":"https:\/\/blogopara.com.br\/index.php\/wp-json\/wp\/v2\/media?parent=39499"}],"wp:term":[{"taxonomy":"category","embeddable":true,"href":"https:\/\/blogopara.com.br\/index.php\/wp-json\/wp\/v2\/categories?post=39499"},{"taxonomy":"post_tag","embeddable":true,"href":"https:\/\/blogopara.com.br\/index.php\/wp-json\/wp\/v2\/tags?post=39499"}],"curies":[{"name":"wp","href":"https:\/\/api.w.org\/{rel}","templated":true}]}}