{"id":39560,"date":"2022-07-12T14:45:00","date_gmt":"2022-07-12T17:45:00","guid":{"rendered":"https:\/\/blogopara.com.br\/?p=39560"},"modified":"2022-07-11T23:00:44","modified_gmt":"2022-07-12T02:00:44","slug":"curso-forma-27-novos-cooperados-da-unimed-vale-do-sao-francisco","status":"publish","type":"post","link":"https:\/\/blogopara.com.br\/index.php\/2022\/07\/12\/curso-forma-27-novos-cooperados-da-unimed-vale-do-sao-francisco","title":{"rendered":"Curso forma 27 novos cooperados da Unimed Vale do S\u00e3o Francisco"},"content":{"rendered":"\n<p>A Unimed Vale do S\u00e3o Francisco, concluiu na manh\u00e3 deste s\u00e1bado (9), em Petrolina &#8211; PE, o curso de capacita\u00e7\u00e3o cooperativista que formou 27 novos m\u00e9dicos cooperados.<\/p>\n\n\n\n<p>Promovido pelo Nicoop &#8211; N\u00facleo de Integra\u00e7\u00e3o Cooperativista e a diretoria executiva da operadora de planos de sa\u00fade, o curso come\u00e7ou na sexta-feira (8), com o presidente da Unimed Vale do S\u00e3o Francisco, Francisco Otaviano, falando do cooperativismo e do Sistema Unimed.&nbsp;<\/p>\n\n\n\n<p>Com uma carga hor\u00e1ria de 8 horas, o curso tratou ainda de temas a exemplo do aspecto regulamentar e administra\u00e7\u00e3o Unimed; informa\u00e7\u00f5es sobre o Nicoop e o comit\u00ea de especialidades. &#8220;Conclu\u00edmos a capacita\u00e7\u00e3o, esclarecendo acerca do c\u00f3digo de conduta, Lei Geral de Prote\u00e7\u00e3o de Dados Pessoais (LGPD), e compliance, al\u00e9m de uma completa explana\u00e7\u00e3o sobre auditoria m\u00e9dica, aspectos de mercado, econ\u00f4micos e financeiros, concluindo com um estudo de caso&#8221;, ressaltou o presidente.<\/p>\n\n\n\n<p>O processo para a escolha dos novos m\u00e9dicos cooperados, come\u00e7a com o an\u00fancio de um edital onde a cooperativa informa as necessidades m\u00e9dicas por especialidade. Depois do cadastramento, os m\u00e9dicos participam de um processo de sele\u00e7\u00e3o para classifica\u00e7\u00e3o final. Os 27 m\u00e9dicos que fizeram o curso dever\u00e3o constituir capital social e em seguida j\u00e1 come\u00e7am a atuar como cooperados na Unimed Vale do S\u00e3o Francisco.<\/p>\n\n\n\n<p><\/p>\n\n\n\n<p>Clas Comunica\u00e7\u00e3o e Marketing<\/p>\n","protected":false},"excerpt":{"rendered":"<p>A Unimed Vale do S\u00e3o Francisco, concluiu na manh\u00e3 deste s\u00e1bado (9), em Petrolina &#8211; PE, o curso de capacita\u00e7\u00e3o cooperativista que formou 27 novos m\u00e9dicos cooperados. Promovido pelo Nicoop &#8211; N\u00facleo de Integra\u00e7\u00e3o Cooperativista e a diretoria executiva da operadora de planos de sa\u00fade, o curso come\u00e7ou na sexta-feira (8), com o presidente da [&hellip;]<\/p>\n","protected":false},"author":1,"featured_media":39561,"comment_status":"closed","ping_status":"open","sticky":false,"template":"","format":"standard","meta":{"_uag_custom_page_level_css":"","_monsterinsights_skip_tracking":false,"_monsterinsights_sitenote_active":false,"_monsterinsights_sitenote_note":"","_monsterinsights_sitenote_category":0,"jetpack_post_was_ever_published":false,"_jetpack_newsletter_access":"","_jetpack_dont_email_post_to_subs":false,"_jetpack_newsletter_tier_id":0,"_jetpack_memberships_contains_paywalled_content":false,"_jetpack_memberships_contains_paid_content":false,"footnotes":"","jetpack_publicize_message":"","jetpack_publicize_feature_enabled":true,"jetpack_social_post_already_shared":true,"jetpack_social_options":{"image_generator_settings":{"template":"highway","default_image_id":0,"font":"","enabled":false},"version":2}},"categories":[205],"tags":[],"class_list":["post-39560","post","type-post","status-publish","format-standard","has-post-thumbnail","hentry","category-saude"],"jetpack_publicize_connections":[],"jetpack_featured_media_url":"https:\/\/blogopara.com.br\/wp-content\/uploads\/2022\/07\/cooperados.jpg","uagb_featured_image_src":{"full":["https:\/\/blogopara.com.br\/wp-content\/uploads\/2022\/07\/cooperados.jpg",500,300,false],"thumbnail":["https:\/\/blogopara.com.br\/wp-content\/uploads\/2022\/07\/cooperados-150x150.jpg",150,150,true],"medium":["https:\/\/blogopara.com.br\/wp-content\/uploads\/2022\/07\/cooperados-300x180.jpg",300,180,true],"medium_large":["https:\/\/blogopara.com.br\/wp-content\/uploads\/2022\/07\/cooperados.jpg",500,300,false],"large":["https:\/\/blogopara.com.br\/wp-content\/uploads\/2022\/07\/cooperados.jpg",500,300,false],"1536x1536":["https:\/\/blogopara.com.br\/wp-content\/uploads\/2022\/07\/cooperados.jpg",500,300,false],"2048x2048":["https:\/\/blogopara.com.br\/wp-content\/uploads\/2022\/07\/cooperados.jpg",500,300,false],"mantranews-slider-large":["https:\/\/blogopara.com.br\/wp-content\/uploads\/2022\/07\/cooperados.jpg",500,300,false],"mantranews-featured-medium":["https:\/\/blogopara.com.br\/wp-content\/uploads\/2022\/07\/cooperados-420x300.jpg",420,300,true],"mantranews-featured-long":["https:\/\/blogopara.com.br\/wp-content\/uploads\/2022\/07\/cooperados-300x300.jpg",300,300,true],"mantranews-block-medium":["https:\/\/blogopara.com.br\/wp-content\/uploads\/2022\/07\/cooperados-464x290.jpg",464,290,true],"mantranews-carousel-image":["https:\/\/blogopara.com.br\/wp-content\/uploads\/2022\/07\/cooperados.jpg",500,300,false],"mantranews-block-thumb":["https:\/\/blogopara.com.br\/wp-content\/uploads\/2022\/07\/cooperados-322x230.jpg",322,230,true],"mantranews-single-large":["https:\/\/blogopara.com.br\/wp-content\/uploads\/2022\/07\/cooperados.jpg",500,300,false]},"uagb_author_info":{"display_name":"Reda\u00e7\u00e3o geral","author_link":"https:\/\/blogopara.com.br\/index.php\/author\/blogopara"},"uagb_comment_info":0,"uagb_excerpt":"A Unimed Vale do S\u00e3o Francisco, concluiu na manh\u00e3 deste s\u00e1bado (9), em Petrolina &#8211; PE, o curso de capacita\u00e7\u00e3o cooperativista que formou 27 novos m\u00e9dicos cooperados. Promovido pelo Nicoop &#8211; N\u00facleo de Integra\u00e7\u00e3o Cooperativista e a diretoria executiva da operadora de planos de sa\u00fade, o curso come\u00e7ou na sexta-feira (8), com o presidente da&hellip;","jetpack_sharing_enabled":true,"jetpack_likes_enabled":true,"_links":{"self":[{"href":"https:\/\/blogopara.com.br\/index.php\/wp-json\/wp\/v2\/posts\/39560","targetHints":{"allow":["GET"]}}],"collection":[{"href":"https:\/\/blogopara.com.br\/index.php\/wp-json\/wp\/v2\/posts"}],"about":[{"href":"https:\/\/blogopara.com.br\/index.php\/wp-json\/wp\/v2\/types\/post"}],"author":[{"embeddable":true,"href":"https:\/\/blogopara.com.br\/index.php\/wp-json\/wp\/v2\/users\/1"}],"replies":[{"embeddable":true,"href":"https:\/\/blogopara.com.br\/index.php\/wp-json\/wp\/v2\/comments?post=39560"}],"version-history":[{"count":1,"href":"https:\/\/blogopara.com.br\/index.php\/wp-json\/wp\/v2\/posts\/39560\/revisions"}],"predecessor-version":[{"id":39562,"href":"https:\/\/blogopara.com.br\/index.php\/wp-json\/wp\/v2\/posts\/39560\/revisions\/39562"}],"wp:featuredmedia":[{"embeddable":true,"href":"https:\/\/blogopara.com.br\/index.php\/wp-json\/wp\/v2\/media\/39561"}],"wp:attachment":[{"href":"https:\/\/blogopara.com.br\/index.php\/wp-json\/wp\/v2\/media?parent=39560"}],"wp:term":[{"taxonomy":"category","embeddable":true,"href":"https:\/\/blogopara.com.br\/index.php\/wp-json\/wp\/v2\/categories?post=39560"},{"taxonomy":"post_tag","embeddable":true,"href":"https:\/\/blogopara.com.br\/index.php\/wp-json\/wp\/v2\/tags?post=39560"}],"curies":[{"name":"wp","href":"https:\/\/api.w.org\/{rel}","templated":true}]}}