{"id":39634,"date":"2022-07-14T10:45:00","date_gmt":"2022-07-14T13:45:00","guid":{"rendered":"https:\/\/blogopara.com.br\/?p=39634"},"modified":"2022-07-13T21:13:31","modified_gmt":"2022-07-14T00:13:31","slug":"camara-rejeita-tornar-auxilio-brasil-de-r-600-permanente","status":"publish","type":"post","link":"https:\/\/blogopara.com.br\/index.php\/2022\/07\/14\/camara-rejeita-tornar-auxilio-brasil-de-r-600-permanente","title":{"rendered":"C\u00e2mara rejeita tornar Aux\u00edlio Brasil de R$ 600 permanente"},"content":{"rendered":"<p style=\"text-align: justify;\">A C\u00e2mara dos Deputados rejeitou, nesta quarta-feira, 13, emenda apresentada pelo PSB que tinha como objetivo prorrogar a vig\u00eancia do Aux\u00edlio Brasil de R$ 600, um dos benef\u00edcios sociais que tem previs\u00e3o de ter seu valor aumentado na PEC dos Aux\u00edlios.<\/p>\n<p style=\"text-align: justify;\">Os deputados tamb\u00e9m j\u00e1 derrubaram destaques do PT e mantiveram no texto o estado de emerg\u00eancia. O dispositivo foi inclu\u00eddo para blindar o presidente Jair Bolsonaro (PL) de poss\u00edveis puni\u00e7\u00f5es da Lei Eleitoral, que pro\u00edbe a cria\u00e7\u00e3o de benesses \u00e0s v\u00e9speras da elei\u00e7\u00e3o, exceto em casos de calamidade p\u00fablica e emerg\u00eancia nacional.<\/p>\n<p style=\"text-align: justify;\">At\u00e9 o momento, na sess\u00e3o desta quarta, os parlamentares votam o \u00faltimo destaque do primeiro turno. Depois, a proposta seguir\u00e1 para vota\u00e7\u00e3o em segundo turno, em que s\u00e3o necess\u00e1rios 308 votos favor\u00e1veis para aprova\u00e7\u00e3o.<\/p>\n<div id=\"dp-v-par1\" class=\"jba\" data-google-query-id=\"CPXHpb-I9_gCFWKelQIdZU0EQQ\">\n<div id=\"google_ads_iframe_\/21622511100,22666819895\/atarde_multize_3__container__\">\n<p style=\"text-align: justify;\">Os deputados j\u00e1 avalizaram a manuten\u00e7\u00e3o do texto legislativo que prev\u00ea o decreto de estado de emerg\u00eancia, que libera o governo injetar R$ 41,25 bilh\u00f5es para turbinar aux\u00edlios sociais e criar programas, mesmo que em ano de elei\u00e7\u00e3o.<\/p>\n<p style=\"text-align: justify;\">Em sua totalidade, as proposi\u00e7\u00f5es previstas na PEC dos Aux\u00edlios t\u00eam car\u00e1ter tempor\u00e1rio e limitado ao exerc\u00edcio deste ano, se encerrando em dezembro.<\/p>\n<\/div>\n<\/div>\n","protected":false},"excerpt":{"rendered":"<p>A C\u00e2mara dos Deputados rejeitou, nesta quarta-feira, 13, emenda apresentada pelo PSB que tinha como objetivo prorrogar a vig\u00eancia do Aux\u00edlio Brasil de R$ 600, um dos benef\u00edcios sociais que tem previs\u00e3o de ter seu valor aumentado na PEC dos Aux\u00edlios. Os deputados tamb\u00e9m j\u00e1 derrubaram destaques do PT e mantiveram no texto o estado [&hellip;]<\/p>\n","protected":false},"author":1,"featured_media":39635,"comment_status":"closed","ping_status":"open","sticky":false,"template":"","format":"standard","meta":{"_uag_custom_page_level_css":"","_monsterinsights_skip_tracking":false,"_monsterinsights_sitenote_active":false,"_monsterinsights_sitenote_note":"","_monsterinsights_sitenote_category":0,"jetpack_post_was_ever_published":false,"_jetpack_newsletter_access":"","_jetpack_dont_email_post_to_subs":false,"_jetpack_newsletter_tier_id":0,"_jetpack_memberships_contains_paywalled_content":false,"_jetpack_memberships_contains_paid_content":false,"footnotes":"","jetpack_publicize_message":"","jetpack_publicize_feature_enabled":true,"jetpack_social_post_already_shared":true,"jetpack_social_options":{"image_generator_settings":{"template":"highway","default_image_id":0,"font":"","enabled":false},"version":2}},"categories":[200,204],"tags":[],"class_list":["post-39634","post","type-post","status-publish","format-standard","has-post-thumbnail","hentry","category-brasil","category-social"],"jetpack_publicize_connections":[],"jetpack_featured_media_url":"https:\/\/blogopara.com.br\/wp-content\/uploads\/2022\/07\/carama.jpg","uagb_featured_image_src":{"full":["https:\/\/blogopara.com.br\/wp-content\/uploads\/2022\/07\/carama.jpg",500,295,false],"thumbnail":["https:\/\/blogopara.com.br\/wp-content\/uploads\/2022\/07\/carama-150x150.jpg",150,150,true],"medium":["https:\/\/blogopara.com.br\/wp-content\/uploads\/2022\/07\/carama-300x177.jpg",300,177,true],"medium_large":["https:\/\/blogopara.com.br\/wp-content\/uploads\/2022\/07\/carama.jpg",500,295,false],"large":["https:\/\/blogopara.com.br\/wp-content\/uploads\/2022\/07\/carama.jpg",500,295,false],"1536x1536":["https:\/\/blogopara.com.br\/wp-content\/uploads\/2022\/07\/carama.jpg",500,295,false],"2048x2048":["https:\/\/blogopara.com.br\/wp-content\/uploads\/2022\/07\/carama.jpg",500,295,false],"mantranews-slider-large":["https:\/\/blogopara.com.br\/wp-content\/uploads\/2022\/07\/carama.jpg",500,295,false],"mantranews-featured-medium":["https:\/\/blogopara.com.br\/wp-content\/uploads\/2022\/07\/carama-420x295.jpg",420,295,true],"mantranews-featured-long":["https:\/\/blogopara.com.br\/wp-content\/uploads\/2022\/07\/carama-300x295.jpg",300,295,true],"mantranews-block-medium":["https:\/\/blogopara.com.br\/wp-content\/uploads\/2022\/07\/carama-464x290.jpg",464,290,true],"mantranews-carousel-image":["https:\/\/blogopara.com.br\/wp-content\/uploads\/2022\/07\/carama.jpg",500,295,false],"mantranews-block-thumb":["https:\/\/blogopara.com.br\/wp-content\/uploads\/2022\/07\/carama-322x230.jpg",322,230,true],"mantranews-single-large":["https:\/\/blogopara.com.br\/wp-content\/uploads\/2022\/07\/carama.jpg",500,295,false]},"uagb_author_info":{"display_name":"Reda\u00e7\u00e3o geral","author_link":"https:\/\/blogopara.com.br\/index.php\/author\/blogopara"},"uagb_comment_info":0,"uagb_excerpt":"A C\u00e2mara dos Deputados rejeitou, nesta quarta-feira, 13, emenda apresentada pelo PSB que tinha como objetivo prorrogar a vig\u00eancia do Aux\u00edlio Brasil de R$ 600, um dos benef\u00edcios sociais que tem previs\u00e3o de ter seu valor aumentado na PEC dos Aux\u00edlios. Os deputados tamb\u00e9m j\u00e1 derrubaram destaques do PT e mantiveram no texto o estado&hellip;","jetpack_sharing_enabled":true,"jetpack_likes_enabled":true,"_links":{"self":[{"href":"https:\/\/blogopara.com.br\/index.php\/wp-json\/wp\/v2\/posts\/39634","targetHints":{"allow":["GET"]}}],"collection":[{"href":"https:\/\/blogopara.com.br\/index.php\/wp-json\/wp\/v2\/posts"}],"about":[{"href":"https:\/\/blogopara.com.br\/index.php\/wp-json\/wp\/v2\/types\/post"}],"author":[{"embeddable":true,"href":"https:\/\/blogopara.com.br\/index.php\/wp-json\/wp\/v2\/users\/1"}],"replies":[{"embeddable":true,"href":"https:\/\/blogopara.com.br\/index.php\/wp-json\/wp\/v2\/comments?post=39634"}],"version-history":[{"count":1,"href":"https:\/\/blogopara.com.br\/index.php\/wp-json\/wp\/v2\/posts\/39634\/revisions"}],"predecessor-version":[{"id":39636,"href":"https:\/\/blogopara.com.br\/index.php\/wp-json\/wp\/v2\/posts\/39634\/revisions\/39636"}],"wp:featuredmedia":[{"embeddable":true,"href":"https:\/\/blogopara.com.br\/index.php\/wp-json\/wp\/v2\/media\/39635"}],"wp:attachment":[{"href":"https:\/\/blogopara.com.br\/index.php\/wp-json\/wp\/v2\/media?parent=39634"}],"wp:term":[{"taxonomy":"category","embeddable":true,"href":"https:\/\/blogopara.com.br\/index.php\/wp-json\/wp\/v2\/categories?post=39634"},{"taxonomy":"post_tag","embeddable":true,"href":"https:\/\/blogopara.com.br\/index.php\/wp-json\/wp\/v2\/tags?post=39634"}],"curies":[{"name":"wp","href":"https:\/\/api.w.org\/{rel}","templated":true}]}}