{"id":39637,"date":"2022-07-14T12:45:00","date_gmt":"2022-07-14T15:45:00","guid":{"rendered":"https:\/\/blogopara.com.br\/?p=39637"},"modified":"2022-07-13T21:26:29","modified_gmt":"2022-07-14T00:26:29","slug":"covid-19-anvisa-libera-coronavac-para-criancas-de-3-a-5-anos-de-idade","status":"publish","type":"post","link":"https:\/\/blogopara.com.br\/index.php\/2022\/07\/14\/covid-19-anvisa-libera-coronavac-para-criancas-de-3-a-5-anos-de-idade","title":{"rendered":"Covid-19: Anvisa libera CoronaVac para crian\u00e7as de 3 a 5 anos de idade"},"content":{"rendered":"<p>A Ag\u00eancia Nacional de Vigil\u00e2ncia Sanit\u00e1ria (Anvisa) autorizou, nesta quarta-feira (13\/7), a <a href=\"https:\/\/www.correiobraziliense.com.br\/brasil\/2022\/07\/5021263-covid-19-anvisa-recebe-pedido-de-registro-definitivo-da-coronavac.html\">aplica\u00e7\u00e3o emergencial<\/a> da vacina CoronaVac em crian\u00e7as de 3 a 5 anos de idade. Durante reuni\u00e3o da diretoria colegiada, em Bras\u00edlia, por unanimidade, a ag\u00eancia seguiu recomenda\u00e7\u00e3o das \u00e1reas t\u00e9cnicas e autorizou a imuniza\u00e7\u00e3o com duas doses da vacina, em um intervalo de 28 dias.\u00a0Segundo Alex Machado Campos, segundo diretor a votar, \u201cos dados epidemiol\u00f3gicos n\u00e3o nos deixam outro caminho\u201d.<\/p>\n<p class=\"texto\">O imunizante contra a covid-19 \u00e9 produzido pelo Instituto Butantan. Ainda n\u00e3o h\u00e1 prazo para o in\u00edcio da utiliza\u00e7\u00e3o do imunizante no <a href=\"https:\/\/www.correiobraziliense.com.br\/cidades-df\/2022\/07\/5021512-vacina-contra-covid-19-e-influenza-podem-ser-aplicadas-simultaneamente.html\">plano nacional de vacina\u00e7\u00e3o<\/a>, a decis\u00e3o caber\u00e1 ao Minist\u00e9rio da Sa\u00fade.<\/p>\n<p class=\"texto\">A decis\u00e3o foi baseada em estudos nacionais e internacionais sobre a efic\u00e1cia da vacina em crian\u00e7as. As pesquisas foram realizadas pela Funda\u00e7\u00e3o Oswaldo Cruz (Fiocruz) e\u00a0o Butantan, al\u00e9m de entidades internacionais.<\/p>\n<p class=\"texto\">A Coronavac est\u00e1 autorizada para uso emergencial no Brasil desde o dia 17 de janeiro de 2021, mas somente em janeiro de 2022 a ag\u00eancia regulat\u00f3ria autorizou a amplia\u00e7\u00e3o do uso da vacina para crian\u00e7as e adolescentes de 6 a 17 anos de idade.<\/p>\n<p class=\"texto\">A altera\u00e7\u00e3o na bula emergencial da CoronaVac foi um pedido do Instituto Butantan, que, ainda no in\u00edcio de junho, enviou informa\u00e7\u00f5es para solicitar a amplia\u00e7\u00e3o na faixa et\u00e1ria. Uma primeira reuni\u00e3o com a Ag\u00eancia sobre o assunto foi feita em mar\u00e7o. Um m\u00eas depois, a Anvisa afirmou que os estudos eram insuficientes e solicitou mais dados. Na \u00faltima sexta-feira (8\/7), o Butantan enviou um novo pedido, aprovado na reuni\u00e3o.<\/p>\n<p class=\"texto\">Diretora da Anvisa e relatora do processo, Meiruze Sousa Freitas, argumentou em sua fala que a capacidade de uma vacina de proteger da mortalidade e contra doen\u00e7as graves \u00e9 o principal par\u00e2metro de relev\u00e2ncia para a avalia\u00e7\u00e3o da efic\u00e1cia, pois as interna\u00e7\u00f5es hospitalares e os cuidados intensivos representam uma grande carga para o sistema de sa\u00fade.<\/p>\n<p class=\"texto\">\u201cA covid-19 se apresentou como uma crise universal e para algumas crian\u00e7as, o impacto ser\u00e1 para toda vida. Apesar de n\u00e3o serem o rosto da pandemia, elas podem estar entre as maiores v\u00edtimas. Sabemos que todas as crian\u00e7as nos diversos pa\u00edses est\u00e3o sendo afetadas, mas os efeitos nocivos ser\u00e3o sentidos nos mais vulner\u00e1veis, tanto os mais vulner\u00e1veis economicamente quanto as com sa\u00fade mais debilitada\u201d, afirmou Meiruze.<\/p>\n<p class=\"texto\">Gustavo Mendes, gerente-geral de Produtos Biol\u00f3gicos (GGBIO), declarou ser favor\u00e1vel \u00e0 aprova\u00e7\u00e3o do uso emergencial, mas ressaltou a import\u00e2ncia da continuidade nos estudos. \u201cTemos uma realidade que o contexto exige a\u00e7\u00f5es e estrat\u00e9gias, para que possamos garantir uma cobertura vacinal, mas \u00e9 preciso acompanhamento dos compromissos e dos dados, para que a gente possa saber por quanto tempo vamos estar protegido, quando vamos precisar de doses de refor\u00e7o, como \u00e9 o esquema vacinal para o futuro, como \u00e9 o desempenho frente \u00e0s variantes\u201d, disse ele.<\/p>\n<p class=\"texto\">Helaine Capucho, gerente-geral de Farmacovigil\u00e2ncia (GFARM) prop\u00f4s a cria\u00e7\u00e3o de um plano de comunica\u00e7\u00e3o de riscos e a inclus\u00e3o de crian\u00e7as de 3 a 5 anos no estudo de farmacovigil\u00e2ncia ativa, para monitoramento de poss\u00edveis eventos adverso. Al\u00e9m disso, a agente de sa\u00fade mencionou em seu pronunciamento o estudo publicado na revista cient\u00edfica<em> The Lancet<\/em>, que estimou que entre 700 e 880 mil vidas foram salvas no Brasil, por conta da vacina contra a covid. De acordo com a publica\u00e7\u00e3o, no mundo, esse n\u00famero \u00e9 de cerca de 20 milh\u00f5es.<\/p>\n<p>\u00a0<\/p>\n<div>Correio Braziliense<\/div>\n<p class=\"texto\">\u00a0<\/p>\n","protected":false},"excerpt":{"rendered":"<p>A Ag\u00eancia Nacional de Vigil\u00e2ncia Sanit\u00e1ria (Anvisa) autorizou, nesta quarta-feira (13\/7), a aplica\u00e7\u00e3o emergencial da vacina CoronaVac em crian\u00e7as de 3 a 5 anos de idade. Durante reuni\u00e3o da diretoria colegiada, em Bras\u00edlia, por unanimidade, a ag\u00eancia seguiu recomenda\u00e7\u00e3o das \u00e1reas t\u00e9cnicas e autorizou a imuniza\u00e7\u00e3o com duas doses da vacina, em um intervalo de [&hellip;]<\/p>\n","protected":false},"author":1,"featured_media":39485,"comment_status":"closed","ping_status":"open","sticky":false,"template":"","format":"standard","meta":{"_uag_custom_page_level_css":"","_monsterinsights_skip_tracking":false,"_monsterinsights_sitenote_active":false,"_monsterinsights_sitenote_note":"","_monsterinsights_sitenote_category":0,"jetpack_post_was_ever_published":false,"_jetpack_newsletter_access":"","_jetpack_dont_email_post_to_subs":false,"_jetpack_newsletter_tier_id":0,"_jetpack_memberships_contains_paywalled_content":false,"_jetpack_memberships_contains_paid_content":false,"footnotes":"","jetpack_publicize_message":"","jetpack_publicize_feature_enabled":true,"jetpack_social_post_already_shared":true,"jetpack_social_options":{"image_generator_settings":{"template":"highway","default_image_id":0,"font":"","enabled":false},"version":2}},"categories":[200,205],"tags":[],"class_list":["post-39637","post","type-post","status-publish","format-standard","has-post-thumbnail","hentry","category-brasil","category-saude"],"jetpack_publicize_connections":[],"jetpack_featured_media_url":"https:\/\/blogopara.com.br\/wp-content\/uploads\/2022\/07\/ANVISA.jpg","uagb_featured_image_src":{"full":["https:\/\/blogopara.com.br\/wp-content\/uploads\/2022\/07\/ANVISA.jpg",500,300,false],"thumbnail":["https:\/\/blogopara.com.br\/wp-content\/uploads\/2022\/07\/ANVISA-150x150.jpg",150,150,true],"medium":["https:\/\/blogopara.com.br\/wp-content\/uploads\/2022\/07\/ANVISA-300x180.jpg",300,180,true],"medium_large":["https:\/\/blogopara.com.br\/wp-content\/uploads\/2022\/07\/ANVISA.jpg",500,300,false],"large":["https:\/\/blogopara.com.br\/wp-content\/uploads\/2022\/07\/ANVISA.jpg",500,300,false],"1536x1536":["https:\/\/blogopara.com.br\/wp-content\/uploads\/2022\/07\/ANVISA.jpg",500,300,false],"2048x2048":["https:\/\/blogopara.com.br\/wp-content\/uploads\/2022\/07\/ANVISA.jpg",500,300,false],"mantranews-slider-large":["https:\/\/blogopara.com.br\/wp-content\/uploads\/2022\/07\/ANVISA.jpg",500,300,false],"mantranews-featured-medium":["https:\/\/blogopara.com.br\/wp-content\/uploads\/2022\/07\/ANVISA-420x300.jpg",420,300,true],"mantranews-featured-long":["https:\/\/blogopara.com.br\/wp-content\/uploads\/2022\/07\/ANVISA-300x300.jpg",300,300,true],"mantranews-block-medium":["https:\/\/blogopara.com.br\/wp-content\/uploads\/2022\/07\/ANVISA-464x290.jpg",464,290,true],"mantranews-carousel-image":["https:\/\/blogopara.com.br\/wp-content\/uploads\/2022\/07\/ANVISA.jpg",500,300,false],"mantranews-block-thumb":["https:\/\/blogopara.com.br\/wp-content\/uploads\/2022\/07\/ANVISA-322x230.jpg",322,230,true],"mantranews-single-large":["https:\/\/blogopara.com.br\/wp-content\/uploads\/2022\/07\/ANVISA.jpg",500,300,false]},"uagb_author_info":{"display_name":"Reda\u00e7\u00e3o geral","author_link":"https:\/\/blogopara.com.br\/index.php\/author\/blogopara"},"uagb_comment_info":0,"uagb_excerpt":"A Ag\u00eancia Nacional de Vigil\u00e2ncia Sanit\u00e1ria (Anvisa) autorizou, nesta quarta-feira (13\/7), a aplica\u00e7\u00e3o emergencial da vacina CoronaVac em crian\u00e7as de 3 a 5 anos de idade. Durante reuni\u00e3o da diretoria colegiada, em Bras\u00edlia, por unanimidade, a ag\u00eancia seguiu recomenda\u00e7\u00e3o das \u00e1reas t\u00e9cnicas e autorizou a imuniza\u00e7\u00e3o com duas doses da vacina, em um intervalo de&hellip;","jetpack_sharing_enabled":true,"jetpack_likes_enabled":true,"_links":{"self":[{"href":"https:\/\/blogopara.com.br\/index.php\/wp-json\/wp\/v2\/posts\/39637","targetHints":{"allow":["GET"]}}],"collection":[{"href":"https:\/\/blogopara.com.br\/index.php\/wp-json\/wp\/v2\/posts"}],"about":[{"href":"https:\/\/blogopara.com.br\/index.php\/wp-json\/wp\/v2\/types\/post"}],"author":[{"embeddable":true,"href":"https:\/\/blogopara.com.br\/index.php\/wp-json\/wp\/v2\/users\/1"}],"replies":[{"embeddable":true,"href":"https:\/\/blogopara.com.br\/index.php\/wp-json\/wp\/v2\/comments?post=39637"}],"version-history":[{"count":1,"href":"https:\/\/blogopara.com.br\/index.php\/wp-json\/wp\/v2\/posts\/39637\/revisions"}],"predecessor-version":[{"id":39638,"href":"https:\/\/blogopara.com.br\/index.php\/wp-json\/wp\/v2\/posts\/39637\/revisions\/39638"}],"wp:featuredmedia":[{"embeddable":true,"href":"https:\/\/blogopara.com.br\/index.php\/wp-json\/wp\/v2\/media\/39485"}],"wp:attachment":[{"href":"https:\/\/blogopara.com.br\/index.php\/wp-json\/wp\/v2\/media?parent=39637"}],"wp:term":[{"taxonomy":"category","embeddable":true,"href":"https:\/\/blogopara.com.br\/index.php\/wp-json\/wp\/v2\/categories?post=39637"},{"taxonomy":"post_tag","embeddable":true,"href":"https:\/\/blogopara.com.br\/index.php\/wp-json\/wp\/v2\/tags?post=39637"}],"curies":[{"name":"wp","href":"https:\/\/api.w.org\/{rel}","templated":true}]}}