{"id":39667,"date":"2022-07-15T11:45:00","date_gmt":"2022-07-15T14:45:00","guid":{"rendered":"https:\/\/blogopara.com.br\/?p=39667"},"modified":"2022-07-14T19:41:51","modified_gmt":"2022-07-14T22:41:51","slug":"empreendedorismo-e-renda-prefeitura-de-juazeiro-certifica-mais-de-75-formandos-de-curso-de-capacitacao-profissional","status":"publish","type":"post","link":"https:\/\/blogopara.com.br\/index.php\/2022\/07\/15\/empreendedorismo-e-renda-prefeitura-de-juazeiro-certifica-mais-de-75-formandos-de-curso-de-capacitacao-profissional","title":{"rendered":"Empreendedorismo e renda: Prefeitura de Juazeiro certifica mais de 75 formandos de curso de capacita\u00e7\u00e3o profissional"},"content":{"rendered":"<p dir=\"ltr\">Uma nova etapa na vida de mais de 75 pessoas iniciou a partir desta quarta-feira (13). A Prefeitura de Juazeiro, atrav\u00e9s da Secretaria de Desenvolvimento Social, Mulher e Diversidade (Sedes), entregou os certificados de forma\u00e7\u00e3o aos concluintes dos cursos profissionalizantes oferecidos gratuitamente no Residencial Juazeiro I. A cerim\u00f4nia de certifica\u00e7\u00e3o dos formandos do curso de Barbeiro aconteceu no Centro Comunit\u00e1rio do Residencial, e foi aberto para amigos e familiares, que acompanharam a solenidade de entrega, preparada para dar as boas-vindas aos novos empreendedores.<\/p>\n<p dir=\"ltr\">A solenidade contou com a participa\u00e7\u00e3o da representante da entidade parceira, Lua M\u00e1rcia, coordenadora do Projeto de Trabalho Social pela empresa VPL Excel\u00eancia em Projetos LTDA. De acordo com Lua, o objetivo da parceria com a gest\u00e3o Suzana Ramos, \u00e9 possibilitar que os formandos entrem no mercado de trabalho, ou possam abrir seus pr\u00f3prios neg\u00f3cios e tenham renda pr\u00f3pria. \u201cProporcionar essa forma\u00e7\u00e3o aos moradores do Residencial Juazeiro I \u00e9 possibilitar que eles disponham de uma melhor qualidade de vida atrav\u00e9s da profissionaliza\u00e7\u00e3o, gera\u00e7\u00e3o emprego e renda, capacita\u00e7\u00e3o e qualifica\u00e7\u00e3o, para ingressarem no mercado de trabalho\u201d, comentou.<\/p>\n<p dir=\"ltr\">A diretora de Habita\u00e7\u00e3o da Sedes, Quisa Benevides, falou sobre a import\u00e2ncia dos cursos ofertados. \u201cCom a miss\u00e3o de acreditar no sonho dessas pessoas e fazer acontecer, a gest\u00e3o municipal tem cumprido o prop\u00f3sito de deixar marcas positivas em nossa popula\u00e7\u00e3o, ofertando cursos que proporcionam o acesso a forma\u00e7\u00e3o profissional de qualidade, gratuita e que auxiliam na inser\u00e7\u00e3o no mercado de trabalho. Trata-se de um dos principais instrumentos de supera\u00e7\u00e3o das desigualdades econ\u00f4micas sociais, oferecendo educa\u00e7\u00e3o profissional nas diversas modalidades, consolidando e ampliando o desenvolvimento do munic\u00edpio\u201d.<\/p>\n<p dir=\"ltr\">A aluna Daiane da Silva v\u00ea nos cursos uma \u00f3tima oportunidade para quem busca qualifica\u00e7\u00e3o profissional e independ\u00eancia financeira. \u201cO projeto tem me beneficiado atrav\u00e9s dos cursos oferecidos, que me capacitou em diversas \u00e1reas de atua\u00e7\u00e3o profissional. Eu pude fazer os cursos de confeitaria, manicure e maquiadora, e isso me trouxe oportunidades maravilhosas no mercado de trabalho. Quero agradecer a Prefeitura pela oportunidade e a todos que fazem parte da realiza\u00e7\u00e3o desse momento\u201d, contou Daiane.<\/p>\n<p dir=\"ltr\">Na ocasi\u00e3o, os formandos receberam al\u00e9m dos certificados de profissionaliza\u00e7\u00e3o, um kit completo de barbearia para garantir a entrada no mercado de trabalho. O munic\u00edpio segue ofertando outros cursos profissionalizantes em diferentes \u00e1reas, proporcionando a oportunidade de capacita\u00e7\u00e3o para muitos mun\u00edcipes, entre homens e mulheres, jovens e adultos. Periodicamente novas turmas de forma\u00e7\u00e3o profissional est\u00e3o sendo iniciadas, honrando o objetivo de oferecer \u00e0 popula\u00e7\u00e3o melhores e maiores oportunidades de emprego e gera\u00e7\u00e3o de renda.<\/p>\n","protected":false},"excerpt":{"rendered":"<p>Uma nova etapa na vida de mais de 75 pessoas iniciou a partir desta quarta-feira (13). A Prefeitura de Juazeiro, atrav\u00e9s da Secretaria de Desenvolvimento Social, Mulher e Diversidade (Sedes), entregou os certificados de forma\u00e7\u00e3o aos concluintes dos cursos profissionalizantes oferecidos gratuitamente no Residencial Juazeiro I. A cerim\u00f4nia de certifica\u00e7\u00e3o dos formandos do curso de [&hellip;]<\/p>\n","protected":false},"author":1,"featured_media":39668,"comment_status":"closed","ping_status":"open","sticky":false,"template":"","format":"standard","meta":{"_uag_custom_page_level_css":"","_monsterinsights_skip_tracking":false,"_monsterinsights_sitenote_active":false,"_monsterinsights_sitenote_note":"","_monsterinsights_sitenote_category":0,"jetpack_post_was_ever_published":false,"_jetpack_newsletter_access":"","_jetpack_dont_email_post_to_subs":false,"_jetpack_newsletter_tier_id":0,"_jetpack_memberships_contains_paywalled_content":false,"_jetpack_memberships_contains_paid_content":false,"footnotes":"","jetpack_publicize_message":"","jetpack_publicize_feature_enabled":true,"jetpack_social_post_already_shared":true,"jetpack_social_options":{"image_generator_settings":{"template":"highway","default_image_id":0,"font":"","enabled":false},"version":2}},"categories":[203],"tags":[],"class_list":["post-39667","post","type-post","status-publish","format-standard","has-post-thumbnail","hentry","category-juazeiro"],"jetpack_publicize_connections":[],"jetpack_featured_media_url":"https:\/\/blogopara.com.br\/wp-content\/uploads\/2022\/07\/Diplomas-cursos-profissionalizantes-3.jpg","uagb_featured_image_src":{"full":["https:\/\/blogopara.com.br\/wp-content\/uploads\/2022\/07\/Diplomas-cursos-profissionalizantes-3.jpg",500,282,false],"thumbnail":["https:\/\/blogopara.com.br\/wp-content\/uploads\/2022\/07\/Diplomas-cursos-profissionalizantes-3-150x150.jpg",150,150,true],"medium":["https:\/\/blogopara.com.br\/wp-content\/uploads\/2022\/07\/Diplomas-cursos-profissionalizantes-3-300x169.jpg",300,169,true],"medium_large":["https:\/\/blogopara.com.br\/wp-content\/uploads\/2022\/07\/Diplomas-cursos-profissionalizantes-3.jpg",500,282,false],"large":["https:\/\/blogopara.com.br\/wp-content\/uploads\/2022\/07\/Diplomas-cursos-profissionalizantes-3.jpg",500,282,false],"1536x1536":["https:\/\/blogopara.com.br\/wp-content\/uploads\/2022\/07\/Diplomas-cursos-profissionalizantes-3.jpg",500,282,false],"2048x2048":["https:\/\/blogopara.com.br\/wp-content\/uploads\/2022\/07\/Diplomas-cursos-profissionalizantes-3.jpg",500,282,false],"mantranews-slider-large":["https:\/\/blogopara.com.br\/wp-content\/uploads\/2022\/07\/Diplomas-cursos-profissionalizantes-3.jpg",500,282,false],"mantranews-featured-medium":["https:\/\/blogopara.com.br\/wp-content\/uploads\/2022\/07\/Diplomas-cursos-profissionalizantes-3-420x282.jpg",420,282,true],"mantranews-featured-long":["https:\/\/blogopara.com.br\/wp-content\/uploads\/2022\/07\/Diplomas-cursos-profissionalizantes-3-300x282.jpg",300,282,true],"mantranews-block-medium":["https:\/\/blogopara.com.br\/wp-content\/uploads\/2022\/07\/Diplomas-cursos-profissionalizantes-3-464x282.jpg",464,282,true],"mantranews-carousel-image":["https:\/\/blogopara.com.br\/wp-content\/uploads\/2022\/07\/Diplomas-cursos-profissionalizantes-3.jpg",500,282,false],"mantranews-block-thumb":["https:\/\/blogopara.com.br\/wp-content\/uploads\/2022\/07\/Diplomas-cursos-profissionalizantes-3-322x230.jpg",322,230,true],"mantranews-single-large":["https:\/\/blogopara.com.br\/wp-content\/uploads\/2022\/07\/Diplomas-cursos-profissionalizantes-3.jpg",500,282,false]},"uagb_author_info":{"display_name":"Reda\u00e7\u00e3o geral","author_link":"https:\/\/blogopara.com.br\/index.php\/author\/blogopara"},"uagb_comment_info":0,"uagb_excerpt":"Uma nova etapa na vida de mais de 75 pessoas iniciou a partir desta quarta-feira (13). A Prefeitura de Juazeiro, atrav\u00e9s da Secretaria de Desenvolvimento Social, Mulher e Diversidade (Sedes), entregou os certificados de forma\u00e7\u00e3o aos concluintes dos cursos profissionalizantes oferecidos gratuitamente no Residencial Juazeiro I. A cerim\u00f4nia de certifica\u00e7\u00e3o dos formandos do curso de&hellip;","jetpack_sharing_enabled":true,"jetpack_likes_enabled":true,"_links":{"self":[{"href":"https:\/\/blogopara.com.br\/index.php\/wp-json\/wp\/v2\/posts\/39667","targetHints":{"allow":["GET"]}}],"collection":[{"href":"https:\/\/blogopara.com.br\/index.php\/wp-json\/wp\/v2\/posts"}],"about":[{"href":"https:\/\/blogopara.com.br\/index.php\/wp-json\/wp\/v2\/types\/post"}],"author":[{"embeddable":true,"href":"https:\/\/blogopara.com.br\/index.php\/wp-json\/wp\/v2\/users\/1"}],"replies":[{"embeddable":true,"href":"https:\/\/blogopara.com.br\/index.php\/wp-json\/wp\/v2\/comments?post=39667"}],"version-history":[{"count":1,"href":"https:\/\/blogopara.com.br\/index.php\/wp-json\/wp\/v2\/posts\/39667\/revisions"}],"predecessor-version":[{"id":39669,"href":"https:\/\/blogopara.com.br\/index.php\/wp-json\/wp\/v2\/posts\/39667\/revisions\/39669"}],"wp:featuredmedia":[{"embeddable":true,"href":"https:\/\/blogopara.com.br\/index.php\/wp-json\/wp\/v2\/media\/39668"}],"wp:attachment":[{"href":"https:\/\/blogopara.com.br\/index.php\/wp-json\/wp\/v2\/media?parent=39667"}],"wp:term":[{"taxonomy":"category","embeddable":true,"href":"https:\/\/blogopara.com.br\/index.php\/wp-json\/wp\/v2\/categories?post=39667"},{"taxonomy":"post_tag","embeddable":true,"href":"https:\/\/blogopara.com.br\/index.php\/wp-json\/wp\/v2\/tags?post=39667"}],"curies":[{"name":"wp","href":"https:\/\/api.w.org\/{rel}","templated":true}]}}