{"id":39678,"date":"2022-07-15T18:06:00","date_gmt":"2022-07-15T21:06:00","guid":{"rendered":"https:\/\/blogopara.com.br\/?p=39678"},"modified":"2022-07-15T11:23:30","modified_gmt":"2022-07-15T14:23:30","slug":"dpu-pede-medidas-ao-ministerio-da-saude-para-combater-falta-de-remedios-no-pais","status":"publish","type":"post","link":"https:\/\/blogopara.com.br\/index.php\/2022\/07\/15\/dpu-pede-medidas-ao-ministerio-da-saude-para-combater-falta-de-remedios-no-pais","title":{"rendered":"DPU pede medidas ao Minist\u00e9rio da Sa\u00fade para combater falta de rem\u00e9dios no pa\u00eds"},"content":{"rendered":"<p dir=\"ltr\" style=\"text-align: justify;\">A DPU pede que a consolida\u00e7\u00e3o das informa\u00e7\u00f5es sobre os medicamentos em risco ou situa\u00e7\u00e3o atual de desabastecimento em todas as regi\u00f5es do territ\u00f3rio nacional, com a elabora\u00e7\u00e3o de nota t\u00e9cnica contendo a sua listagem completa e os motivos causadores do quadro. Tamb\u00e9m\u00a0 pediu ao MS para levantar a\u00a0 capacidade produtiva farmoqu\u00edmica, farmac\u00eautica e biotecnol\u00f3gica nacional, com indica\u00e7\u00e3o das medidas que ser\u00e3o adotadas em cada caso de desabastecimento, a m\u00e9dio e longo prazo, para assegurar o aumento substancial da produ\u00e7\u00e3o nacional de IFA (Insumo Farmac\u00eautico Ativo), de medicamentos utilizados no \u00e2mbito do Sistema \u00danico de Sa\u00fade (SUS) e seus respectivos insumos.<\/p>\n<p dir=\"ltr\" style=\"text-align: justify;\">A Defensoria tamb\u00e9m quer a cria\u00e7\u00e3o de um Grupo de Acompanhamento Interinstitucional<\/p>\n<p dir=\"ltr\" style=\"text-align: justify;\">com atribui\u00e7\u00e3o voltada ao monitoramento e formula\u00e7\u00e3o de estrat\u00e9gias de acesso oportuno aos medicamentos, de modo a reduzir a possibilidade de desabastecimento mediante a tomada r\u00e1pida de decis\u00f5es; e por fim, o fortalecimento de tecnologias de informa\u00e7\u00e3o e comunica\u00e7\u00e3o (Internet e telecomunica\u00e7\u00f5es), de modo a assegurar efetiva conectividade em todas as regi\u00f5es do pa\u00eds e possibilitar a implanta\u00e7\u00e3o e a utiliza\u00e7\u00e3o dos sistemas de informa\u00e7\u00e3o para a gest\u00e3o da assist\u00eancia farmac\u00eautica.<\/p>\n<p dir=\"ltr\" style=\"text-align: justify;\">\u201cO acesso a medicamentos \u00e9 indispens\u00e1vel \u00e0 garantia da assist\u00eancia integral. Como profissionais de sa\u00fade, estamos diretamente envolvidos neste processo, com o compromisso de prezar pela qualidade, seguran\u00e7a e efetividade dos resultados cl\u00ednicos planejados. Diante do exposto, considerando a escassez e o risco iminente de desabastecimento de medicamentos essenciais \u00e0 assist\u00eancia aos pacientes hospitalizados em muitos estabelecimentos de sa\u00fade, vimos, por meio desse of\u00edcio, ratificar nossa preocupa\u00e7\u00e3o relacionada \u00e0s adversidades que a falta de alguns medicamentos tem acarretado e ainda poder\u00e1 ocasionar ao processo assistencial em todo o territ\u00f3rio nacional\u201d, destacam as entidades.<\/p>\n<p dir=\"ltr\" style=\"text-align: justify;\">A Defensoria P\u00fablica da Uni\u00e3o ressalta tamb\u00e9m que a pandemia e a Guerra da Ucr\u00e2nia apenas tornaram ainda mais evidente a necessidade atual de formula\u00e7\u00e3o de uma pol\u00edtica concreta de investimentos para maior estrutura\u00e7\u00e3o, material e tecnol\u00f3gica, do parque produtor nacional, como medida de garantia do direito constitucional \u00e0 Sa\u00fade. A DPU lembra que a Pol\u00edtica Nacional de Medicamentos j\u00e1 contempla diversas previs\u00f5es no sentido de que o Minist\u00e9rio da Sa\u00fade, em a\u00e7\u00e3o articulada com os demais minist\u00e9rios e esferas de Governo, n\u00e3o apenas promova a regula\u00e7\u00e3o dos pre\u00e7os dos medicamentos, como estimule a fabrica\u00e7\u00e3o nacional de medicamentos essenciais, bem como de mat\u00e9rias-primas e insumos necess\u00e1rios \u00e0 sua produ\u00e7\u00e3o, em face do interesse estrat\u00e9gico para a popula\u00e7\u00e3o brasileira.<\/p>\n<p dir=\"ltr\" style=\"text-align: justify;\">\u201cO conjunto de a\u00e7\u00f5es e servi\u00e7os de Sa\u00fade, prestados por \u00f3rg\u00e3os e institui\u00e7\u00f5es p\u00fablicas da Administra\u00e7\u00e3o, inclui a produ\u00e7\u00e3o de insumos e medicamentos. \u00c9 um dever do Estado garantir a sua disposi\u00e7\u00e3o \u00e0 toda popula\u00e7\u00e3o e em especial \u00e0s mais carentes. A DPU, na condi\u00e7\u00e3o de institui\u00e7\u00e3o protetora de Direitos Humanos, atua, portanto, na defesa desse direito coletivo \u00e0 Sa\u00fade\u201d, afirma o defensor nacional de Direitos Humanos Andr\u00e9 Porci\u00fancula, que assina a Recomenda\u00e7\u00e3o junto \u00e0 defensora regional de Direitos Humanos no Rio de Janeiro Shelley Duarte Maia.<\/p>\n<p dir=\"ltr\" style=\"text-align: justify;\">\u201cSabemos que existe um contexto mundial de dificuldades quanto ao abastecimento de medicamentos, em virtude da pandemia e da Guerra da Ucr\u00e2nia, mas este fator, ao contr\u00e1rio de eximir os gestores do SUS, deve propulsionar a\u00e7\u00f5es contundentes, que, a curto, m\u00e9dio e longo prazo, assegurem a todos os brasileiros o acesso aos medicamentos de que necessitem\u201d, assevera a defensora Shelley Maia. Na recomenda\u00e7\u00e3o, a Defensoria P\u00fablica da Uni\u00e3o solicita, ainda, que, em caso de n\u00e3o acolhimento, total ou parcial, das medidas recomendadas, que sejam explanados os motivos para tanto e quais s\u00e3o as estrat\u00e9gias adotadas para combater a crise de desabastecimento de medicamentos. O prazo conferido para resposta foi de dez dias.<\/p>\n<p dir=\"ltr\">\n<p dir=\"ltr\" style=\"text-align: justify;\">Bahia Not\u00edcias<\/p>\n","protected":false},"excerpt":{"rendered":"<p>A DPU pede que a consolida\u00e7\u00e3o das informa\u00e7\u00f5es sobre os medicamentos em risco ou situa\u00e7\u00e3o atual de desabastecimento em todas as regi\u00f5es do territ\u00f3rio nacional, com a elabora\u00e7\u00e3o de nota t\u00e9cnica contendo a sua listagem completa e os motivos causadores do quadro. Tamb\u00e9m\u00a0 pediu ao MS para levantar a\u00a0 capacidade produtiva farmoqu\u00edmica, farmac\u00eautica e biotecnol\u00f3gica [&hellip;]<\/p>\n","protected":false},"author":1,"featured_media":39679,"comment_status":"closed","ping_status":"open","sticky":false,"template":"","format":"standard","meta":{"_uag_custom_page_level_css":"","_monsterinsights_skip_tracking":false,"_monsterinsights_sitenote_active":false,"_monsterinsights_sitenote_note":"","_monsterinsights_sitenote_category":0,"jetpack_post_was_ever_published":false,"_jetpack_newsletter_access":"","_jetpack_dont_email_post_to_subs":false,"_jetpack_newsletter_tier_id":0,"_jetpack_memberships_contains_paywalled_content":false,"_jetpack_memberships_contains_paid_content":false,"footnotes":"","jetpack_publicize_message":"","jetpack_publicize_feature_enabled":true,"jetpack_social_post_already_shared":true,"jetpack_social_options":{"image_generator_settings":{"template":"highway","default_image_id":0,"font":"","enabled":false},"version":2}},"categories":[205],"tags":[],"class_list":["post-39678","post","type-post","status-publish","format-standard","has-post-thumbnail","hentry","category-saude"],"jetpack_publicize_connections":[],"jetpack_featured_media_url":"https:\/\/blogopara.com.br\/wp-content\/uploads\/2022\/07\/dpu-1.jpg","uagb_featured_image_src":{"full":["https:\/\/blogopara.com.br\/wp-content\/uploads\/2022\/07\/dpu-1.jpg",500,373,false],"thumbnail":["https:\/\/blogopara.com.br\/wp-content\/uploads\/2022\/07\/dpu-1-150x150.jpg",150,150,true],"medium":["https:\/\/blogopara.com.br\/wp-content\/uploads\/2022\/07\/dpu-1-300x224.jpg",300,224,true],"medium_large":["https:\/\/blogopara.com.br\/wp-content\/uploads\/2022\/07\/dpu-1.jpg",500,373,false],"large":["https:\/\/blogopara.com.br\/wp-content\/uploads\/2022\/07\/dpu-1.jpg",500,373,false],"1536x1536":["https:\/\/blogopara.com.br\/wp-content\/uploads\/2022\/07\/dpu-1.jpg",500,373,false],"2048x2048":["https:\/\/blogopara.com.br\/wp-content\/uploads\/2022\/07\/dpu-1.jpg",500,373,false],"mantranews-slider-large":["https:\/\/blogopara.com.br\/wp-content\/uploads\/2022\/07\/dpu-1.jpg",500,373,false],"mantranews-featured-medium":["https:\/\/blogopara.com.br\/wp-content\/uploads\/2022\/07\/dpu-1-420x307.jpg",420,307,true],"mantranews-featured-long":["https:\/\/blogopara.com.br\/wp-content\/uploads\/2022\/07\/dpu-1-300x373.jpg",300,373,true],"mantranews-block-medium":["https:\/\/blogopara.com.br\/wp-content\/uploads\/2022\/07\/dpu-1-464x290.jpg",464,290,true],"mantranews-carousel-image":["https:\/\/blogopara.com.br\/wp-content\/uploads\/2022\/07\/dpu-1.jpg",500,373,false],"mantranews-block-thumb":["https:\/\/blogopara.com.br\/wp-content\/uploads\/2022\/07\/dpu-1-322x230.jpg",322,230,true],"mantranews-single-large":["https:\/\/blogopara.com.br\/wp-content\/uploads\/2022\/07\/dpu-1.jpg",500,373,false]},"uagb_author_info":{"display_name":"Reda\u00e7\u00e3o geral","author_link":"https:\/\/blogopara.com.br\/index.php\/author\/blogopara"},"uagb_comment_info":0,"uagb_excerpt":"A DPU pede que a consolida\u00e7\u00e3o das informa\u00e7\u00f5es sobre os medicamentos em risco ou situa\u00e7\u00e3o atual de desabastecimento em todas as regi\u00f5es do territ\u00f3rio nacional, com a elabora\u00e7\u00e3o de nota t\u00e9cnica contendo a sua listagem completa e os motivos causadores do quadro. Tamb\u00e9m\u00a0 pediu ao MS para levantar a\u00a0 capacidade produtiva farmoqu\u00edmica, farmac\u00eautica e biotecnol\u00f3gica&hellip;","jetpack_sharing_enabled":true,"jetpack_likes_enabled":true,"_links":{"self":[{"href":"https:\/\/blogopara.com.br\/index.php\/wp-json\/wp\/v2\/posts\/39678","targetHints":{"allow":["GET"]}}],"collection":[{"href":"https:\/\/blogopara.com.br\/index.php\/wp-json\/wp\/v2\/posts"}],"about":[{"href":"https:\/\/blogopara.com.br\/index.php\/wp-json\/wp\/v2\/types\/post"}],"author":[{"embeddable":true,"href":"https:\/\/blogopara.com.br\/index.php\/wp-json\/wp\/v2\/users\/1"}],"replies":[{"embeddable":true,"href":"https:\/\/blogopara.com.br\/index.php\/wp-json\/wp\/v2\/comments?post=39678"}],"version-history":[{"count":1,"href":"https:\/\/blogopara.com.br\/index.php\/wp-json\/wp\/v2\/posts\/39678\/revisions"}],"predecessor-version":[{"id":39680,"href":"https:\/\/blogopara.com.br\/index.php\/wp-json\/wp\/v2\/posts\/39678\/revisions\/39680"}],"wp:featuredmedia":[{"embeddable":true,"href":"https:\/\/blogopara.com.br\/index.php\/wp-json\/wp\/v2\/media\/39679"}],"wp:attachment":[{"href":"https:\/\/blogopara.com.br\/index.php\/wp-json\/wp\/v2\/media?parent=39678"}],"wp:term":[{"taxonomy":"category","embeddable":true,"href":"https:\/\/blogopara.com.br\/index.php\/wp-json\/wp\/v2\/categories?post=39678"},{"taxonomy":"post_tag","embeddable":true,"href":"https:\/\/blogopara.com.br\/index.php\/wp-json\/wp\/v2\/tags?post=39678"}],"curies":[{"name":"wp","href":"https:\/\/api.w.org\/{rel}","templated":true}]}}