{"id":39681,"date":"2022-07-15T20:10:00","date_gmt":"2022-07-15T23:10:00","guid":{"rendered":"https:\/\/blogopara.com.br\/?p=39681"},"modified":"2022-07-15T11:37:39","modified_gmt":"2022-07-15T14:37:39","slug":"unimed-vale-do-sao-francisco-doa-14-toneladas-de-alimentos-para-11-instituicoes-de-juazeiro-e-petrolina","status":"publish","type":"post","link":"https:\/\/blogopara.com.br\/index.php\/2022\/07\/15\/unimed-vale-do-sao-francisco-doa-14-toneladas-de-alimentos-para-11-instituicoes-de-juazeiro-e-petrolina","title":{"rendered":"Unimed Vale do S\u00e3o Francisco doa 14 toneladas de alimentos para 11 institui\u00e7\u00f5es de Juazeiro e Petrolina"},"content":{"rendered":"<p>A Unimed Vale do S\u00e3o Francisco beneficiou nesta quarta-feira (13), com 14 toneladas de alimentos n\u00e3o perec\u00edveis, 980 fam\u00edlias atendidas por 11 institui\u00e7\u00f5es filantr\u00f3picas voltadas ao trabalho comunit\u00e1rio volunt\u00e1rio de Petrolina-PE e Juazeiro-BA.<\/p>\n<p>A arrecada\u00e7\u00e3o, fruto da campanha \u201cArrai\u00e1 Solid\u00e1rio\u201d, que aconteceu no m\u00eas de junho, come\u00e7ou a entrega \u00e0s 15h30 no audit\u00f3rio da sede da cooperativa m\u00e9dica, com a presen\u00e7a da diretoria e dos representantes das entidades beneficiadas: associa\u00e7\u00e3o de Amparo aos portadores de tuberculose, Aids e hansen\u00edase (AAT) (Petrolina); Comarca &#8211; Cooperativa de Catadores de Materiais Recicl\u00e1veis (Petrolina); Associa\u00e7\u00e3o \u00c1gape (Petrolina); Seja Semente (Petrolina); Associa\u00e7\u00e3o ONG Ajudar (Petrolina); Crelpes (Petrolina); Renascer \u2013 lixo recicl\u00e1veis (Petrolina); Cantinho do Aconchego (Petrolina);\u00a0 Cooperfix &#8211; Cooperativa de Catadores de Lixo de (Juazeiro); Lar Feliz (Juazeiro) e a Casa Dom Jos\u00e9 Rodrigues, tamb\u00e9m em (Juazeiro). Al\u00e9m dessas associa\u00e7\u00f5es; Cantinho do Amor (Petrolina e Juazeiro).<\/p>\n<p>Segundo Maria da Ressurrei\u00e7\u00e3o de Souza Barbosa (Ressu), Coordenadora geral do Lar Feliz, que atende 526 crian\u00e7as abaixo da linha da pobreza de 9 a 1 ano de idade, em tempo integral, os alimentos chegaram em boa hora. \u201cN\u00e3o tenho palavras para agradecer a Unimed por essa a\u00e7\u00e3o solid\u00e1ria. Esse momento \u00e9 de grande import\u00e2ncia, pois estamos com poucos alimentos para essas crian\u00e7as que fazem cinco refei\u00e7\u00f5es por dia\u201d, agradeceu.<\/p>\n<p>Rivaldo Veloso, fundador e coordenador da Associa\u00e7\u00e3o ONG Ajudar, tamb\u00e9m reconheceu o gesto, salientando que as cestas b\u00e1sicas chegaram para somar. \u201cAtendemos diariamente 50 pessoas, entre dependentes qu\u00edmicos, portadores de dist\u00farbios ps\u00edquicos e defici\u00eancia mental, com 7.500 refei\u00e7\u00f5es mensais. Somos muito gratos com essa feliz iniciativa\u201d, disse.<\/p>\n<p>O diretor presidente da Unimed Vale do S\u00e3o Francisco, Francisco Otaviano, agradeceu a participa\u00e7\u00e3o de todos, ressaltou a import\u00e2ncia da a\u00e7\u00e3o solid\u00e1ria e lembrou que o gesto tamb\u00e9m faz parte das comemora\u00e7\u00f5es do Dia C (1\u00ba s\u00e1bado do m\u00eas de julho), data em que se comemora em todo mundo o Dia Internacional do Cooperativismo. \u201cDurante tr\u00eas anos nosso Arrai\u00e1 Solid\u00e1rio vem promovendo a\u00e7\u00f5es solid\u00e1rias, juntamente com m\u00e9dicos cooperados e colaboradores, principalmente na pandemia. Esta \u00e9 a forma da Unimed compartilhar e estender essa pr\u00e1tica na sociedade\u201d,finalizou.<\/p>\n<p>CLAS Comunica\u00e7\u00e3o e Marketing<\/p>\n","protected":false},"excerpt":{"rendered":"<p>A Unimed Vale do S\u00e3o Francisco beneficiou nesta quarta-feira (13), com 14 toneladas de alimentos n\u00e3o perec\u00edveis, 980 fam\u00edlias atendidas por 11 institui\u00e7\u00f5es filantr\u00f3picas voltadas ao trabalho comunit\u00e1rio volunt\u00e1rio de Petrolina-PE e Juazeiro-BA. A arrecada\u00e7\u00e3o, fruto da campanha \u201cArrai\u00e1 Solid\u00e1rio\u201d, que aconteceu no m\u00eas de junho, come\u00e7ou a entrega \u00e0s 15h30 no audit\u00f3rio da sede [&hellip;]<\/p>\n","protected":false},"author":1,"featured_media":39682,"comment_status":"closed","ping_status":"open","sticky":false,"template":"","format":"standard","meta":{"_uag_custom_page_level_css":"","_monsterinsights_skip_tracking":false,"_monsterinsights_sitenote_active":false,"_monsterinsights_sitenote_note":"","_monsterinsights_sitenote_category":0,"jetpack_post_was_ever_published":false,"_jetpack_newsletter_access":"","_jetpack_dont_email_post_to_subs":false,"_jetpack_newsletter_tier_id":0,"_jetpack_memberships_contains_paywalled_content":false,"_jetpack_memberships_contains_paid_content":false,"footnotes":"","jetpack_publicize_message":"","jetpack_publicize_feature_enabled":true,"jetpack_social_post_already_shared":true,"jetpack_social_options":{"image_generator_settings":{"template":"highway","default_image_id":0,"font":"","enabled":false},"version":2}},"categories":[204],"tags":[],"class_list":["post-39681","post","type-post","status-publish","format-standard","has-post-thumbnail","hentry","category-social"],"jetpack_publicize_connections":[],"jetpack_featured_media_url":"https:\/\/blogopara.com.br\/wp-content\/uploads\/2022\/07\/unimed.jpg","uagb_featured_image_src":{"full":["https:\/\/blogopara.com.br\/wp-content\/uploads\/2022\/07\/unimed.jpg",500,375,false],"thumbnail":["https:\/\/blogopara.com.br\/wp-content\/uploads\/2022\/07\/unimed-150x150.jpg",150,150,true],"medium":["https:\/\/blogopara.com.br\/wp-content\/uploads\/2022\/07\/unimed-300x225.jpg",300,225,true],"medium_large":["https:\/\/blogopara.com.br\/wp-content\/uploads\/2022\/07\/unimed.jpg",500,375,false],"large":["https:\/\/blogopara.com.br\/wp-content\/uploads\/2022\/07\/unimed.jpg",500,375,false],"1536x1536":["https:\/\/blogopara.com.br\/wp-content\/uploads\/2022\/07\/unimed.jpg",500,375,false],"2048x2048":["https:\/\/blogopara.com.br\/wp-content\/uploads\/2022\/07\/unimed.jpg",500,375,false],"mantranews-slider-large":["https:\/\/blogopara.com.br\/wp-content\/uploads\/2022\/07\/unimed.jpg",500,375,false],"mantranews-featured-medium":["https:\/\/blogopara.com.br\/wp-content\/uploads\/2022\/07\/unimed-420x307.jpg",420,307,true],"mantranews-featured-long":["https:\/\/blogopara.com.br\/wp-content\/uploads\/2022\/07\/unimed-300x375.jpg",300,375,true],"mantranews-block-medium":["https:\/\/blogopara.com.br\/wp-content\/uploads\/2022\/07\/unimed-464x290.jpg",464,290,true],"mantranews-carousel-image":["https:\/\/blogopara.com.br\/wp-content\/uploads\/2022\/07\/unimed.jpg",500,375,false],"mantranews-block-thumb":["https:\/\/blogopara.com.br\/wp-content\/uploads\/2022\/07\/unimed-322x230.jpg",322,230,true],"mantranews-single-large":["https:\/\/blogopara.com.br\/wp-content\/uploads\/2022\/07\/unimed.jpg",500,375,false]},"uagb_author_info":{"display_name":"Reda\u00e7\u00e3o geral","author_link":"https:\/\/blogopara.com.br\/index.php\/author\/blogopara"},"uagb_comment_info":0,"uagb_excerpt":"A Unimed Vale do S\u00e3o Francisco beneficiou nesta quarta-feira (13), com 14 toneladas de alimentos n\u00e3o perec\u00edveis, 980 fam\u00edlias atendidas por 11 institui\u00e7\u00f5es filantr\u00f3picas voltadas ao trabalho comunit\u00e1rio volunt\u00e1rio de Petrolina-PE e Juazeiro-BA. A arrecada\u00e7\u00e3o, fruto da campanha \u201cArrai\u00e1 Solid\u00e1rio\u201d, que aconteceu no m\u00eas de junho, come\u00e7ou a entrega \u00e0s 15h30 no audit\u00f3rio da sede&hellip;","jetpack_sharing_enabled":true,"jetpack_likes_enabled":true,"_links":{"self":[{"href":"https:\/\/blogopara.com.br\/index.php\/wp-json\/wp\/v2\/posts\/39681","targetHints":{"allow":["GET"]}}],"collection":[{"href":"https:\/\/blogopara.com.br\/index.php\/wp-json\/wp\/v2\/posts"}],"about":[{"href":"https:\/\/blogopara.com.br\/index.php\/wp-json\/wp\/v2\/types\/post"}],"author":[{"embeddable":true,"href":"https:\/\/blogopara.com.br\/index.php\/wp-json\/wp\/v2\/users\/1"}],"replies":[{"embeddable":true,"href":"https:\/\/blogopara.com.br\/index.php\/wp-json\/wp\/v2\/comments?post=39681"}],"version-history":[{"count":1,"href":"https:\/\/blogopara.com.br\/index.php\/wp-json\/wp\/v2\/posts\/39681\/revisions"}],"predecessor-version":[{"id":39683,"href":"https:\/\/blogopara.com.br\/index.php\/wp-json\/wp\/v2\/posts\/39681\/revisions\/39683"}],"wp:featuredmedia":[{"embeddable":true,"href":"https:\/\/blogopara.com.br\/index.php\/wp-json\/wp\/v2\/media\/39682"}],"wp:attachment":[{"href":"https:\/\/blogopara.com.br\/index.php\/wp-json\/wp\/v2\/media?parent=39681"}],"wp:term":[{"taxonomy":"category","embeddable":true,"href":"https:\/\/blogopara.com.br\/index.php\/wp-json\/wp\/v2\/categories?post=39681"},{"taxonomy":"post_tag","embeddable":true,"href":"https:\/\/blogopara.com.br\/index.php\/wp-json\/wp\/v2\/tags?post=39681"}],"curies":[{"name":"wp","href":"https:\/\/api.w.org\/{rel}","templated":true}]}}