{"id":39690,"date":"2022-07-15T19:00:00","date_gmt":"2022-07-15T22:00:00","guid":{"rendered":"https:\/\/blogopara.com.br\/?p=39690"},"modified":"2022-07-15T13:30:00","modified_gmt":"2022-07-15T16:30:00","slug":"lula-admite-em-conversa-com-aliados-que-evita-criticas-a-acm-neto-para-nao-criar-arestas","status":"publish","type":"post","link":"https:\/\/blogopara.com.br\/index.php\/2022\/07\/15\/lula-admite-em-conversa-com-aliados-que-evita-criticas-a-acm-neto-para-nao-criar-arestas","title":{"rendered":"Lula admite em conversa com aliados que evita cr\u00edticas a ACM Neto para n\u00e3o criar arestas"},"content":{"rendered":"<p style=\"text-align: justify;\">Em um almo\u00e7o com parlamentares aliados nesta quarta-feira (13), o ex-presidente Lula (PT) teria admitido que evitou cr\u00edticas ao pr\u00e9-candidato a governador da Bahia, ACM Neto (UNI\u00c3O), durante a sua passagem pelo 2 de Julho, para n\u00e3o criar arestas.<\/p>\n<p style=\"text-align: justify;\">Segundo o jornal Folha de S. Paulo, Lula contou que tem mantido pontes com o presidente nacional\u00a0do Uni\u00e3o Brasil e pr\u00e9-candidato \u00e0 Presid\u00eancia, Luciano Bivar, que, segundo o petista, &#8220;odeia&#8221; o presidente Jair Bolsonaro (PL).<\/p>\n<p style=\"text-align: justify;\">Lula teria ainda sublinhado aos participantes da conversa que, no sentido de evitar arestas com os advers\u00e1rios hist\u00f3ricos, n\u00e3o falou uma palavra cr\u00edtica em rela\u00e7\u00e3o a ACM Neto, e secret\u00e1rio-geral da Uni\u00e3o, na visita recente que fez \u00e0 Bahia.<\/p>\n<p style=\"text-align: justify;\">O\u00a0<strong>Metro1<\/strong>\u00a0mostrou recente uma\u00a0<a href=\"https:\/\/www.metro1.com.br\/noticias\/politica\/125604,namoro-entre-pt-e-uniao-brasil-em-sp-mexe-com-candidaturas-de-neto-e-jeronimo-na-bahia\" target=\"_blank\" rel=\"noopener\">articula\u00e7\u00e3o do ex-presidente Lula para que o Uni\u00e3o Brasil apoiasse a pr\u00e9-candidatura de Fernando Haddad ao governo de S\u00e3o Paulo<\/a>, que envolvia o ex-prefeito ACM Neto.<\/p>\n","protected":false},"excerpt":{"rendered":"<p>Em um almo\u00e7o com parlamentares aliados nesta quarta-feira (13), o ex-presidente Lula (PT) teria admitido que evitou cr\u00edticas ao pr\u00e9-candidato a governador da Bahia, ACM Neto (UNI\u00c3O), durante a sua passagem pelo 2 de Julho, para n\u00e3o criar arestas. Segundo o jornal Folha de S. Paulo, Lula contou que tem mantido pontes com o presidente [&hellip;]<\/p>\n","protected":false},"author":1,"featured_media":39691,"comment_status":"open","ping_status":"open","sticky":false,"template":"","format":"standard","meta":{"_uag_custom_page_level_css":"","_monsterinsights_skip_tracking":false,"_monsterinsights_sitenote_active":false,"_monsterinsights_sitenote_note":"","_monsterinsights_sitenote_category":0,"jetpack_post_was_ever_published":false,"_jetpack_newsletter_access":"","_jetpack_dont_email_post_to_subs":false,"_jetpack_newsletter_tier_id":0,"_jetpack_memberships_contains_paywalled_content":false,"_jetpack_memberships_contains_paid_content":false,"footnotes":"","jetpack_publicize_message":"","jetpack_publicize_feature_enabled":true,"jetpack_social_post_already_shared":true,"jetpack_social_options":{"image_generator_settings":{"template":"highway","default_image_id":0,"font":"","enabled":false},"version":2}},"categories":[199,197],"tags":[],"class_list":["post-39690","post","type-post","status-publish","format-standard","has-post-thumbnail","hentry","category-bahia","category-politica"],"jetpack_publicize_connections":[],"jetpack_featured_media_url":"https:\/\/blogopara.com.br\/wp-content\/uploads\/2022\/07\/126011lula-admite-em-conversa-com-aliados-que-evita-criticas-a-acm-neto-para-nao-criar-arestas-3.jpg","uagb_featured_image_src":{"full":["https:\/\/blogopara.com.br\/wp-content\/uploads\/2022\/07\/126011lula-admite-em-conversa-com-aliados-que-evita-criticas-a-acm-neto-para-nao-criar-arestas-3.jpg",500,235,false],"thumbnail":["https:\/\/blogopara.com.br\/wp-content\/uploads\/2022\/07\/126011lula-admite-em-conversa-com-aliados-que-evita-criticas-a-acm-neto-para-nao-criar-arestas-3-150x150.jpg",150,150,true],"medium":["https:\/\/blogopara.com.br\/wp-content\/uploads\/2022\/07\/126011lula-admite-em-conversa-com-aliados-que-evita-criticas-a-acm-neto-para-nao-criar-arestas-3-300x141.jpg",300,141,true],"medium_large":["https:\/\/blogopara.com.br\/wp-content\/uploads\/2022\/07\/126011lula-admite-em-conversa-com-aliados-que-evita-criticas-a-acm-neto-para-nao-criar-arestas-3.jpg",500,235,false],"large":["https:\/\/blogopara.com.br\/wp-content\/uploads\/2022\/07\/126011lula-admite-em-conversa-com-aliados-que-evita-criticas-a-acm-neto-para-nao-criar-arestas-3.jpg",500,235,false],"1536x1536":["https:\/\/blogopara.com.br\/wp-content\/uploads\/2022\/07\/126011lula-admite-em-conversa-com-aliados-que-evita-criticas-a-acm-neto-para-nao-criar-arestas-3.jpg",500,235,false],"2048x2048":["https:\/\/blogopara.com.br\/wp-content\/uploads\/2022\/07\/126011lula-admite-em-conversa-com-aliados-que-evita-criticas-a-acm-neto-para-nao-criar-arestas-3.jpg",500,235,false],"mantranews-slider-large":["https:\/\/blogopara.com.br\/wp-content\/uploads\/2022\/07\/126011lula-admite-em-conversa-com-aliados-que-evita-criticas-a-acm-neto-para-nao-criar-arestas-3.jpg",500,235,false],"mantranews-featured-medium":["https:\/\/blogopara.com.br\/wp-content\/uploads\/2022\/07\/126011lula-admite-em-conversa-com-aliados-que-evita-criticas-a-acm-neto-para-nao-criar-arestas-3-420x235.jpg",420,235,true],"mantranews-featured-long":["https:\/\/blogopara.com.br\/wp-content\/uploads\/2022\/07\/126011lula-admite-em-conversa-com-aliados-que-evita-criticas-a-acm-neto-para-nao-criar-arestas-3-300x235.jpg",300,235,true],"mantranews-block-medium":["https:\/\/blogopara.com.br\/wp-content\/uploads\/2022\/07\/126011lula-admite-em-conversa-com-aliados-que-evita-criticas-a-acm-neto-para-nao-criar-arestas-3-464x235.jpg",464,235,true],"mantranews-carousel-image":["https:\/\/blogopara.com.br\/wp-content\/uploads\/2022\/07\/126011lula-admite-em-conversa-com-aliados-que-evita-criticas-a-acm-neto-para-nao-criar-arestas-3.jpg",500,235,false],"mantranews-block-thumb":["https:\/\/blogopara.com.br\/wp-content\/uploads\/2022\/07\/126011lula-admite-em-conversa-com-aliados-que-evita-criticas-a-acm-neto-para-nao-criar-arestas-3-322x230.jpg",322,230,true],"mantranews-single-large":["https:\/\/blogopara.com.br\/wp-content\/uploads\/2022\/07\/126011lula-admite-em-conversa-com-aliados-que-evita-criticas-a-acm-neto-para-nao-criar-arestas-3.jpg",500,235,false]},"uagb_author_info":{"display_name":"Reda\u00e7\u00e3o geral","author_link":"https:\/\/blogopara.com.br\/index.php\/author\/blogopara"},"uagb_comment_info":0,"uagb_excerpt":"Em um almo\u00e7o com parlamentares aliados nesta quarta-feira (13), o ex-presidente Lula (PT) teria admitido que evitou cr\u00edticas ao pr\u00e9-candidato a governador da Bahia, ACM Neto (UNI\u00c3O), durante a sua passagem pelo 2 de Julho, para n\u00e3o criar arestas. Segundo o jornal Folha de S. Paulo, Lula contou que tem mantido pontes com o presidente&hellip;","jetpack_sharing_enabled":true,"jetpack_likes_enabled":true,"_links":{"self":[{"href":"https:\/\/blogopara.com.br\/index.php\/wp-json\/wp\/v2\/posts\/39690","targetHints":{"allow":["GET"]}}],"collection":[{"href":"https:\/\/blogopara.com.br\/index.php\/wp-json\/wp\/v2\/posts"}],"about":[{"href":"https:\/\/blogopara.com.br\/index.php\/wp-json\/wp\/v2\/types\/post"}],"author":[{"embeddable":true,"href":"https:\/\/blogopara.com.br\/index.php\/wp-json\/wp\/v2\/users\/1"}],"replies":[{"embeddable":true,"href":"https:\/\/blogopara.com.br\/index.php\/wp-json\/wp\/v2\/comments?post=39690"}],"version-history":[{"count":1,"href":"https:\/\/blogopara.com.br\/index.php\/wp-json\/wp\/v2\/posts\/39690\/revisions"}],"predecessor-version":[{"id":39692,"href":"https:\/\/blogopara.com.br\/index.php\/wp-json\/wp\/v2\/posts\/39690\/revisions\/39692"}],"wp:featuredmedia":[{"embeddable":true,"href":"https:\/\/blogopara.com.br\/index.php\/wp-json\/wp\/v2\/media\/39691"}],"wp:attachment":[{"href":"https:\/\/blogopara.com.br\/index.php\/wp-json\/wp\/v2\/media?parent=39690"}],"wp:term":[{"taxonomy":"category","embeddable":true,"href":"https:\/\/blogopara.com.br\/index.php\/wp-json\/wp\/v2\/categories?post=39690"},{"taxonomy":"post_tag","embeddable":true,"href":"https:\/\/blogopara.com.br\/index.php\/wp-json\/wp\/v2\/tags?post=39690"}],"curies":[{"name":"wp","href":"https:\/\/api.w.org\/{rel}","templated":true}]}}