{"id":39704,"date":"2022-07-16T10:45:00","date_gmt":"2022-07-16T13:45:00","guid":{"rendered":"https:\/\/blogopara.com.br\/?p=39704"},"modified":"2022-07-15T20:55:19","modified_gmt":"2022-07-15T23:55:19","slug":"jordavio-ramos-recebe-abracos-da-populacao-durante-festejos-de-aniversario-de-144-anos-de-juazeiro","status":"publish","type":"post","link":"https:\/\/blogopara.com.br\/index.php\/2022\/07\/16\/jordavio-ramos-recebe-abracos-da-populacao-durante-festejos-de-aniversario-de-144-anos-de-juazeiro","title":{"rendered":"Jord\u00e1vio Ramos recebe abra\u00e7os da popula\u00e7\u00e3o durante festejos de anivers\u00e1rio de 144 anos de Juazeiro"},"content":{"rendered":"<div dir=\"auto\">O munic\u00edpio de Juazeiro, localizado no norte da Bahia e banhado pelas \u00e1guas do Rio S\u00e3o Francisco, celebrou, neste dia 15 de julho, 144 anos de eleva\u00e7\u00e3o \u00e0 categoria de cidade. O pr\u00e9-candidato a deputado estadual, Jord\u00e1vio Ramos, prestigiou a solenidade oficial realizada pela Prefeitura Municipal, nesta sexta-feira, e recebeu abra\u00e7os, vibra\u00e7\u00e3o positiva e o calor humano dos juazeirenses.<\/div>\n<div dir=\"auto\"><\/div>\n<div dir=\"auto\">O evento, que reuniu o p\u00fablico numa grande festa na Orla II, contou com a presen\u00e7a de autoridades pol\u00edticas, militares e civis, de um bolo de anivers\u00e1rio gigante, al\u00e9m de diversas manifesta\u00e7\u00f5es de amor e carinho dos presentes.<\/div>\n<div dir=\"auto\"><\/div>\n<div dir=\"auto\">&#8220;Juazeiro meu amor, terra de povo aguerrido e guerreiro. Nossa cidade \u00e9 mais que nossa casa, cen\u00e1rio de lutas e de vit\u00f3rias. Juazeiro \u00e9 terra de desenvolvimento, de acolhimento e que jamais sai do nosso cora\u00e7\u00e3o e pensamento. Esse \u00e9 meu sentimento. Aqui nasci, cresci, me dei por cidad\u00e3o e \u00e9 onde est\u00e1 por inteiro o meu cora\u00e7\u00e3o. Parab\u00e9ns Juazeiro&#8221;, expressou Jord\u00e1vio.<\/div>\n<div dir=\"auto\"><\/div>\n<div dir=\"auto\">Ascom Jord\u00e1vio Ramos<\/div>\n","protected":false},"excerpt":{"rendered":"<p>O munic\u00edpio de Juazeiro, localizado no norte da Bahia e banhado pelas \u00e1guas do Rio S\u00e3o Francisco, celebrou, neste dia 15 de julho, 144 anos de eleva\u00e7\u00e3o \u00e0 categoria de cidade. O pr\u00e9-candidato a deputado estadual, Jord\u00e1vio Ramos, prestigiou a solenidade oficial realizada pela Prefeitura Municipal, nesta sexta-feira, e recebeu abra\u00e7os, vibra\u00e7\u00e3o positiva e o [&hellip;]<\/p>\n","protected":false},"author":1,"featured_media":39707,"comment_status":"closed","ping_status":"open","sticky":false,"template":"","format":"standard","meta":{"_uag_custom_page_level_css":"","_monsterinsights_skip_tracking":false,"_monsterinsights_sitenote_active":false,"_monsterinsights_sitenote_note":"","_monsterinsights_sitenote_category":0,"jetpack_post_was_ever_published":false,"_jetpack_newsletter_access":"","_jetpack_dont_email_post_to_subs":false,"_jetpack_newsletter_tier_id":0,"_jetpack_memberships_contains_paywalled_content":false,"_jetpack_memberships_contains_paid_content":false,"footnotes":"","jetpack_publicize_message":"","jetpack_publicize_feature_enabled":true,"jetpack_social_post_already_shared":true,"jetpack_social_options":{"image_generator_settings":{"template":"highway","default_image_id":0,"font":"","enabled":false},"version":2}},"categories":[203,197],"tags":[],"class_list":["post-39704","post","type-post","status-publish","format-standard","has-post-thumbnail","hentry","category-juazeiro","category-politica"],"jetpack_publicize_connections":[],"jetpack_featured_media_url":"https:\/\/blogopara.com.br\/wp-content\/uploads\/2022\/07\/jordavio-2.jpg","uagb_featured_image_src":{"full":["https:\/\/blogopara.com.br\/wp-content\/uploads\/2022\/07\/jordavio-2.jpg",500,333,false],"thumbnail":["https:\/\/blogopara.com.br\/wp-content\/uploads\/2022\/07\/jordavio-2-150x150.jpg",150,150,true],"medium":["https:\/\/blogopara.com.br\/wp-content\/uploads\/2022\/07\/jordavio-2-300x200.jpg",300,200,true],"medium_large":["https:\/\/blogopara.com.br\/wp-content\/uploads\/2022\/07\/jordavio-2.jpg",500,333,false],"large":["https:\/\/blogopara.com.br\/wp-content\/uploads\/2022\/07\/jordavio-2.jpg",500,333,false],"1536x1536":["https:\/\/blogopara.com.br\/wp-content\/uploads\/2022\/07\/jordavio-2.jpg",500,333,false],"2048x2048":["https:\/\/blogopara.com.br\/wp-content\/uploads\/2022\/07\/jordavio-2.jpg",500,333,false],"mantranews-slider-large":["https:\/\/blogopara.com.br\/wp-content\/uploads\/2022\/07\/jordavio-2.jpg",500,333,false],"mantranews-featured-medium":["https:\/\/blogopara.com.br\/wp-content\/uploads\/2022\/07\/jordavio-2-420x307.jpg",420,307,true],"mantranews-featured-long":["https:\/\/blogopara.com.br\/wp-content\/uploads\/2022\/07\/jordavio-2-300x333.jpg",300,333,true],"mantranews-block-medium":["https:\/\/blogopara.com.br\/wp-content\/uploads\/2022\/07\/jordavio-2-464x290.jpg",464,290,true],"mantranews-carousel-image":["https:\/\/blogopara.com.br\/wp-content\/uploads\/2022\/07\/jordavio-2.jpg",500,333,false],"mantranews-block-thumb":["https:\/\/blogopara.com.br\/wp-content\/uploads\/2022\/07\/jordavio-2-322x230.jpg",322,230,true],"mantranews-single-large":["https:\/\/blogopara.com.br\/wp-content\/uploads\/2022\/07\/jordavio-2.jpg",500,333,false]},"uagb_author_info":{"display_name":"Reda\u00e7\u00e3o geral","author_link":"https:\/\/blogopara.com.br\/index.php\/author\/blogopara"},"uagb_comment_info":0,"uagb_excerpt":"O munic\u00edpio de Juazeiro, localizado no norte da Bahia e banhado pelas \u00e1guas do Rio S\u00e3o Francisco, celebrou, neste dia 15 de julho, 144 anos de eleva\u00e7\u00e3o \u00e0 categoria de cidade. O pr\u00e9-candidato a deputado estadual, Jord\u00e1vio Ramos, prestigiou a solenidade oficial realizada pela Prefeitura Municipal, nesta sexta-feira, e recebeu abra\u00e7os, vibra\u00e7\u00e3o positiva e o&hellip;","jetpack_sharing_enabled":true,"jetpack_likes_enabled":true,"_links":{"self":[{"href":"https:\/\/blogopara.com.br\/index.php\/wp-json\/wp\/v2\/posts\/39704","targetHints":{"allow":["GET"]}}],"collection":[{"href":"https:\/\/blogopara.com.br\/index.php\/wp-json\/wp\/v2\/posts"}],"about":[{"href":"https:\/\/blogopara.com.br\/index.php\/wp-json\/wp\/v2\/types\/post"}],"author":[{"embeddable":true,"href":"https:\/\/blogopara.com.br\/index.php\/wp-json\/wp\/v2\/users\/1"}],"replies":[{"embeddable":true,"href":"https:\/\/blogopara.com.br\/index.php\/wp-json\/wp\/v2\/comments?post=39704"}],"version-history":[{"count":1,"href":"https:\/\/blogopara.com.br\/index.php\/wp-json\/wp\/v2\/posts\/39704\/revisions"}],"predecessor-version":[{"id":39709,"href":"https:\/\/blogopara.com.br\/index.php\/wp-json\/wp\/v2\/posts\/39704\/revisions\/39709"}],"wp:featuredmedia":[{"embeddable":true,"href":"https:\/\/blogopara.com.br\/index.php\/wp-json\/wp\/v2\/media\/39707"}],"wp:attachment":[{"href":"https:\/\/blogopara.com.br\/index.php\/wp-json\/wp\/v2\/media?parent=39704"}],"wp:term":[{"taxonomy":"category","embeddable":true,"href":"https:\/\/blogopara.com.br\/index.php\/wp-json\/wp\/v2\/categories?post=39704"},{"taxonomy":"post_tag","embeddable":true,"href":"https:\/\/blogopara.com.br\/index.php\/wp-json\/wp\/v2\/tags?post=39704"}],"curies":[{"name":"wp","href":"https:\/\/api.w.org\/{rel}","templated":true}]}}