{"id":39773,"date":"2022-07-18T08:59:00","date_gmt":"2022-07-18T11:59:00","guid":{"rendered":"https:\/\/blogopara.com.br\/?p=39773"},"modified":"2022-07-17T11:46:18","modified_gmt":"2022-07-17T14:46:18","slug":"para-o-desespero-dos-nossos-adversarios-diz-acm-neto-sobre-apoio-de-prefeitos","status":"publish","type":"post","link":"https:\/\/blogopara.com.br\/index.php\/2022\/07\/18\/para-o-desespero-dos-nossos-adversarios-diz-acm-neto-sobre-apoio-de-prefeitos","title":{"rendered":"\u2018Para o desespero dos nossos advers\u00e1rios\u2019 diz ACM Neto sobre apoio de prefeitos"},"content":{"rendered":"<div class=\"materia-conteudo\">\n<div class=\"materia\">\n<div class=\"conteudo_post\">\n<p style=\"text-align: justify;\">O pr\u00e9-candidato a governador da Bahia, ACM Neto (Uni\u00e3o Brasil) confirmou na noite desta quinta-feira (14) que recebeu o apoio de mais duas prefeitas que integravam a base governista. T\u00e2nia Yoshida (PSD), de Concei\u00e7\u00e3o do Jacu\u00edpe, e Lu de Gel (PP), de Ant\u00f4nio Cardoso, oficializaram o apoio ao ex-prefeito de Salvador na corrida pelo governo da Bahia.<\/p>\n<p style=\"text-align: justify;\">\u201cHoje recebemos not\u00edcias muito importantes. Duas prefeitas, duas grandes lideran\u00e7as do interior da Bahia, declararam ades\u00e3o \u00e0 nossa pr\u00e9-campanha. Foi uma semana marcada por ades\u00f5es pol\u00edticas muito importantes. Estivemos hoje em Terra Nova, cidade cujo prefeito tamb\u00e9m anunciou o seu apoio\u201d, disse Neto no ato pol\u00edtico realizado em Cruz das Almas, na quinta-feira.<\/p>\n<p style=\"text-align: justify;\">Al\u00e9m do prefeito \u00c9der de Nilda (Cidadania), de Terra Nova, que anunciou apoio durante a visita ao munic\u00edpio, Neto lembrou de Cezar de Aderio (PP), de Milagres, e de Nena (PSD), de Inhambupe, que tamb\u00e9m declararam apoio ao pr\u00e9-candidato.<\/p>\n<p style=\"text-align: justify;\">\u201cSomente nesta semana, cinco prefeitos da base do governo j\u00e1 oficializaram o apoio \u00e0 nossa pr\u00e9-campanha. E a\u00ed eu digo uma coisa: para o desespero dos nossos advers\u00e1rios, isso \u00e9 s\u00f3 o come\u00e7o. Muito mais est\u00e1 por vir\u201d, comentou Neto ainda no discurso.<\/p>\n<p style=\"text-align: justify;\">O pr\u00e9-candidato falou que faz quest\u00e3o de conversar tamb\u00e9m com lideran\u00e7as que n\u00e3o est\u00e3o \u00e0 frente das prefeituras, mas que podem somar \u00e0 caminhada at\u00e9 outubro deste ano.<\/p>\n<p style=\"text-align: justify;\">\u201cSemana que vem teremos an\u00fancios tamb\u00e9m muito importantes, e n\u00e3o apenas de prefeitos. Somente nesta semana, tivemos quase 10 munic\u00edpios nos quais a banda B, como a gente carinhosamente chama, anunciaram apoio \u00e0 nossa pr\u00e9-campanha. At\u00e9 mesmo gente do PT est\u00e1 vindo pra c\u00e1\u201d, disse Neto ao p\u00fablico presente.<\/p>\n<p>Fonte: iBahia<\/p>\n<\/div>\n<\/div>\n<\/div>\n","protected":false},"excerpt":{"rendered":"<p>O pr\u00e9-candidato a governador da Bahia, ACM Neto (Uni\u00e3o Brasil) confirmou na noite desta quinta-feira (14) que recebeu o apoio de mais duas prefeitas que integravam a base governista. T\u00e2nia Yoshida (PSD), de Concei\u00e7\u00e3o do Jacu\u00edpe, e Lu de Gel (PP), de Ant\u00f4nio Cardoso, oficializaram o apoio ao ex-prefeito de Salvador na corrida pelo governo [&hellip;]<\/p>\n","protected":false},"author":1,"featured_media":39774,"comment_status":"closed","ping_status":"open","sticky":false,"template":"","format":"standard","meta":{"_uag_custom_page_level_css":"","_monsterinsights_skip_tracking":false,"_monsterinsights_sitenote_active":false,"_monsterinsights_sitenote_note":"","_monsterinsights_sitenote_category":0,"jetpack_post_was_ever_published":false,"_jetpack_newsletter_access":"","_jetpack_dont_email_post_to_subs":false,"_jetpack_newsletter_tier_id":0,"_jetpack_memberships_contains_paywalled_content":false,"_jetpack_memberships_contains_paid_content":false,"footnotes":"","jetpack_publicize_message":"","jetpack_publicize_feature_enabled":true,"jetpack_social_post_already_shared":true,"jetpack_social_options":{"image_generator_settings":{"template":"highway","default_image_id":0,"font":"","enabled":false},"version":2}},"categories":[199,197],"tags":[1705,1327,8075,2511],"class_list":["post-39773","post","type-post","status-publish","format-standard","has-post-thumbnail","hentry","category-bahia","category-politica","tag-acm-neto","tag-eleicoes-2022","tag-jeronimo-rodrigues","tag-vitoria"],"jetpack_publicize_connections":[],"jetpack_featured_media_url":"https:\/\/blogopara.com.br\/wp-content\/uploads\/2022\/07\/ACM-Neto-e-prefeita.png","uagb_featured_image_src":{"full":["https:\/\/blogopara.com.br\/wp-content\/uploads\/2022\/07\/ACM-Neto-e-prefeita.png",500,350,false],"thumbnail":["https:\/\/blogopara.com.br\/wp-content\/uploads\/2022\/07\/ACM-Neto-e-prefeita-150x150.png",150,150,true],"medium":["https:\/\/blogopara.com.br\/wp-content\/uploads\/2022\/07\/ACM-Neto-e-prefeita-300x210.png",300,210,true],"medium_large":["https:\/\/blogopara.com.br\/wp-content\/uploads\/2022\/07\/ACM-Neto-e-prefeita.png",500,350,false],"large":["https:\/\/blogopara.com.br\/wp-content\/uploads\/2022\/07\/ACM-Neto-e-prefeita.png",500,350,false],"1536x1536":["https:\/\/blogopara.com.br\/wp-content\/uploads\/2022\/07\/ACM-Neto-e-prefeita.png",500,350,false],"2048x2048":["https:\/\/blogopara.com.br\/wp-content\/uploads\/2022\/07\/ACM-Neto-e-prefeita.png",500,350,false],"mantranews-slider-large":["https:\/\/blogopara.com.br\/wp-content\/uploads\/2022\/07\/ACM-Neto-e-prefeita.png",500,350,false],"mantranews-featured-medium":["https:\/\/blogopara.com.br\/wp-content\/uploads\/2022\/07\/ACM-Neto-e-prefeita-420x307.png",420,307,true],"mantranews-featured-long":["https:\/\/blogopara.com.br\/wp-content\/uploads\/2022\/07\/ACM-Neto-e-prefeita-300x350.png",300,350,true],"mantranews-block-medium":["https:\/\/blogopara.com.br\/wp-content\/uploads\/2022\/07\/ACM-Neto-e-prefeita-464x290.png",464,290,true],"mantranews-carousel-image":["https:\/\/blogopara.com.br\/wp-content\/uploads\/2022\/07\/ACM-Neto-e-prefeita.png",500,350,false],"mantranews-block-thumb":["https:\/\/blogopara.com.br\/wp-content\/uploads\/2022\/07\/ACM-Neto-e-prefeita-322x230.png",322,230,true],"mantranews-single-large":["https:\/\/blogopara.com.br\/wp-content\/uploads\/2022\/07\/ACM-Neto-e-prefeita.png",500,350,false]},"uagb_author_info":{"display_name":"Reda\u00e7\u00e3o geral","author_link":"https:\/\/blogopara.com.br\/index.php\/author\/blogopara"},"uagb_comment_info":0,"uagb_excerpt":"O pr\u00e9-candidato a governador da Bahia, ACM Neto (Uni\u00e3o Brasil) confirmou na noite desta quinta-feira (14) que recebeu o apoio de mais duas prefeitas que integravam a base governista. T\u00e2nia Yoshida (PSD), de Concei\u00e7\u00e3o do Jacu\u00edpe, e Lu de Gel (PP), de Ant\u00f4nio Cardoso, oficializaram o apoio ao ex-prefeito de Salvador na corrida pelo governo&hellip;","jetpack_sharing_enabled":true,"jetpack_likes_enabled":true,"_links":{"self":[{"href":"https:\/\/blogopara.com.br\/index.php\/wp-json\/wp\/v2\/posts\/39773","targetHints":{"allow":["GET"]}}],"collection":[{"href":"https:\/\/blogopara.com.br\/index.php\/wp-json\/wp\/v2\/posts"}],"about":[{"href":"https:\/\/blogopara.com.br\/index.php\/wp-json\/wp\/v2\/types\/post"}],"author":[{"embeddable":true,"href":"https:\/\/blogopara.com.br\/index.php\/wp-json\/wp\/v2\/users\/1"}],"replies":[{"embeddable":true,"href":"https:\/\/blogopara.com.br\/index.php\/wp-json\/wp\/v2\/comments?post=39773"}],"version-history":[{"count":1,"href":"https:\/\/blogopara.com.br\/index.php\/wp-json\/wp\/v2\/posts\/39773\/revisions"}],"predecessor-version":[{"id":39775,"href":"https:\/\/blogopara.com.br\/index.php\/wp-json\/wp\/v2\/posts\/39773\/revisions\/39775"}],"wp:featuredmedia":[{"embeddable":true,"href":"https:\/\/blogopara.com.br\/index.php\/wp-json\/wp\/v2\/media\/39774"}],"wp:attachment":[{"href":"https:\/\/blogopara.com.br\/index.php\/wp-json\/wp\/v2\/media?parent=39773"}],"wp:term":[{"taxonomy":"category","embeddable":true,"href":"https:\/\/blogopara.com.br\/index.php\/wp-json\/wp\/v2\/categories?post=39773"},{"taxonomy":"post_tag","embeddable":true,"href":"https:\/\/blogopara.com.br\/index.php\/wp-json\/wp\/v2\/tags?post=39773"}],"curies":[{"name":"wp","href":"https:\/\/api.w.org\/{rel}","templated":true}]}}