{"id":39776,"date":"2022-07-19T08:45:00","date_gmt":"2022-07-19T11:45:00","guid":{"rendered":"https:\/\/blogopara.com.br\/?p=39776"},"modified":"2022-07-17T09:08:27","modified_gmt":"2022-07-17T12:08:27","slug":"acm-neto-ja-soma-o-apoio-de-cerca-de-200-prefeitos-na-disputa-para-governador","status":"publish","type":"post","link":"https:\/\/blogopara.com.br\/index.php\/2022\/07\/19\/acm-neto-ja-soma-o-apoio-de-cerca-de-200-prefeitos-na-disputa-para-governador","title":{"rendered":"ACM Neto j\u00e1 soma o apoio de cerca de 200 prefeitos na disputa para governador"},"content":{"rendered":"<p class=\"bodytext\" style=\"text-align: justify;\">Pr\u00e9-candidato da Uni\u00e3o Brasil ao governo do estado, ACM Neto\u00a0j\u00e1 consolidou o apoio oficial de aproximadamente 200 dos 417 prefeitos baianos na disputa pelo Pal\u00e1cio de Ondina, de acordo com o balan\u00e7o mais atual fornecido \u00e0 coluna pelo comando pol\u00edtico da pr\u00e9-campanha do ex-prefeito de Salvador. A marca foi alcan\u00e7ada ap\u00f3s as ades\u00f5es de tr\u00eas novos nomes: Nilza da Mata (PP), de S\u00e3o Sebasti\u00e3o do Pass\u00e9; Doutor Almeida (Pros), de Canavieiras; e Fortunato Costa, o Nena (PSD), de Inhambupe, \u00faltimo a entrar na lista. &#8220;Temos ao menos outros 30 com acordo fechado, mas ainda sob sigilo&#8221;, disse o ex-deputado Luciano Ribeiro, um dos articuladores de Neto junto \u00e0s lideran\u00e7as do interior.<\/p>\n<p class=\"bodytext\" style=\"text-align: justify;\"><strong>Primeira vez<\/strong><br \/>\n&#8220;Jamais se viu um candidato de oposi\u00e7\u00e3o a governador da Bahia somar uma quantidade t\u00e3o expressiva de prefeitos antes do per\u00edodo eleitoral. Isso \u00e9 in\u00e9dito. O n\u00famero s\u00f3 n\u00e3o est\u00e1 maior porque o governo do PT conseguiu manter apoio por mais algum tempo usando o caixa da m\u00e1quina p\u00fablica do estado&#8221;, emendou Ribeiro.<\/p>\n<div class=\"single-publicidade\" style=\"text-align: justify;\">\n<div id=\"sosevnocorreio_300x250_01\"><strong style=\"font-size: revert; color: initial;\">Milagre da multiplica\u00e7\u00e3o<\/strong><\/div>\n<\/div>\n<p class=\"bodytext\" style=\"text-align: justify;\">No balan\u00e7o de alian\u00e7as confirmadas, al\u00e9m da capital, Neto conquistou o apoio dos prefeitos de sete dos dez maiores col\u00e9gios eleitorais do interior: Feira de Santana, Vit\u00f3ria da Conquista, Cama\u00e7ari, Juazeiro, Jequi\u00e9, Teixeira de Freitas e Barreiras. O que garante a ele uma base de votos numericamente superior \u00e0 do principal concorrente, Jer\u00f4nimo Rodrigues. O dom\u00ednio se estende tamb\u00e9m quando a lista \u00e9 ampliada para os 30 munic\u00edpios mais populosos, com 18 aliados, quase o dobro dos dez aliados do petista. Nas 13 cidades da Regi\u00e3o Metropolitana de Salvador, Neto tem oito prefeitos e est\u00e1 prestes a atrair outros dois.<\/p>\n<p class=\"bodytext\" style=\"text-align: justify;\"><strong>Quebra de barreira<\/strong><br \/>\nDisposto a expandir o mapa de alian\u00e7as, o ex-prefeito intensificou a agenda de viagens. De amanh\u00e3 a domingo, ACM Neto bater\u00e1 o recorde de visitas feitas de uma s\u00f3 leva, com o p\u00e9riplo por 14 munic\u00edpios: Teodoro Sampaio, Terra Nova, Cruz das almas, Concei\u00e7\u00e3o do Almeida, Dom Macedo, S\u00e3o F\u00e9lix, Cachoeira, Governador Mangabeira, Sapea\u00e7u, S\u00e3o Felipe, S\u00e3o Miguel das Matas, Castro Alves, Amargosa e Itatim. At\u00e9 ent\u00e3o, o maior n\u00famero foi registrado de 19 a 22 de maio, com 12 cidades.<\/p>\n<p class=\"bodytext\" style=\"text-align: justify;\"><strong>Nem um pio<\/strong><br \/>\nIntegrantes da base aliada ao Pal\u00e1cio Thom\u00e9 de Souza na C\u00e2mara de Salvador estranharam o sil\u00eancio das tr\u00eas vereadoras ligadas ao movimento feminista diante das den\u00fancias de ass\u00e9dio moral apresentadas por advogadas e servidoras do Legislativo municipal contra o procurador jur\u00eddico da Casa, Marcus Vin\u00edcius Leal Gon\u00e7alves.<\/p>\n<div class=\"single-publicidade\" style=\"text-align: justify;\">\n<div id=\"div-gpt-ad-1558981264142-0\" data-google-query-id=\"CICw5-_w__gCFS-5lQIdu9wPJg\">\n<div id=\"google_ads_iframe_\/44585206\/c24h_internas_300x250_03_0__container__\"><strong style=\"font-size: revert; color: initial;\">Olho fechado<\/strong><\/div>\n<\/div>\n<\/div>\n<p class=\"bodytext\" style=\"text-align: justify;\">Em vez da press\u00e3o costumeira com a qual reagem nos casos em que mulheres s\u00e3o v\u00edtimas de qualquer forma de viol\u00eancia, seja f\u00edsica ou psicol\u00f3gica, as vereadoras Lainas Pretas por Salvador (Psol), Maria Marighella (PT) e Marta Rodrigues (PT), irm\u00e3 do candidato petista a governador, sequer tocaram no assunto.<\/p>\n<blockquote>\n<p class=\"bodytext\" style=\"text-align: justify;\"><strong>As pessoas est\u00e3o passando fome, mas o governo do estado n\u00e3o faz nada para ajudar. N\u00e3o \u00e9 justo com a popula\u00e7\u00e3o mais pobre. A Bahia n\u00e3o merece ser palco desse cen\u00e1rio<\/strong><br \/>\nPaulo C\u00e2mara, deputado estadual do PSDB, ao postar v\u00eddeos onde moradores de baixa renda do estado relatam dificuldades para receber apoio do Executivo estadual e comprar comida<\/p>\n<\/blockquote>\n","protected":false},"excerpt":{"rendered":"<p>Pr\u00e9-candidato da Uni\u00e3o Brasil ao governo do estado, ACM Neto\u00a0j\u00e1 consolidou o apoio oficial de aproximadamente 200 dos 417 prefeitos baianos na disputa pelo Pal\u00e1cio de Ondina, de acordo com o balan\u00e7o mais atual fornecido \u00e0 coluna pelo comando pol\u00edtico da pr\u00e9-campanha do ex-prefeito de Salvador. A marca foi alcan\u00e7ada ap\u00f3s as ades\u00f5es de tr\u00eas [&hellip;]<\/p>\n","protected":false},"author":1,"featured_media":38072,"comment_status":"closed","ping_status":"open","sticky":false,"template":"","format":"standard","meta":{"_uag_custom_page_level_css":"","_monsterinsights_skip_tracking":false,"_monsterinsights_sitenote_active":false,"_monsterinsights_sitenote_note":"","_monsterinsights_sitenote_category":0,"jetpack_post_was_ever_published":false,"_jetpack_newsletter_access":"","_jetpack_dont_email_post_to_subs":false,"_jetpack_newsletter_tier_id":0,"_jetpack_memberships_contains_paywalled_content":false,"_jetpack_memberships_contains_paid_content":false,"footnotes":"","jetpack_publicize_message":"","jetpack_publicize_feature_enabled":true,"jetpack_social_post_already_shared":true,"jetpack_social_options":{"image_generator_settings":{"template":"highway","default_image_id":0,"font":"","enabled":false},"version":2}},"categories":[199,197],"tags":[1705,1327,8075,290],"class_list":["post-39776","post","type-post","status-publish","format-standard","has-post-thumbnail","hentry","category-bahia","category-politica","tag-acm-neto","tag-eleicoes-2022","tag-jeronimo-rodrigues","tag-pt-bahia"],"jetpack_publicize_connections":[],"jetpack_featured_media_url":"https:\/\/blogopara.com.br\/wp-content\/uploads\/2022\/06\/Portal-Acesse-Politica-O-site-de-politica-mais-acessado-da-Bahia-acessepolitica.com_.br-acm-neto-433.jpg","uagb_featured_image_src":{"full":["https:\/\/blogopara.com.br\/wp-content\/uploads\/2022\/06\/Portal-Acesse-Politica-O-site-de-politica-mais-acessado-da-Bahia-acessepolitica.com_.br-acm-neto-433.jpg",500,328,false],"thumbnail":["https:\/\/blogopara.com.br\/wp-content\/uploads\/2022\/06\/Portal-Acesse-Politica-O-site-de-politica-mais-acessado-da-Bahia-acessepolitica.com_.br-acm-neto-433-150x150.jpg",150,150,true],"medium":["https:\/\/blogopara.com.br\/wp-content\/uploads\/2022\/06\/Portal-Acesse-Politica-O-site-de-politica-mais-acessado-da-Bahia-acessepolitica.com_.br-acm-neto-433-300x197.jpg",300,197,true],"medium_large":["https:\/\/blogopara.com.br\/wp-content\/uploads\/2022\/06\/Portal-Acesse-Politica-O-site-de-politica-mais-acessado-da-Bahia-acessepolitica.com_.br-acm-neto-433.jpg",500,328,false],"large":["https:\/\/blogopara.com.br\/wp-content\/uploads\/2022\/06\/Portal-Acesse-Politica-O-site-de-politica-mais-acessado-da-Bahia-acessepolitica.com_.br-acm-neto-433.jpg",500,328,false],"1536x1536":["https:\/\/blogopara.com.br\/wp-content\/uploads\/2022\/06\/Portal-Acesse-Politica-O-site-de-politica-mais-acessado-da-Bahia-acessepolitica.com_.br-acm-neto-433.jpg",500,328,false],"2048x2048":["https:\/\/blogopara.com.br\/wp-content\/uploads\/2022\/06\/Portal-Acesse-Politica-O-site-de-politica-mais-acessado-da-Bahia-acessepolitica.com_.br-acm-neto-433.jpg",500,328,false],"mantranews-slider-large":["https:\/\/blogopara.com.br\/wp-content\/uploads\/2022\/06\/Portal-Acesse-Politica-O-site-de-politica-mais-acessado-da-Bahia-acessepolitica.com_.br-acm-neto-433.jpg",500,328,false],"mantranews-featured-medium":["https:\/\/blogopara.com.br\/wp-content\/uploads\/2022\/06\/Portal-Acesse-Politica-O-site-de-politica-mais-acessado-da-Bahia-acessepolitica.com_.br-acm-neto-433-420x307.jpg",420,307,true],"mantranews-featured-long":["https:\/\/blogopara.com.br\/wp-content\/uploads\/2022\/06\/Portal-Acesse-Politica-O-site-de-politica-mais-acessado-da-Bahia-acessepolitica.com_.br-acm-neto-433-300x328.jpg",300,328,true],"mantranews-block-medium":["https:\/\/blogopara.com.br\/wp-content\/uploads\/2022\/06\/Portal-Acesse-Politica-O-site-de-politica-mais-acessado-da-Bahia-acessepolitica.com_.br-acm-neto-433-464x290.jpg",464,290,true],"mantranews-carousel-image":["https:\/\/blogopara.com.br\/wp-content\/uploads\/2022\/06\/Portal-Acesse-Politica-O-site-de-politica-mais-acessado-da-Bahia-acessepolitica.com_.br-acm-neto-433.jpg",500,328,false],"mantranews-block-thumb":["https:\/\/blogopara.com.br\/wp-content\/uploads\/2022\/06\/Portal-Acesse-Politica-O-site-de-politica-mais-acessado-da-Bahia-acessepolitica.com_.br-acm-neto-433-322x230.jpg",322,230,true],"mantranews-single-large":["https:\/\/blogopara.com.br\/wp-content\/uploads\/2022\/06\/Portal-Acesse-Politica-O-site-de-politica-mais-acessado-da-Bahia-acessepolitica.com_.br-acm-neto-433.jpg",500,328,false]},"uagb_author_info":{"display_name":"Reda\u00e7\u00e3o geral","author_link":"https:\/\/blogopara.com.br\/index.php\/author\/blogopara"},"uagb_comment_info":0,"uagb_excerpt":"Pr\u00e9-candidato da Uni\u00e3o Brasil ao governo do estado, ACM Neto\u00a0j\u00e1 consolidou o apoio oficial de aproximadamente 200 dos 417 prefeitos baianos na disputa pelo Pal\u00e1cio de Ondina, de acordo com o balan\u00e7o mais atual fornecido \u00e0 coluna pelo comando pol\u00edtico da pr\u00e9-campanha do ex-prefeito de Salvador. A marca foi alcan\u00e7ada ap\u00f3s as ades\u00f5es de tr\u00eas&hellip;","jetpack_sharing_enabled":true,"jetpack_likes_enabled":true,"_links":{"self":[{"href":"https:\/\/blogopara.com.br\/index.php\/wp-json\/wp\/v2\/posts\/39776","targetHints":{"allow":["GET"]}}],"collection":[{"href":"https:\/\/blogopara.com.br\/index.php\/wp-json\/wp\/v2\/posts"}],"about":[{"href":"https:\/\/blogopara.com.br\/index.php\/wp-json\/wp\/v2\/types\/post"}],"author":[{"embeddable":true,"href":"https:\/\/blogopara.com.br\/index.php\/wp-json\/wp\/v2\/users\/1"}],"replies":[{"embeddable":true,"href":"https:\/\/blogopara.com.br\/index.php\/wp-json\/wp\/v2\/comments?post=39776"}],"version-history":[{"count":1,"href":"https:\/\/blogopara.com.br\/index.php\/wp-json\/wp\/v2\/posts\/39776\/revisions"}],"predecessor-version":[{"id":39777,"href":"https:\/\/blogopara.com.br\/index.php\/wp-json\/wp\/v2\/posts\/39776\/revisions\/39777"}],"wp:featuredmedia":[{"embeddable":true,"href":"https:\/\/blogopara.com.br\/index.php\/wp-json\/wp\/v2\/media\/38072"}],"wp:attachment":[{"href":"https:\/\/blogopara.com.br\/index.php\/wp-json\/wp\/v2\/media?parent=39776"}],"wp:term":[{"taxonomy":"category","embeddable":true,"href":"https:\/\/blogopara.com.br\/index.php\/wp-json\/wp\/v2\/categories?post=39776"},{"taxonomy":"post_tag","embeddable":true,"href":"https:\/\/blogopara.com.br\/index.php\/wp-json\/wp\/v2\/tags?post=39776"}],"curies":[{"name":"wp","href":"https:\/\/api.w.org\/{rel}","templated":true}]}}