{"id":39784,"date":"2022-07-17T19:32:00","date_gmt":"2022-07-17T22:32:00","guid":{"rendered":"https:\/\/blogopara.com.br\/?p=39784"},"modified":"2022-07-17T11:53:30","modified_gmt":"2022-07-17T14:53:30","slug":"chegada-do-5g-no-brasil-anima-varejo-de-eletronicos","status":"publish","type":"post","link":"https:\/\/blogopara.com.br\/index.php\/2022\/07\/17\/chegada-do-5g-no-brasil-anima-varejo-de-eletronicos","title":{"rendered":"Chegada do 5G no Brasil anima varejo de eletr\u00f4nicos"},"content":{"rendered":"<div style=\"text-align: justify;\">A chegada do 5G ao Brasil deu uma inje\u00e7\u00e3o de \u00e2nimo no setor varejista de eletroeletr\u00f4nicos e eletrodom\u00e9sticos, que representa 2,5% do PIB Industrial. O segmento apresentou uma retra\u00e7\u00e3o de 24% nas vendas nos primeiros cinco meses de 2022 em rela\u00e7\u00e3o ao mesmo per\u00edodo do ano passado. Segundo os dados compilados pela Associa\u00e7\u00e3o Nacional dos Fabricantes Nacionais de Produtos Eletroeletr\u00f4nicos e Eletrodom\u00e9sticos (Eletros), a expectativa \u00e9 de recupera\u00e7\u00e3o parcial dos resultados no segundo semestre, impulsionada pela chegada da nova tecnologia, que deve trazer maior valor agregado aos produtos.<\/div>\n<div>\n<div style=\"text-align: justify;\">&#8220;O governo disse que at\u00e9 o final deste ano conseguir\u00e1 alcan\u00e7ar todas as capitais. Se no meio do ano que vem tivermos nessas capitais ao menos 40% da nossa cobertura de internet 5G, teremos um ganho significativo no setor, que \u00e9 a mola precursora&#8221;, declarou o presidente-executivo da Eletros, Jorge Nascimento, durante a Eletrolar Show All Connected, maior feira de neg\u00f3cios entre a ind\u00fastria e o varejo da Am\u00e9rica Latina, que aconteceu nesta semana em S\u00e3o Paulo.<\/div>\n<div style=\"text-align: justify;\"><\/div>\n<div style=\"text-align: justify;\">Para al\u00e9m de uma corrida para a troca de aparelhos celulares contemplados pelo sinal, a chegada da rede deve ampliar o uso da intelig\u00eancia artificial (IA) e da internet das coisas (IoT), ou seja, produtos interconectados. &#8220;A ind\u00fastria est\u00e1 com uma quantidade de lan\u00e7amentos bem significativa e os avan\u00e7os da tecnologia v\u00e3o proporcionar uma nova experi\u00eancia em segmentos da \u00e1rea de climatiza\u00e7\u00e3o, celulares, televisores, o mercado gamer, al\u00e9m da \u00e1rea de mobilidade urbana&#8221;, afirmou Carlos Clur, CEO do Grupo Eletrolar. S\u00f3 o setor de games movimentou mais de R$ 2 bilh\u00f5es no Brasil em 2021 e a previs\u00e3o para este ano segue promissora, com uma expectativa de crescimento de 7,2%.<\/div>\n<div style=\"text-align: justify;\"><\/div>\n<div style=\"text-align: justify;\">Apesar do cen\u00e1rio macroecon\u00f4mico desafiador, caracterizado pela alta inflacion\u00e1ria, taxas de juros elevadas, varia\u00e7\u00e3o cambial e elevado custo de produ\u00e7\u00e3o, com o arrefecimento da pandemia, o setor de varejo passou a disputar parte da renda das fam\u00edlias com o setor de servi\u00e7os. &#8220;Na pandemia, apesar de um per\u00edodo ca\u00f3tico registrado nos primeiros meses, n\u00e3o apenas recuperamos as vendas como registramos resultados surpreendentes. O isolamento fez com que o consumidor investisse em melhorias no lar. Hoje, com a crise sanit\u00e1ria de certa forma sob controle, h\u00e1 uma expectativa de melhora no poder de compra&#8221;, avaliou o presidente-executivo da Eletros.<\/div>\n<div style=\"text-align: justify;\"><\/div>\n<div style=\"text-align: justify;\">No geral, estima-se um aumento de 3,8% nas vendas do varejo este ano, de acordo com relat\u00f3rio da EMIS, plataforma digital do Grupo ISI Emerging Markets. O setor confia em uma recupera\u00e7\u00e3o moderada dos resultados no segundo semestre, per\u00edodo que concentra a sazonalidade das vendas de datas importantes para o segmento, como a Black Friday e o Natal. A Copa do Mundo, de acordo com representantes do setor, tamb\u00e9m deve se converter em um aquecimento nas vendas de alguns produtos, em especial de televisores.<\/div>\n<\/div>\n<div><\/div>\n<div><\/div>\n<div>Fonte: DP<\/div>\n","protected":false},"excerpt":{"rendered":"<p>A chegada do 5G ao Brasil deu uma inje\u00e7\u00e3o de \u00e2nimo no setor varejista de eletroeletr\u00f4nicos e eletrodom\u00e9sticos, que representa 2,5% do PIB Industrial. O segmento apresentou uma retra\u00e7\u00e3o de 24% nas vendas nos primeiros cinco meses de 2022 em rela\u00e7\u00e3o ao mesmo per\u00edodo do ano passado. Segundo os dados compilados pela Associa\u00e7\u00e3o Nacional dos [&hellip;]<\/p>\n","protected":false},"author":1,"featured_media":39299,"comment_status":"closed","ping_status":"open","sticky":false,"template":"","format":"standard","meta":{"_uag_custom_page_level_css":"","_monsterinsights_skip_tracking":false,"_monsterinsights_sitenote_active":false,"_monsterinsights_sitenote_note":"","_monsterinsights_sitenote_category":0,"jetpack_post_was_ever_published":false,"_jetpack_newsletter_access":"","_jetpack_dont_email_post_to_subs":false,"_jetpack_newsletter_tier_id":0,"_jetpack_memberships_contains_paywalled_content":false,"_jetpack_memberships_contains_paid_content":false,"footnotes":"","jetpack_publicize_message":"","jetpack_publicize_feature_enabled":true,"jetpack_social_post_already_shared":true,"jetpack_social_options":{"image_generator_settings":{"template":"highway","default_image_id":0,"font":"","enabled":false},"version":2}},"categories":[200,10072],"tags":[],"class_list":["post-39784","post","type-post","status-publish","format-standard","has-post-thumbnail","hentry","category-brasil","category-tecnologia-2"],"jetpack_publicize_connections":[],"jetpack_featured_media_url":"https:\/\/blogopara.com.br\/wp-content\/uploads\/2022\/07\/5g.jpg","uagb_featured_image_src":{"full":["https:\/\/blogopara.com.br\/wp-content\/uploads\/2022\/07\/5g.jpg",500,300,false],"thumbnail":["https:\/\/blogopara.com.br\/wp-content\/uploads\/2022\/07\/5g-150x150.jpg",150,150,true],"medium":["https:\/\/blogopara.com.br\/wp-content\/uploads\/2022\/07\/5g-300x180.jpg",300,180,true],"medium_large":["https:\/\/blogopara.com.br\/wp-content\/uploads\/2022\/07\/5g.jpg",500,300,false],"large":["https:\/\/blogopara.com.br\/wp-content\/uploads\/2022\/07\/5g.jpg",500,300,false],"1536x1536":["https:\/\/blogopara.com.br\/wp-content\/uploads\/2022\/07\/5g.jpg",500,300,false],"2048x2048":["https:\/\/blogopara.com.br\/wp-content\/uploads\/2022\/07\/5g.jpg",500,300,false],"mantranews-slider-large":["https:\/\/blogopara.com.br\/wp-content\/uploads\/2022\/07\/5g.jpg",500,300,false],"mantranews-featured-medium":["https:\/\/blogopara.com.br\/wp-content\/uploads\/2022\/07\/5g-420x300.jpg",420,300,true],"mantranews-featured-long":["https:\/\/blogopara.com.br\/wp-content\/uploads\/2022\/07\/5g-300x300.jpg",300,300,true],"mantranews-block-medium":["https:\/\/blogopara.com.br\/wp-content\/uploads\/2022\/07\/5g-464x290.jpg",464,290,true],"mantranews-carousel-image":["https:\/\/blogopara.com.br\/wp-content\/uploads\/2022\/07\/5g.jpg",500,300,false],"mantranews-block-thumb":["https:\/\/blogopara.com.br\/wp-content\/uploads\/2022\/07\/5g-322x230.jpg",322,230,true],"mantranews-single-large":["https:\/\/blogopara.com.br\/wp-content\/uploads\/2022\/07\/5g.jpg",500,300,false]},"uagb_author_info":{"display_name":"Reda\u00e7\u00e3o geral","author_link":"https:\/\/blogopara.com.br\/index.php\/author\/blogopara"},"uagb_comment_info":0,"uagb_excerpt":"A chegada do 5G ao Brasil deu uma inje\u00e7\u00e3o de \u00e2nimo no setor varejista de eletroeletr\u00f4nicos e eletrodom\u00e9sticos, que representa 2,5% do PIB Industrial. O segmento apresentou uma retra\u00e7\u00e3o de 24% nas vendas nos primeiros cinco meses de 2022 em rela\u00e7\u00e3o ao mesmo per\u00edodo do ano passado. Segundo os dados compilados pela Associa\u00e7\u00e3o Nacional dos&hellip;","jetpack_sharing_enabled":true,"jetpack_likes_enabled":true,"_links":{"self":[{"href":"https:\/\/blogopara.com.br\/index.php\/wp-json\/wp\/v2\/posts\/39784","targetHints":{"allow":["GET"]}}],"collection":[{"href":"https:\/\/blogopara.com.br\/index.php\/wp-json\/wp\/v2\/posts"}],"about":[{"href":"https:\/\/blogopara.com.br\/index.php\/wp-json\/wp\/v2\/types\/post"}],"author":[{"embeddable":true,"href":"https:\/\/blogopara.com.br\/index.php\/wp-json\/wp\/v2\/users\/1"}],"replies":[{"embeddable":true,"href":"https:\/\/blogopara.com.br\/index.php\/wp-json\/wp\/v2\/comments?post=39784"}],"version-history":[{"count":1,"href":"https:\/\/blogopara.com.br\/index.php\/wp-json\/wp\/v2\/posts\/39784\/revisions"}],"predecessor-version":[{"id":39785,"href":"https:\/\/blogopara.com.br\/index.php\/wp-json\/wp\/v2\/posts\/39784\/revisions\/39785"}],"wp:featuredmedia":[{"embeddable":true,"href":"https:\/\/blogopara.com.br\/index.php\/wp-json\/wp\/v2\/media\/39299"}],"wp:attachment":[{"href":"https:\/\/blogopara.com.br\/index.php\/wp-json\/wp\/v2\/media?parent=39784"}],"wp:term":[{"taxonomy":"category","embeddable":true,"href":"https:\/\/blogopara.com.br\/index.php\/wp-json\/wp\/v2\/categories?post=39784"},{"taxonomy":"post_tag","embeddable":true,"href":"https:\/\/blogopara.com.br\/index.php\/wp-json\/wp\/v2\/tags?post=39784"}],"curies":[{"name":"wp","href":"https:\/\/api.w.org\/{rel}","templated":true}]}}