{"id":39797,"date":"2022-07-18T08:00:00","date_gmt":"2022-07-18T11:00:00","guid":{"rendered":"https:\/\/blogopara.com.br\/?p=39797"},"modified":"2022-07-18T00:19:27","modified_gmt":"2022-07-18T03:19:27","slug":"organizacao-seguranca-orla-cheia-alegria-e-muitos-elogios-marcam-copa-fest-em-juazeiro","status":"publish","type":"post","link":"https:\/\/blogopara.com.br\/index.php\/2022\/07\/18\/organizacao-seguranca-orla-cheia-alegria-e-muitos-elogios-marcam-copa-fest-em-juazeiro","title":{"rendered":"Organiza\u00e7\u00e3o, seguran\u00e7a, Orla cheia, alegria e muitos elogios marcam Copa Fest em Juazeiro"},"content":{"rendered":"<p>Sucesso total! \u00c9 assim que a Prefeitura de Juazeiro classifica a Copa Fest, evento integrado com a Copa Vela, que movimentou a Orla II da cidade na sexta-feira (15) e s\u00e1bado (16). Com atra\u00e7\u00f5es de primeira qualidade, o evento est\u00e1 sendo aclamado pelo p\u00fablico que n\u00e3o tem economizado elogios \u00e0 organiza\u00e7\u00e3o, estrutura e seguran\u00e7a. Olodum, Filhos de Jorge, Dan Jamaica, Ton Bahia e a Banda Mirage fizeram a festa neste s\u00e1bado, colocando todo mundo para cair na dan\u00e7a.<\/p>\n<p>A estudante Luana Andrade acompanhou os dois dias de festa e n\u00e3o poupou elogios \u00e0 Prefeitura de Juazeiro. \u201cUm megaevento que merece todo o nosso reconhecimento, pela organiza\u00e7\u00e3o, seguran\u00e7a e alegria contagiante das atra\u00e7\u00f5es, que t\u00eam a marca da Bahia registrada em suas carreiras. Tudo de primeira qualidade, sem esquecer as pratas da casa, que tamb\u00e9m deram show. Vim os dois dias e j\u00e1 estou&nbsp; animada para a segunda edi\u00e7\u00e3o. Est\u00e3o todos de parab\u00e9ns!\u201d, expressou Luana.<\/p>\n<p>J\u00e1 Ana Alice Ara\u00fajo levou toda a fam\u00edlia para curtir em clima de carnaval. \u201cEu trouxe a fam\u00edlia toda para curtir a festa. Estou muito animada com as atra\u00e7\u00f5es que a prefeitura colocou. S\u00f3 m\u00fasica boa, que remete ao carnaval. Est\u00e1vamos com muita saudade desse clima contagiante. S\u00f3 tenho elogios\u201d, afirmou.<\/p>\n<p>A prefeita Suzana Ramos, emocionada, agradeceu o reconhecimento das pessoas pela realiza\u00e7\u00e3o da festa. \u201cEsse reconhecimento das pessoas \u00e9 o que nos motiva para promover eventos desse porte, que fazem com que a nossa cidade vibre com essa felicidade contagiante. Pensamos em tudo para agradar a todos e estamos vendo que a festa fez muito sucesso e ficar\u00e1 marcada na hist\u00f3ria, especialmente por conta da sua grandiosidade, da organiza\u00e7\u00e3o, o apoio dos \u00f3rg\u00e3os de seguran\u00e7a e todo o aparato da prefeitura, atrav\u00e9s das nossas secretarias envolvidas diretamente com a festa\u201d, declarou a gestora.<\/p>\n<p>Para Joyce Ribeiro, que foi curtir as atra\u00e7\u00f5es deste s\u00e1bado, a prefeitura deu um show de organiza\u00e7\u00e3o. \u201cA festa est\u00e1 muito boa! Depois de dois anos de pandemia sem festas, a prefeitura deu um show de organiza\u00e7\u00e3o e seguran\u00e7a para os cuidad\u00f5es juazeirenses. Al\u00e9m das atra\u00e7\u00f5es incr\u00edveis que est\u00e3o sendo proporcionadas\u201d, falou Joyce.<\/p>\n<p>Juliana Nogueira classificou a Copa Fest como \u201cmaravilhosa\u201d. \u201cEstou achando maravilhoso, amei tudo. T\u00e1 de parab\u00e9ns! Essa \u00e9 a primeira vez que eu vejo uma festa dessa no anivers\u00e1rio da cidade, adorei\u201d, resumiu.<\/p>\n<p><strong>&nbsp;<\/strong><strong>Repercuss\u00e3o nas redes sociais <\/strong><\/p>\n<p>A aprova\u00e7\u00e3o do p\u00fablico tamb\u00e9m veio por meio das redes sociais e atrav\u00e9s da transmiss\u00e3o ao vivo pelos canais da Prefeitura de Juazeiro e da Rede Voc\u00ea TV, no YouTube, alcan\u00e7ando grande repercuss\u00e3o e ganhando coment\u00e1rios e elogios. \u201cJuazeiro est\u00e1 de parab\u00e9ns pela sua comemora\u00e7\u00e3o de anivers\u00e1rio. Parab\u00e9ns prefeita Suzana Ramos\u201d, elogiou o internauta Jonatan Oliveira. \u201cQue massa. Muito show!!\u201d, escreveu Sandro Costa.<\/p>\n<p><strong>Copa Vela<\/strong><\/p>\n<p>Neste domingo (17) vai acontecer a final da Copa Vela, que vai premiar os melhores do t\u00edtulo Norte e Nordeste de Windsurf. A final acontecer\u00e1 a partir das 9h, na Orla, e vai contar com shows das bandas Doctor Blues, Lara Bless, Samba de Mezza e Matheus Torres, fechando o evento com chave de ouro.<\/p>\n<p>Ascom PMJ<\/p>\n","protected":false},"excerpt":{"rendered":"<p>Sucesso total! \u00c9 assim que a Prefeitura de Juazeiro classifica a Copa Fest, evento integrado com a Copa Vela, que movimentou a Orla II da cidade na sexta-feira (15) e s\u00e1bado (16). Com atra\u00e7\u00f5es de primeira qualidade, o evento est\u00e1 sendo aclamado pelo p\u00fablico que n\u00e3o tem economizado elogios \u00e0 organiza\u00e7\u00e3o, estrutura e seguran\u00e7a. Olodum, [&hellip;]<\/p>\n","protected":false},"author":1,"featured_media":39798,"comment_status":"closed","ping_status":"open","sticky":false,"template":"","format":"standard","meta":{"_uag_custom_page_level_css":"","_monsterinsights_skip_tracking":false,"_monsterinsights_sitenote_active":false,"_monsterinsights_sitenote_note":"","_monsterinsights_sitenote_category":0,"jetpack_post_was_ever_published":false,"_jetpack_newsletter_access":"","_jetpack_dont_email_post_to_subs":false,"_jetpack_newsletter_tier_id":0,"_jetpack_memberships_contains_paywalled_content":false,"_jetpack_memberships_contains_paid_content":false,"footnotes":"","jetpack_publicize_message":"","jetpack_publicize_feature_enabled":true,"jetpack_social_post_already_shared":true,"jetpack_social_options":{"image_generator_settings":{"template":"highway","default_image_id":0,"font":"","enabled":false},"version":2}},"categories":[203],"tags":[340,320],"class_list":["post-39797","post","type-post","status-publish","format-standard","has-post-thumbnail","hentry","category-juazeiro","tag-prefeitura-de-juazeiro","tag-sou-mais-juazeiro"],"jetpack_publicize_connections":[],"jetpack_featured_media_url":"https:\/\/blogopara.com.br\/wp-content\/uploads\/2022\/07\/COPA-1.jpg","uagb_featured_image_src":{"full":["https:\/\/blogopara.com.br\/wp-content\/uploads\/2022\/07\/COPA-1.jpg",500,333,false],"thumbnail":["https:\/\/blogopara.com.br\/wp-content\/uploads\/2022\/07\/COPA-1-150x150.jpg",150,150,true],"medium":["https:\/\/blogopara.com.br\/wp-content\/uploads\/2022\/07\/COPA-1-300x200.jpg",300,200,true],"medium_large":["https:\/\/blogopara.com.br\/wp-content\/uploads\/2022\/07\/COPA-1.jpg",500,333,false],"large":["https:\/\/blogopara.com.br\/wp-content\/uploads\/2022\/07\/COPA-1.jpg",500,333,false],"1536x1536":["https:\/\/blogopara.com.br\/wp-content\/uploads\/2022\/07\/COPA-1.jpg",500,333,false],"2048x2048":["https:\/\/blogopara.com.br\/wp-content\/uploads\/2022\/07\/COPA-1.jpg",500,333,false],"mantranews-slider-large":["https:\/\/blogopara.com.br\/wp-content\/uploads\/2022\/07\/COPA-1.jpg",500,333,false],"mantranews-featured-medium":["https:\/\/blogopara.com.br\/wp-content\/uploads\/2022\/07\/COPA-1-420x307.jpg",420,307,true],"mantranews-featured-long":["https:\/\/blogopara.com.br\/wp-content\/uploads\/2022\/07\/COPA-1-300x333.jpg",300,333,true],"mantranews-block-medium":["https:\/\/blogopara.com.br\/wp-content\/uploads\/2022\/07\/COPA-1-464x290.jpg",464,290,true],"mantranews-carousel-image":["https:\/\/blogopara.com.br\/wp-content\/uploads\/2022\/07\/COPA-1.jpg",500,333,false],"mantranews-block-thumb":["https:\/\/blogopara.com.br\/wp-content\/uploads\/2022\/07\/COPA-1-322x230.jpg",322,230,true],"mantranews-single-large":["https:\/\/blogopara.com.br\/wp-content\/uploads\/2022\/07\/COPA-1.jpg",500,333,false]},"uagb_author_info":{"display_name":"Reda\u00e7\u00e3o geral","author_link":"https:\/\/blogopara.com.br\/index.php\/author\/blogopara"},"uagb_comment_info":0,"uagb_excerpt":"Sucesso total! \u00c9 assim que a Prefeitura de Juazeiro classifica a Copa Fest, evento integrado com a Copa Vela, que movimentou a Orla II da cidade na sexta-feira (15) e s\u00e1bado (16). Com atra\u00e7\u00f5es de primeira qualidade, o evento est\u00e1 sendo aclamado pelo p\u00fablico que n\u00e3o tem economizado elogios \u00e0 organiza\u00e7\u00e3o, estrutura e seguran\u00e7a. Olodum,&hellip;","jetpack_sharing_enabled":true,"jetpack_likes_enabled":true,"_links":{"self":[{"href":"https:\/\/blogopara.com.br\/index.php\/wp-json\/wp\/v2\/posts\/39797","targetHints":{"allow":["GET"]}}],"collection":[{"href":"https:\/\/blogopara.com.br\/index.php\/wp-json\/wp\/v2\/posts"}],"about":[{"href":"https:\/\/blogopara.com.br\/index.php\/wp-json\/wp\/v2\/types\/post"}],"author":[{"embeddable":true,"href":"https:\/\/blogopara.com.br\/index.php\/wp-json\/wp\/v2\/users\/1"}],"replies":[{"embeddable":true,"href":"https:\/\/blogopara.com.br\/index.php\/wp-json\/wp\/v2\/comments?post=39797"}],"version-history":[{"count":2,"href":"https:\/\/blogopara.com.br\/index.php\/wp-json\/wp\/v2\/posts\/39797\/revisions"}],"predecessor-version":[{"id":39802,"href":"https:\/\/blogopara.com.br\/index.php\/wp-json\/wp\/v2\/posts\/39797\/revisions\/39802"}],"wp:featuredmedia":[{"embeddable":true,"href":"https:\/\/blogopara.com.br\/index.php\/wp-json\/wp\/v2\/media\/39798"}],"wp:attachment":[{"href":"https:\/\/blogopara.com.br\/index.php\/wp-json\/wp\/v2\/media?parent=39797"}],"wp:term":[{"taxonomy":"category","embeddable":true,"href":"https:\/\/blogopara.com.br\/index.php\/wp-json\/wp\/v2\/categories?post=39797"},{"taxonomy":"post_tag","embeddable":true,"href":"https:\/\/blogopara.com.br\/index.php\/wp-json\/wp\/v2\/tags?post=39797"}],"curies":[{"name":"wp","href":"https:\/\/api.w.org\/{rel}","templated":true}]}}