{"id":39800,"date":"2022-07-18T07:45:00","date_gmt":"2022-07-18T10:45:00","guid":{"rendered":"https:\/\/blogopara.com.br\/?p=39800"},"modified":"2022-07-17T23:46:30","modified_gmt":"2022-07-18T02:46:30","slug":"carro-da-vacinacao-itinerante-contra-a-covid-19-divulga-cronograma-para-esta-semana-confira-2","status":"publish","type":"post","link":"https:\/\/blogopara.com.br\/index.php\/2022\/07\/18\/carro-da-vacinacao-itinerante-contra-a-covid-19-divulga-cronograma-para-esta-semana-confira-2","title":{"rendered":"Carro da vacina\u00e7\u00e3o itinerante contra a Covid-19 divulga cronograma para esta semana; confira"},"content":{"rendered":"<p style=\"text-align: justify;\">A Prefeitura de Juazeiro, atrav\u00e9s da Secretaria de Sa\u00fade, divulgou o cronograma de vacina\u00e7\u00e3o itinerante contra a Covid-19. Confira a programa\u00e7\u00e3o desta semana:<\/p>\n<p style=\"text-align: justify;\">Na ter\u00e7a-feira (19), a vacina\u00e7\u00e3o itinerante estar\u00e1 na comunidade de Lagoa do Salitre, em frente \u00e0 Unidade B\u00e1sica de Sa\u00fade.<\/p>\n<p style=\"text-align: justify;\">Na quinta-feira (21), a unidade estar\u00e1 no Mercado do Produtor.<\/p>\n<p style=\"text-align: justify;\">E na sexta-feira (22), a comunidade atendida, ser\u00e1 o distrito de Carna\u00edba do Sert\u00e3o.<\/p>\n<p style=\"text-align: justify;\">Em todos os locais a vacina\u00e7\u00e3o ser\u00e1 a partir das 9h at\u00e9 encerrarem as doses. Ser\u00e3o disponibilizadas 150 doses por dia. Haver\u00e1 primeira dose, segunda dose, dose de refor\u00e7o e quarta dose.<\/p>\n<p style=\"text-align: justify;\"><strong>Documentos<\/strong><\/p>\n<p style=\"text-align: justify;\">\u00c9 preciso levar RG, CPF ou cart\u00e3o SUS e cart\u00e3o de vacina. Pessoas imunossuprimidas precisam levar original e c\u00f3pia do laudo m\u00e9dico. Profissionais de sa\u00fade precisam apresentar documentos que comprovem o v\u00ednculo profissional ativo. Crian\u00e7as devem estar acompanhadas do pai ou da m\u00e3e. No caso de estar com outro respons\u00e1vel, \u00e9 necess\u00e1rio que pai ou m\u00e3e emita uma autoriza\u00e7\u00e3o impressa e assinada. A dose de refor\u00e7o \u00e9 destinada para pessoas a partir de 12 anos que j\u00e1 tenham 4 meses de intervalo em rela\u00e7\u00e3o \u00e0 segunda dose. A quarta dose de imunossuprimidos, pessoas a partir de 40 anos e profissionais da sa\u00fade, deve ser aplicada com 4 meses de intervalo em rela\u00e7\u00e3o \u00e0 dose de refor\u00e7o.<\/p>\n","protected":false},"excerpt":{"rendered":"<p>A Prefeitura de Juazeiro, atrav\u00e9s da Secretaria de Sa\u00fade, divulgou o cronograma de vacina\u00e7\u00e3o itinerante contra a Covid-19. Confira a programa\u00e7\u00e3o desta semana: Na ter\u00e7a-feira (19), a vacina\u00e7\u00e3o itinerante estar\u00e1 na comunidade de Lagoa do Salitre, em frente \u00e0 Unidade B\u00e1sica de Sa\u00fade. Na quinta-feira (21), a unidade estar\u00e1 no Mercado do Produtor. E na [&hellip;]<\/p>\n","protected":false},"author":1,"featured_media":32863,"comment_status":"closed","ping_status":"open","sticky":false,"template":"","format":"standard","meta":{"_uag_custom_page_level_css":"","_monsterinsights_skip_tracking":false,"_monsterinsights_sitenote_active":false,"_monsterinsights_sitenote_note":"","_monsterinsights_sitenote_category":0,"jetpack_post_was_ever_published":false,"_jetpack_newsletter_access":"","_jetpack_dont_email_post_to_subs":false,"_jetpack_newsletter_tier_id":0,"_jetpack_memberships_contains_paywalled_content":false,"_jetpack_memberships_contains_paid_content":false,"footnotes":"","jetpack_publicize_message":"","jetpack_publicize_feature_enabled":true,"jetpack_social_post_already_shared":true,"jetpack_social_options":{"image_generator_settings":{"template":"highway","default_image_id":0,"font":"","enabled":false},"version":2}},"categories":[203],"tags":[],"class_list":["post-39800","post","type-post","status-publish","format-standard","has-post-thumbnail","hentry","category-juazeiro"],"jetpack_publicize_connections":[],"jetpack_featured_media_url":"https:\/\/blogopara.com.br\/wp-content\/uploads\/2022\/01\/vacinao-contra-covid-19_51331386709_o_0_widelg.jpg","uagb_featured_image_src":{"full":["https:\/\/blogopara.com.br\/wp-content\/uploads\/2022\/01\/vacinao-contra-covid-19_51331386709_o_0_widelg.jpg",500,281,false],"thumbnail":["https:\/\/blogopara.com.br\/wp-content\/uploads\/2022\/01\/vacinao-contra-covid-19_51331386709_o_0_widelg-150x150.jpg",150,150,true],"medium":["https:\/\/blogopara.com.br\/wp-content\/uploads\/2022\/01\/vacinao-contra-covid-19_51331386709_o_0_widelg-300x169.jpg",300,169,true],"medium_large":["https:\/\/blogopara.com.br\/wp-content\/uploads\/2022\/01\/vacinao-contra-covid-19_51331386709_o_0_widelg.jpg",500,281,false],"large":["https:\/\/blogopara.com.br\/wp-content\/uploads\/2022\/01\/vacinao-contra-covid-19_51331386709_o_0_widelg.jpg",500,281,false],"1536x1536":["https:\/\/blogopara.com.br\/wp-content\/uploads\/2022\/01\/vacinao-contra-covid-19_51331386709_o_0_widelg.jpg",500,281,false],"2048x2048":["https:\/\/blogopara.com.br\/wp-content\/uploads\/2022\/01\/vacinao-contra-covid-19_51331386709_o_0_widelg.jpg",500,281,false],"mantranews-slider-large":["https:\/\/blogopara.com.br\/wp-content\/uploads\/2022\/01\/vacinao-contra-covid-19_51331386709_o_0_widelg.jpg",500,281,false],"mantranews-featured-medium":["https:\/\/blogopara.com.br\/wp-content\/uploads\/2022\/01\/vacinao-contra-covid-19_51331386709_o_0_widelg-420x281.jpg",420,281,true],"mantranews-featured-long":["https:\/\/blogopara.com.br\/wp-content\/uploads\/2022\/01\/vacinao-contra-covid-19_51331386709_o_0_widelg-300x281.jpg",300,281,true],"mantranews-block-medium":["https:\/\/blogopara.com.br\/wp-content\/uploads\/2022\/01\/vacinao-contra-covid-19_51331386709_o_0_widelg-464x281.jpg",464,281,true],"mantranews-carousel-image":["https:\/\/blogopara.com.br\/wp-content\/uploads\/2022\/01\/vacinao-contra-covid-19_51331386709_o_0_widelg.jpg",500,281,false],"mantranews-block-thumb":["https:\/\/blogopara.com.br\/wp-content\/uploads\/2022\/01\/vacinao-contra-covid-19_51331386709_o_0_widelg-322x230.jpg",322,230,true],"mantranews-single-large":["https:\/\/blogopara.com.br\/wp-content\/uploads\/2022\/01\/vacinao-contra-covid-19_51331386709_o_0_widelg.jpg",500,281,false]},"uagb_author_info":{"display_name":"Reda\u00e7\u00e3o geral","author_link":"https:\/\/blogopara.com.br\/index.php\/author\/blogopara"},"uagb_comment_info":0,"uagb_excerpt":"A Prefeitura de Juazeiro, atrav\u00e9s da Secretaria de Sa\u00fade, divulgou o cronograma de vacina\u00e7\u00e3o itinerante contra a Covid-19. Confira a programa\u00e7\u00e3o desta semana: Na ter\u00e7a-feira (19), a vacina\u00e7\u00e3o itinerante estar\u00e1 na comunidade de Lagoa do Salitre, em frente \u00e0 Unidade B\u00e1sica de Sa\u00fade. Na quinta-feira (21), a unidade estar\u00e1 no Mercado do Produtor. E na&hellip;","jetpack_sharing_enabled":true,"jetpack_likes_enabled":true,"_links":{"self":[{"href":"https:\/\/blogopara.com.br\/index.php\/wp-json\/wp\/v2\/posts\/39800","targetHints":{"allow":["GET"]}}],"collection":[{"href":"https:\/\/blogopara.com.br\/index.php\/wp-json\/wp\/v2\/posts"}],"about":[{"href":"https:\/\/blogopara.com.br\/index.php\/wp-json\/wp\/v2\/types\/post"}],"author":[{"embeddable":true,"href":"https:\/\/blogopara.com.br\/index.php\/wp-json\/wp\/v2\/users\/1"}],"replies":[{"embeddable":true,"href":"https:\/\/blogopara.com.br\/index.php\/wp-json\/wp\/v2\/comments?post=39800"}],"version-history":[{"count":1,"href":"https:\/\/blogopara.com.br\/index.php\/wp-json\/wp\/v2\/posts\/39800\/revisions"}],"predecessor-version":[{"id":39801,"href":"https:\/\/blogopara.com.br\/index.php\/wp-json\/wp\/v2\/posts\/39800\/revisions\/39801"}],"wp:featuredmedia":[{"embeddable":true,"href":"https:\/\/blogopara.com.br\/index.php\/wp-json\/wp\/v2\/media\/32863"}],"wp:attachment":[{"href":"https:\/\/blogopara.com.br\/index.php\/wp-json\/wp\/v2\/media?parent=39800"}],"wp:term":[{"taxonomy":"category","embeddable":true,"href":"https:\/\/blogopara.com.br\/index.php\/wp-json\/wp\/v2\/categories?post=39800"},{"taxonomy":"post_tag","embeddable":true,"href":"https:\/\/blogopara.com.br\/index.php\/wp-json\/wp\/v2\/tags?post=39800"}],"curies":[{"name":"wp","href":"https:\/\/api.w.org\/{rel}","templated":true}]}}