{"id":39907,"date":"2022-07-20T16:45:00","date_gmt":"2022-07-20T19:45:00","guid":{"rendered":"https:\/\/blogopara.com.br\/?p=39907"},"modified":"2022-07-20T17:43:07","modified_gmt":"2022-07-20T20:43:07","slug":"youtube-retira-do-ar-video-de-2021-de-bolsonaro-sobre-urnas-eletronicas","status":"publish","type":"post","link":"https:\/\/blogopara.com.br\/index.php\/2022\/07\/20\/youtube-retira-do-ar-video-de-2021-de-bolsonaro-sobre-urnas-eletronicas","title":{"rendered":"YouTube retira do ar v\u00eddeo de 2021 de Bolsonaro sobre urnas eletr\u00f4nicas"},"content":{"rendered":"<p style=\"text-align: justify;\">A plataforma de v\u00eddeos <a href=\"https:\/\/www.cnnbrasil.com.br\/tudo-sobre\/youtube\/\">YouTube<\/a> retirou do ar na segunda-feira (18) um v\u00eddeo do canal do presidente <a href=\"https:\/\/www.cnnbrasil.com.br\/tudo-sobre\/jair-bolsonaro\/\">Jair Bolsonaro<\/a> (PL) em que ele falava sobre urnas eletr\u00f4nicas.<\/p>\n<p style=\"text-align: justify;\">O v\u00eddeo \u00e9 uma live transmitida em 29 de julho de 2021 em que o presidente questionava a seguran\u00e7a do sistema eleitoral, sem apresentar provas. A transmiss\u00e3o ainda est\u00e1 dispon\u00edvel na \u00edntegra no canal TV BrasilGov, mantido pelo governo federal no YouTube.<\/p>\n<p style=\"text-align: justify;\">Desde o in\u00edcio de seu mandato, Bolsonaro acusa \u201cfalta de transpar\u00eancia\u201d no sistema de vota\u00e7\u00e3o e alega fraude nas elei\u00e7\u00f5es presidenciais de 2014 e 2018. As acusa\u00e7\u00f5es foram desmentidas pelo <a href=\"https:\/\/www.cnnbrasil.com.br\/tudo-sobre\/tribunal-superior-eleitoral-tse\/\">Tribunal Superior Eleitoral<\/a> (TSE).<\/p>\n<p style=\"text-align: justify;\">Os argumentos usados na transmiss\u00e3o do ano passado foram repetidos pelo presidente em reuni\u00e3o com embaixadores na segunda-feira.<\/p>\n<p style=\"text-align: justify;\">Na reuni\u00e3o com representantes estrangeiros, na segunda-feira, Bolsonaro voltou a criticar os ministros do Supremo Tribunal Federal (STF) Lu\u00eds Roberto Barroso, Edson Fachin e Alexandre de Moraes.<\/p>\n<p style=\"text-align: justify;\">Em julho de 2021, o YouTube j\u00e1 havia derrubado v\u00eddeos de Bolsonaro em que ele divulgava <a href=\"https:\/\/www.cnnbrasil.com.br\/politica\/youtube-remove-videos-de-bolsonaro-por-informacoes-incorretas-sobre-covid-19\/\">informa\u00e7\u00f5es incorretas sobre tratamentos contra a Covid-19<\/a>. Em outubro do mesmo ano, a plataforma tamb\u00e9m derrubou conte\u00fado falso divulgado pelo presidente que associava a vacina\u00e7\u00e3o com a Aids.<\/p>\n<p style=\"text-align: justify;\">Em nota enviada \u00e0 CNN, o YouTube afirmou que as diretrizes da plataforma estabelecem regras que \u201cdevem ser seguidas por todos os usu\u00e1rios\u201d. \u201cTemos trabalhado para manter nossas pol\u00edticas e sistemas atualizados de forma a dar visibilidade a conte\u00fado confi\u00e1vel e reduzir a dissemina\u00e7\u00e3o de informa\u00e7\u00f5es enganosas, permitindo, ao mesmo tempo, a realiza\u00e7\u00e3o do debate pol\u00edtico\u201d, diz a empresa.<\/p>\n<p style=\"text-align: justify;\">O YouTube tamb\u00e9m afirmou que, desde mar\u00e7o de 2022, remove \u201cconte\u00fado com alega\u00e7\u00f5es falsas de que as urnas eletr\u00f4nicas brasileiras foram hackeadas na elei\u00e7\u00e3o presidencial de 2018 e de que os votos foram adulterados\u201d. \u201cEsse \u00e9 um dos exemplos do que n\u00e3o permitimos de acordo com nossa pol\u00edtica contra desinforma\u00e7\u00e3o em elei\u00e7\u00f5es\u201d, disse.<\/p>\n<p style=\"text-align: justify;\">Em rela\u00e7\u00e3o \u00e0 transmiss\u00e3o da reuni\u00e3o de Bolsonaro com embaixadores, a empresa afirmou que analisa o caso.<\/p>\n<p style=\"text-align: justify;\">A CNN procurou o Pal\u00e1cio do Planalto sobre a retirada dos v\u00eddeos e aguarda resposta.<\/p>\n\n\n<p>CNN Brasil<\/p>\n","protected":false},"excerpt":{"rendered":"<p>A plataforma de v\u00eddeos YouTube retirou do ar na segunda-feira (18) um v\u00eddeo do canal do presidente Jair Bolsonaro (PL) em que ele falava sobre urnas eletr\u00f4nicas. O v\u00eddeo \u00e9 uma live transmitida em 29 de julho de 2021 em que o presidente questionava a seguran\u00e7a do sistema eleitoral, sem apresentar provas. A transmiss\u00e3o ainda [&hellip;]<\/p>\n","protected":false},"author":1,"featured_media":26767,"comment_status":"closed","ping_status":"open","sticky":false,"template":"","format":"standard","meta":{"_uag_custom_page_level_css":"","_monsterinsights_skip_tracking":false,"_monsterinsights_sitenote_active":false,"_monsterinsights_sitenote_note":"","_monsterinsights_sitenote_category":0,"jetpack_post_was_ever_published":false,"_jetpack_newsletter_access":"","_jetpack_dont_email_post_to_subs":false,"_jetpack_newsletter_tier_id":0,"_jetpack_memberships_contains_paywalled_content":false,"_jetpack_memberships_contains_paid_content":false,"footnotes":"","jetpack_publicize_message":"","jetpack_publicize_feature_enabled":true,"jetpack_social_post_already_shared":true,"jetpack_social_options":{"image_generator_settings":{"template":"highway","default_image_id":0,"font":"","enabled":false},"version":2}},"categories":[200,10075],"tags":[1327],"class_list":["post-39907","post","type-post","status-publish","format-standard","has-post-thumbnail","hentry","category-brasil","category-eleicoes","tag-eleicoes-2022"],"jetpack_publicize_connections":[],"jetpack_featured_media_url":"https:\/\/blogopara.com.br\/wp-content\/uploads\/2021\/08\/bolsonaro_2.jpg","uagb_featured_image_src":{"full":["https:\/\/blogopara.com.br\/wp-content\/uploads\/2021\/08\/bolsonaro_2.jpg",500,333,false],"thumbnail":["https:\/\/blogopara.com.br\/wp-content\/uploads\/2021\/08\/bolsonaro_2-150x150.jpg",150,150,true],"medium":["https:\/\/blogopara.com.br\/wp-content\/uploads\/2021\/08\/bolsonaro_2-300x200.jpg",300,200,true],"medium_large":["https:\/\/blogopara.com.br\/wp-content\/uploads\/2021\/08\/bolsonaro_2.jpg",500,333,false],"large":["https:\/\/blogopara.com.br\/wp-content\/uploads\/2021\/08\/bolsonaro_2.jpg",500,333,false],"1536x1536":["https:\/\/blogopara.com.br\/wp-content\/uploads\/2021\/08\/bolsonaro_2.jpg",500,333,false],"2048x2048":["https:\/\/blogopara.com.br\/wp-content\/uploads\/2021\/08\/bolsonaro_2.jpg",500,333,false],"mantranews-slider-large":["https:\/\/blogopara.com.br\/wp-content\/uploads\/2021\/08\/bolsonaro_2.jpg",500,333,false],"mantranews-featured-medium":["https:\/\/blogopara.com.br\/wp-content\/uploads\/2021\/08\/bolsonaro_2-420x307.jpg",420,307,true],"mantranews-featured-long":["https:\/\/blogopara.com.br\/wp-content\/uploads\/2021\/08\/bolsonaro_2-300x333.jpg",300,333,true],"mantranews-block-medium":["https:\/\/blogopara.com.br\/wp-content\/uploads\/2021\/08\/bolsonaro_2-464x290.jpg",464,290,true],"mantranews-carousel-image":["https:\/\/blogopara.com.br\/wp-content\/uploads\/2021\/08\/bolsonaro_2.jpg",500,333,false],"mantranews-block-thumb":["https:\/\/blogopara.com.br\/wp-content\/uploads\/2021\/08\/bolsonaro_2-322x230.jpg",322,230,true],"mantranews-single-large":["https:\/\/blogopara.com.br\/wp-content\/uploads\/2021\/08\/bolsonaro_2.jpg",500,333,false]},"uagb_author_info":{"display_name":"Reda\u00e7\u00e3o geral","author_link":"https:\/\/blogopara.com.br\/index.php\/author\/blogopara"},"uagb_comment_info":0,"uagb_excerpt":"A plataforma de v\u00eddeos YouTube retirou do ar na segunda-feira (18) um v\u00eddeo do canal do presidente Jair Bolsonaro (PL) em que ele falava sobre urnas eletr\u00f4nicas. O v\u00eddeo \u00e9 uma live transmitida em 29 de julho de 2021 em que o presidente questionava a seguran\u00e7a do sistema eleitoral, sem apresentar provas. A transmiss\u00e3o ainda&hellip;","jetpack_sharing_enabled":true,"jetpack_likes_enabled":true,"_links":{"self":[{"href":"https:\/\/blogopara.com.br\/index.php\/wp-json\/wp\/v2\/posts\/39907","targetHints":{"allow":["GET"]}}],"collection":[{"href":"https:\/\/blogopara.com.br\/index.php\/wp-json\/wp\/v2\/posts"}],"about":[{"href":"https:\/\/blogopara.com.br\/index.php\/wp-json\/wp\/v2\/types\/post"}],"author":[{"embeddable":true,"href":"https:\/\/blogopara.com.br\/index.php\/wp-json\/wp\/v2\/users\/1"}],"replies":[{"embeddable":true,"href":"https:\/\/blogopara.com.br\/index.php\/wp-json\/wp\/v2\/comments?post=39907"}],"version-history":[{"count":1,"href":"https:\/\/blogopara.com.br\/index.php\/wp-json\/wp\/v2\/posts\/39907\/revisions"}],"predecessor-version":[{"id":39908,"href":"https:\/\/blogopara.com.br\/index.php\/wp-json\/wp\/v2\/posts\/39907\/revisions\/39908"}],"wp:featuredmedia":[{"embeddable":true,"href":"https:\/\/blogopara.com.br\/index.php\/wp-json\/wp\/v2\/media\/26767"}],"wp:attachment":[{"href":"https:\/\/blogopara.com.br\/index.php\/wp-json\/wp\/v2\/media?parent=39907"}],"wp:term":[{"taxonomy":"category","embeddable":true,"href":"https:\/\/blogopara.com.br\/index.php\/wp-json\/wp\/v2\/categories?post=39907"},{"taxonomy":"post_tag","embeddable":true,"href":"https:\/\/blogopara.com.br\/index.php\/wp-json\/wp\/v2\/tags?post=39907"}],"curies":[{"name":"wp","href":"https:\/\/api.w.org\/{rel}","templated":true}]}}