{"id":39929,"date":"2022-07-21T14:45:00","date_gmt":"2022-07-21T17:45:00","guid":{"rendered":"https:\/\/blogopara.com.br\/?p=39929"},"modified":"2022-07-20T20:40:05","modified_gmt":"2022-07-20T23:40:05","slug":"cuidar-prefeitura-de-juazeiro-lanca-programa-inovador-de-treinamento-de-primeiros-socorros-em-escolas-municipais","status":"publish","type":"post","link":"https:\/\/blogopara.com.br\/index.php\/2022\/07\/21\/cuidar-prefeitura-de-juazeiro-lanca-programa-inovador-de-treinamento-de-primeiros-socorros-em-escolas-municipais","title":{"rendered":"Cuidar: Prefeitura de Juazeiro lan\u00e7a programa inovador de treinamento de primeiros socorros em escolas municipais"},"content":{"rendered":"<p style=\"text-align: justify;\">A Prefeitura de Juazeiro, atrav\u00e9s das Secretarias de Sa\u00fade (Sesau) e de Educa\u00e7\u00e3o e Juventude (Seduc), lan\u00e7ou nesta quarta-feira (20) o \u2018Programa Cuidar\u2019, que tem a proposta de realizar treinamentos de primeiros socorros para professores e gestores das escolas municipais de Juazeiro. Pelo programa, os profissionais da educa\u00e7\u00e3o receber\u00e3o forma\u00e7\u00f5es que ser\u00e3o passadas pela equipe do Servi\u00e7o de Atendimento M\u00f3vel de Urg\u00eancia (Samu).<\/p>\n<p style=\"text-align: justify;\">O secret\u00e1rio de Sa\u00fade de Juazeiro, Fernando Costa, destaca que implantar as no\u00e7\u00f5es de primeiros socorros \u00e0s equipes das escolas municipais refor\u00e7a a preocupa\u00e7\u00e3o da gest\u00e3o municipal com as pessoas. \u201c\u00c9 um projeto inovador. Vamos levar os treinamentos de sa\u00fade para a educa\u00e7\u00e3o para que estes profissionais estejam preparados para agirem nos momentos de emerg\u00eancia n\u00e3o apenas com as crian\u00e7as e adolescentes, mas tamb\u00e9m com os outros trabalhadores da educa\u00e7\u00e3o\u201d, disse.<\/p>\n<p style=\"text-align: justify;\">A secret\u00e1ria de Educa\u00e7\u00e3o e Juventude, Normeide Almeida, explica que as forma\u00e7\u00f5es do \u2018Programa Cuidar\u2019 iniciam nesta quarta-feira com os gestores e coordenadores pedag\u00f3gicos, mas que os treinamentos ser\u00e3o ampliados para toda a rede municipal de ensino. \u201cToda a equipe de educa\u00e7\u00e3o vai estar preparada para, em momento de urg\u00eancia e emerg\u00eancia com nossos alunos, podermos dar os primeiros socorros e tomar as medidas m\u00e9dicas necess\u00e1rias\u201d, explicou.<\/p>\n<p style=\"text-align: justify;\">Wilza Miranda \u00e9 gestora da Escola Maria Jos\u00e9 Lima da Rocha, que fica no bairro Jo\u00e3o Paulo II. Ela disse que teve conhecimento de primeiros socorros, mas de forma superficial e com o \u2018Programa Cuidar\u2019, ela e toda equipe v\u00e3o ficar bem melhor preparados. \u201cEu considero de fundamental import\u00e2ncia, porque por v\u00e1rias vezes, n\u00f3s como educadores passamos por situa\u00e7\u00f5es dif\u00edceis com os nossos alunos que a gente n\u00e3o sabe como resolver. Ter um programa que nos prepare para este momento que n\u00e3o estamos livres de passar com os nossos alunos ou outro funcion\u00e1rio \u00e9 de fundamental import\u00e2ncia\u201d, enfatizou a gestora escolar.<\/p>\n<p style=\"text-align: justify;\"><strong>Lei Karla Nayse<\/strong><\/p>\n<p style=\"text-align: justify;\">A Lei Municipal Karla Nayse foi sancionada em setembro de 2021 pela prefeita Suzana Ramos. Ela foi proposta pelo vereador Lourival Quirino, que tamb\u00e9m participou do lan\u00e7amento do \u2018Programa Cuidar\u2019. \u201cMuito importante este programa, porque em 2019 perdemos uma aluna no Col\u00e9gio Paulo VI por convuls\u00e3o. Fizemos um estudo sobre este projeto e hoje estamos aqui para colocar o projeto em pr\u00e1tica\u201d, disse.<\/p>\n<p style=\"text-align: justify;\"><strong>TV Escola Canal 7.2<\/strong><\/p>\n<p style=\"text-align: justify;\">Al\u00e9m das forma\u00e7\u00f5es presenciais sobre diversos temas, algumas no\u00e7\u00f5es tamb\u00e9m ser\u00e3o veiculadas na TV Escola Juazeiro, atrav\u00e9s do canal 7.2 da TV aberta, bem como no canal Seduc Juazeiro-BA, no YouTube.<\/p>\n<p>Ascom Sesau\/PMJ<\/p>\n<p style=\"text-align: justify;\">\n","protected":false},"excerpt":{"rendered":"<p>A Prefeitura de Juazeiro, atrav\u00e9s das Secretarias de Sa\u00fade (Sesau) e de Educa\u00e7\u00e3o e Juventude (Seduc), lan\u00e7ou nesta quarta-feira (20) o \u2018Programa Cuidar\u2019, que tem a proposta de realizar treinamentos de primeiros socorros para professores e gestores das escolas municipais de Juazeiro. Pelo programa, os profissionais da educa\u00e7\u00e3o receber\u00e3o forma\u00e7\u00f5es que ser\u00e3o passadas pela equipe [&hellip;]<\/p>\n","protected":false},"author":1,"featured_media":39930,"comment_status":"closed","ping_status":"open","sticky":false,"template":"","format":"standard","meta":{"_uag_custom_page_level_css":"","_monsterinsights_skip_tracking":false,"_monsterinsights_sitenote_active":false,"_monsterinsights_sitenote_note":"","_monsterinsights_sitenote_category":0,"jetpack_post_was_ever_published":false,"_jetpack_newsletter_access":"","_jetpack_dont_email_post_to_subs":false,"_jetpack_newsletter_tier_id":0,"_jetpack_memberships_contains_paywalled_content":false,"_jetpack_memberships_contains_paid_content":false,"footnotes":"","jetpack_publicize_message":"","jetpack_publicize_feature_enabled":true,"jetpack_social_post_already_shared":true,"jetpack_social_options":{"image_generator_settings":{"template":"highway","default_image_id":0,"font":"","enabled":false},"version":2}},"categories":[203],"tags":[340],"class_list":["post-39929","post","type-post","status-publish","format-standard","has-post-thumbnail","hentry","category-juazeiro","tag-prefeitura-de-juazeiro"],"jetpack_publicize_connections":[],"jetpack_featured_media_url":"https:\/\/blogopara.com.br\/wp-content\/uploads\/2022\/07\/Cuidar-3.jpg","uagb_featured_image_src":{"full":["https:\/\/blogopara.com.br\/wp-content\/uploads\/2022\/07\/Cuidar-3.jpg",500,333,false],"thumbnail":["https:\/\/blogopara.com.br\/wp-content\/uploads\/2022\/07\/Cuidar-3-150x150.jpg",150,150,true],"medium":["https:\/\/blogopara.com.br\/wp-content\/uploads\/2022\/07\/Cuidar-3-300x200.jpg",300,200,true],"medium_large":["https:\/\/blogopara.com.br\/wp-content\/uploads\/2022\/07\/Cuidar-3.jpg",500,333,false],"large":["https:\/\/blogopara.com.br\/wp-content\/uploads\/2022\/07\/Cuidar-3.jpg",500,333,false],"1536x1536":["https:\/\/blogopara.com.br\/wp-content\/uploads\/2022\/07\/Cuidar-3.jpg",500,333,false],"2048x2048":["https:\/\/blogopara.com.br\/wp-content\/uploads\/2022\/07\/Cuidar-3.jpg",500,333,false],"mantranews-slider-large":["https:\/\/blogopara.com.br\/wp-content\/uploads\/2022\/07\/Cuidar-3.jpg",500,333,false],"mantranews-featured-medium":["https:\/\/blogopara.com.br\/wp-content\/uploads\/2022\/07\/Cuidar-3-420x307.jpg",420,307,true],"mantranews-featured-long":["https:\/\/blogopara.com.br\/wp-content\/uploads\/2022\/07\/Cuidar-3-300x333.jpg",300,333,true],"mantranews-block-medium":["https:\/\/blogopara.com.br\/wp-content\/uploads\/2022\/07\/Cuidar-3-464x290.jpg",464,290,true],"mantranews-carousel-image":["https:\/\/blogopara.com.br\/wp-content\/uploads\/2022\/07\/Cuidar-3.jpg",500,333,false],"mantranews-block-thumb":["https:\/\/blogopara.com.br\/wp-content\/uploads\/2022\/07\/Cuidar-3-322x230.jpg",322,230,true],"mantranews-single-large":["https:\/\/blogopara.com.br\/wp-content\/uploads\/2022\/07\/Cuidar-3.jpg",500,333,false]},"uagb_author_info":{"display_name":"Reda\u00e7\u00e3o geral","author_link":"https:\/\/blogopara.com.br\/index.php\/author\/blogopara"},"uagb_comment_info":0,"uagb_excerpt":"A Prefeitura de Juazeiro, atrav\u00e9s das Secretarias de Sa\u00fade (Sesau) e de Educa\u00e7\u00e3o e Juventude (Seduc), lan\u00e7ou nesta quarta-feira (20) o \u2018Programa Cuidar\u2019, que tem a proposta de realizar treinamentos de primeiros socorros para professores e gestores das escolas municipais de Juazeiro. Pelo programa, os profissionais da educa\u00e7\u00e3o receber\u00e3o forma\u00e7\u00f5es que ser\u00e3o passadas pela equipe&hellip;","jetpack_sharing_enabled":true,"jetpack_likes_enabled":true,"_links":{"self":[{"href":"https:\/\/blogopara.com.br\/index.php\/wp-json\/wp\/v2\/posts\/39929","targetHints":{"allow":["GET"]}}],"collection":[{"href":"https:\/\/blogopara.com.br\/index.php\/wp-json\/wp\/v2\/posts"}],"about":[{"href":"https:\/\/blogopara.com.br\/index.php\/wp-json\/wp\/v2\/types\/post"}],"author":[{"embeddable":true,"href":"https:\/\/blogopara.com.br\/index.php\/wp-json\/wp\/v2\/users\/1"}],"replies":[{"embeddable":true,"href":"https:\/\/blogopara.com.br\/index.php\/wp-json\/wp\/v2\/comments?post=39929"}],"version-history":[{"count":1,"href":"https:\/\/blogopara.com.br\/index.php\/wp-json\/wp\/v2\/posts\/39929\/revisions"}],"predecessor-version":[{"id":39931,"href":"https:\/\/blogopara.com.br\/index.php\/wp-json\/wp\/v2\/posts\/39929\/revisions\/39931"}],"wp:featuredmedia":[{"embeddable":true,"href":"https:\/\/blogopara.com.br\/index.php\/wp-json\/wp\/v2\/media\/39930"}],"wp:attachment":[{"href":"https:\/\/blogopara.com.br\/index.php\/wp-json\/wp\/v2\/media?parent=39929"}],"wp:term":[{"taxonomy":"category","embeddable":true,"href":"https:\/\/blogopara.com.br\/index.php\/wp-json\/wp\/v2\/categories?post=39929"},{"taxonomy":"post_tag","embeddable":true,"href":"https:\/\/blogopara.com.br\/index.php\/wp-json\/wp\/v2\/tags?post=39929"}],"curies":[{"name":"wp","href":"https:\/\/api.w.org\/{rel}","templated":true}]}}