{"id":39978,"date":"2022-07-22T11:45:00","date_gmt":"2022-07-22T14:45:00","guid":{"rendered":"https:\/\/blogopara.com.br\/?p=39978"},"modified":"2022-07-21T21:52:53","modified_gmt":"2022-07-22T00:52:53","slug":"facebook-renova-feed-principal-para-atrair-usuarios-mais-jovens","status":"publish","type":"post","link":"https:\/\/blogopara.com.br\/index.php\/2022\/07\/22\/facebook-renova-feed-principal-para-atrair-usuarios-mais-jovens","title":{"rendered":"Facebook renova feed principal para atrair usu\u00e1rios mais jovens"},"content":{"rendered":"<div class=\"post-item-wrap\">\n<p style=\"text-align: justify;\">A Meta disse nesta quinta-feira (21) que est\u00e1 reformulando o <em>feed<\/em> principal do Facebook para priorizar novos conte\u00fados, em uma tentativa de estilizar seus aplicativos em linha com o aplicativo rival de v\u00eddeo curto TikTok.<img decoding=\"async\" src=\"https:\/\/agenciabrasil.ebc.com.br\/ebc.png?id=1471933&amp;o=node\" \/><img decoding=\"async\" src=\"https:\/\/agenciabrasil.ebc.com.br\/ebc.gif?id=1471933&amp;o=node\" \/><\/p>\n<p style=\"text-align: justify;\">Os executivos do Meta expressaram maior urg\u00eancia nos \u00faltimos meses em aumentar os &#8216;Reels&#8217;, similar ao formato de v\u00eddeo curto do TikTok, que tem sido popular entre usu\u00e1rios mais jovens.<\/p>\n<p style=\"text-align: justify;\">A p\u00e1gina principal do feed de not\u00edcias do Facebook que os usu\u00e1rios veem quando abrem o aplicativo come\u00e7ar\u00e1 a apresentar postagens populares de contas que os usu\u00e1rios n\u00e3o seguem, incluindo <em>reels<\/em> e <em>stories<\/em>, disse a Meta em comunicado.<\/p>\n<p style=\"text-align: justify;\">O Facebook vai sugerir postagens aos usu\u00e1rios com um sistema de classifica\u00e7\u00e3o de aprendizado de m\u00e1quina e est\u00e1 investindo em intelig\u00eancia artificial para fornecer conte\u00fado recomendado.<\/p>\n<p style=\"text-align: justify;\">O <em>feed<\/em> de not\u00edcias atual, com postagens recentes de amigos, p\u00e1ginas e grupos que os usu\u00e1rios escolhem ativamente seguir, ser\u00e1 movido para uma nova guia separada chamada <em>Feeds<\/em>.<\/p>\n<p style=\"text-align: justify;\">Os <em>feeds<\/em> incluir\u00e3o an\u00fancios, por\u00e9m a Meta disse que n\u00e3o ter\u00e1 postagens sugeridas para o usu\u00e1rio.<\/p>\n<p style=\"text-align: justify;\">Adam Mosseri, chefe do aplicativo Instagram, anunciou testes de uma experi\u00eancia de visualiza\u00e7\u00e3o mais imersiva no estilo TikTok em maio, enquanto o presidente-executivo Mark Zuckerberg disse em abril que a companhia estava fazendo investimentos significativos em intelig\u00eancia artificial e aprendizado de m\u00e1quina para apoiar a abordagem de &#8220;motor de descoberta&#8221;.<\/p>\n<\/div>\n\n\n<p>Agencia Brasil<\/p>\n","protected":false},"excerpt":{"rendered":"<p>A Meta disse nesta quinta-feira (21) que est\u00e1 reformulando o feed principal do Facebook para priorizar novos conte\u00fados, em uma tentativa de estilizar seus aplicativos em linha com o aplicativo rival de v\u00eddeo curto TikTok. Os executivos do Meta expressaram maior urg\u00eancia nos \u00faltimos meses em aumentar os &#8216;Reels&#8217;, similar ao formato de v\u00eddeo curto [&hellip;]<\/p>\n","protected":false},"author":1,"featured_media":39454,"comment_status":"closed","ping_status":"open","sticky":false,"template":"","format":"standard","meta":{"_uag_custom_page_level_css":"","_monsterinsights_skip_tracking":false,"_monsterinsights_sitenote_active":false,"_monsterinsights_sitenote_note":"","_monsterinsights_sitenote_category":0,"jetpack_post_was_ever_published":false,"_jetpack_newsletter_access":"","_jetpack_dont_email_post_to_subs":false,"_jetpack_newsletter_tier_id":0,"_jetpack_memberships_contains_paywalled_content":false,"_jetpack_memberships_contains_paid_content":false,"footnotes":"","jetpack_publicize_message":"","jetpack_publicize_feature_enabled":true,"jetpack_social_post_already_shared":true,"jetpack_social_options":{"image_generator_settings":{"template":"highway","default_image_id":0,"font":"","enabled":false},"version":2}},"categories":[9634],"tags":[659],"class_list":["post-39978","post","type-post","status-publish","format-standard","has-post-thumbnail","hentry","category-tecnologia","tag-facebook"],"jetpack_publicize_connections":[],"jetpack_featured_media_url":"https:\/\/blogopara.com.br\/wp-content\/uploads\/2022\/07\/facebook_box.jpg","uagb_featured_image_src":{"full":["https:\/\/blogopara.com.br\/wp-content\/uploads\/2022\/07\/facebook_box.jpg",500,300,false],"thumbnail":["https:\/\/blogopara.com.br\/wp-content\/uploads\/2022\/07\/facebook_box-150x150.jpg",150,150,true],"medium":["https:\/\/blogopara.com.br\/wp-content\/uploads\/2022\/07\/facebook_box-300x180.jpg",300,180,true],"medium_large":["https:\/\/blogopara.com.br\/wp-content\/uploads\/2022\/07\/facebook_box.jpg",500,300,false],"large":["https:\/\/blogopara.com.br\/wp-content\/uploads\/2022\/07\/facebook_box.jpg",500,300,false],"1536x1536":["https:\/\/blogopara.com.br\/wp-content\/uploads\/2022\/07\/facebook_box.jpg",500,300,false],"2048x2048":["https:\/\/blogopara.com.br\/wp-content\/uploads\/2022\/07\/facebook_box.jpg",500,300,false],"mantranews-slider-large":["https:\/\/blogopara.com.br\/wp-content\/uploads\/2022\/07\/facebook_box.jpg",500,300,false],"mantranews-featured-medium":["https:\/\/blogopara.com.br\/wp-content\/uploads\/2022\/07\/facebook_box-420x300.jpg",420,300,true],"mantranews-featured-long":["https:\/\/blogopara.com.br\/wp-content\/uploads\/2022\/07\/facebook_box-300x300.jpg",300,300,true],"mantranews-block-medium":["https:\/\/blogopara.com.br\/wp-content\/uploads\/2022\/07\/facebook_box-464x290.jpg",464,290,true],"mantranews-carousel-image":["https:\/\/blogopara.com.br\/wp-content\/uploads\/2022\/07\/facebook_box.jpg",500,300,false],"mantranews-block-thumb":["https:\/\/blogopara.com.br\/wp-content\/uploads\/2022\/07\/facebook_box-322x230.jpg",322,230,true],"mantranews-single-large":["https:\/\/blogopara.com.br\/wp-content\/uploads\/2022\/07\/facebook_box.jpg",500,300,false]},"uagb_author_info":{"display_name":"Reda\u00e7\u00e3o geral","author_link":"https:\/\/blogopara.com.br\/index.php\/author\/blogopara"},"uagb_comment_info":0,"uagb_excerpt":"A Meta disse nesta quinta-feira (21) que est\u00e1 reformulando o feed principal do Facebook para priorizar novos conte\u00fados, em uma tentativa de estilizar seus aplicativos em linha com o aplicativo rival de v\u00eddeo curto TikTok. Os executivos do Meta expressaram maior urg\u00eancia nos \u00faltimos meses em aumentar os &#8216;Reels&#8217;, similar ao formato de v\u00eddeo curto&hellip;","jetpack_sharing_enabled":true,"jetpack_likes_enabled":true,"_links":{"self":[{"href":"https:\/\/blogopara.com.br\/index.php\/wp-json\/wp\/v2\/posts\/39978","targetHints":{"allow":["GET"]}}],"collection":[{"href":"https:\/\/blogopara.com.br\/index.php\/wp-json\/wp\/v2\/posts"}],"about":[{"href":"https:\/\/blogopara.com.br\/index.php\/wp-json\/wp\/v2\/types\/post"}],"author":[{"embeddable":true,"href":"https:\/\/blogopara.com.br\/index.php\/wp-json\/wp\/v2\/users\/1"}],"replies":[{"embeddable":true,"href":"https:\/\/blogopara.com.br\/index.php\/wp-json\/wp\/v2\/comments?post=39978"}],"version-history":[{"count":1,"href":"https:\/\/blogopara.com.br\/index.php\/wp-json\/wp\/v2\/posts\/39978\/revisions"}],"predecessor-version":[{"id":39979,"href":"https:\/\/blogopara.com.br\/index.php\/wp-json\/wp\/v2\/posts\/39978\/revisions\/39979"}],"wp:featuredmedia":[{"embeddable":true,"href":"https:\/\/blogopara.com.br\/index.php\/wp-json\/wp\/v2\/media\/39454"}],"wp:attachment":[{"href":"https:\/\/blogopara.com.br\/index.php\/wp-json\/wp\/v2\/media?parent=39978"}],"wp:term":[{"taxonomy":"category","embeddable":true,"href":"https:\/\/blogopara.com.br\/index.php\/wp-json\/wp\/v2\/categories?post=39978"},{"taxonomy":"post_tag","embeddable":true,"href":"https:\/\/blogopara.com.br\/index.php\/wp-json\/wp\/v2\/tags?post=39978"}],"curies":[{"name":"wp","href":"https:\/\/api.w.org\/{rel}","templated":true}]}}