{"id":400,"date":"2019-12-16T15:34:09","date_gmt":"2019-12-16T18:34:09","guid":{"rendered":"http:\/\/blogopara.com.br\/?p=400"},"modified":"2019-12-16T15:39:42","modified_gmt":"2019-12-16T18:39:42","slug":"juazeiro-um-corpo-do-sexo-masculino-e-encontrado-dentro-canal","status":"publish","type":"post","link":"https:\/\/blogopara.com.br\/index.php\/2019\/12\/16\/juazeiro-um-corpo-do-sexo-masculino-e-encontrado-dentro-canal","title":{"rendered":"JUAZEIRO: UM CORPO DO SEXO MASCULINO \u00c9 ENCONTRADO DENTRO CANAL"},"content":{"rendered":"<p style=\"text-align: justify;\">No in\u00edcio da tarde desta segunda-feira (16) populares encontraram um corpo dentro do canal, no bairro Jardim S\u00e3o Paulo.<\/p>\n<p style=\"text-align: justify;\">A pol\u00edcia e o IML j\u00e1 se encontram no local, e n\u00e3o se sabe as causas e nem a identifica\u00e7\u00e3o da vitima.<\/p>\n<p style=\"text-align: justify;\">Aguardamos mais informa\u00e7\u00f5es.<\/p>\n","protected":false},"excerpt":{"rendered":"<p>No in\u00edcio da tarde desta segunda-feira (16) populares encontraram um corpo dentro do canal, no bairro Jardim S\u00e3o Paulo. A pol\u00edcia e o IML j\u00e1 se encontram no local, e n\u00e3o se sabe as causas e nem a identifica\u00e7\u00e3o da vitima. Aguardamos mais informa\u00e7\u00f5es.<\/p>\n","protected":false},"author":1,"featured_media":5666,"comment_status":"open","ping_status":"open","sticky":false,"template":"","format":"standard","meta":{"_uag_custom_page_level_css":"","_monsterinsights_skip_tracking":false,"_monsterinsights_sitenote_active":false,"_monsterinsights_sitenote_note":"","_monsterinsights_sitenote_category":0,"jetpack_post_was_ever_published":false,"_jetpack_newsletter_access":"","_jetpack_dont_email_post_to_subs":false,"_jetpack_newsletter_tier_id":0,"_jetpack_memberships_contains_paywalled_content":false,"_jetpack_memberships_contains_paid_content":false,"footnotes":"","jetpack_publicize_message":"","jetpack_publicize_feature_enabled":true,"jetpack_social_post_already_shared":true,"jetpack_social_options":{"image_generator_settings":{"template":"highway","default_image_id":0,"font":"","enabled":false},"version":2}},"categories":[203],"tags":[43,143,74],"class_list":["post-400","post","type-post","status-publish","format-standard","has-post-thumbnail","hentry","category-juazeiro","tag-cotidiano","tag-juazeiro-da-bahia","tag-violencia"],"jetpack_publicize_connections":[],"jetpack_featured_media_url":"https:\/\/blogopara.com.br\/wp-content\/uploads\/2019\/12\/dd-e1576521546707.jpg","uagb_featured_image_src":{"full":["https:\/\/blogopara.com.br\/wp-content\/uploads\/2019\/12\/dd-e1576521546707.jpg",450,800,false],"thumbnail":["https:\/\/blogopara.com.br\/wp-content\/uploads\/2019\/12\/dd-150x150.jpg",150,150,true],"medium":["https:\/\/blogopara.com.br\/wp-content\/uploads\/2019\/12\/dd-169x300.jpg",169,300,true],"medium_large":["https:\/\/blogopara.com.br\/wp-content\/uploads\/2019\/12\/dd-e1576521546707.jpg",450,800,false],"large":["https:\/\/blogopara.com.br\/wp-content\/uploads\/2019\/12\/dd-576x1024.jpg",576,1024,true],"1536x1536":["https:\/\/blogopara.com.br\/wp-content\/uploads\/2019\/12\/dd-e1576521546707.jpg",450,800,false],"2048x2048":["https:\/\/blogopara.com.br\/wp-content\/uploads\/2019\/12\/dd-e1576521546707.jpg",450,800,false],"mantranews-slider-large":["https:\/\/blogopara.com.br\/wp-content\/uploads\/2019\/12\/dd-e1576521546707.jpg",417,741,false],"mantranews-featured-medium":["https:\/\/blogopara.com.br\/wp-content\/uploads\/2019\/12\/dd-e1576521546707.jpg",173,307,false],"mantranews-featured-long":["https:\/\/blogopara.com.br\/wp-content\/uploads\/2019\/12\/dd-e1576521546707.jpg",249,443,false],"mantranews-block-medium":["https:\/\/blogopara.com.br\/wp-content\/uploads\/2019\/12\/dd-e1576521546707.jpg",163,290,false],"mantranews-carousel-image":["https:\/\/blogopara.com.br\/wp-content\/uploads\/2019\/12\/dd-e1576521546707.jpg",281,500,false],"mantranews-block-thumb":["https:\/\/blogopara.com.br\/wp-content\/uploads\/2019\/12\/dd-e1576521546707.jpg",129,230,false],"mantranews-single-large":["https:\/\/blogopara.com.br\/wp-content\/uploads\/2019\/12\/dd-e1576521546707.jpg",361,642,false]},"uagb_author_info":{"display_name":"Reda\u00e7\u00e3o geral","author_link":"https:\/\/blogopara.com.br\/index.php\/author\/blogopara"},"uagb_comment_info":0,"uagb_excerpt":"No in\u00edcio da tarde desta segunda-feira (16) populares encontraram um corpo dentro do canal, no bairro Jardim S\u00e3o Paulo. A pol\u00edcia e o IML j\u00e1 se encontram no local, e n\u00e3o se sabe as causas e nem a identifica\u00e7\u00e3o da vitima. Aguardamos mais informa\u00e7\u00f5es.","jetpack_sharing_enabled":true,"jetpack_likes_enabled":true,"_links":{"self":[{"href":"https:\/\/blogopara.com.br\/index.php\/wp-json\/wp\/v2\/posts\/400","targetHints":{"allow":["GET"]}}],"collection":[{"href":"https:\/\/blogopara.com.br\/index.php\/wp-json\/wp\/v2\/posts"}],"about":[{"href":"https:\/\/blogopara.com.br\/index.php\/wp-json\/wp\/v2\/types\/post"}],"author":[{"embeddable":true,"href":"https:\/\/blogopara.com.br\/index.php\/wp-json\/wp\/v2\/users\/1"}],"replies":[{"embeddable":true,"href":"https:\/\/blogopara.com.br\/index.php\/wp-json\/wp\/v2\/comments?post=400"}],"version-history":[{"count":2,"href":"https:\/\/blogopara.com.br\/index.php\/wp-json\/wp\/v2\/posts\/400\/revisions"}],"predecessor-version":[{"id":5667,"href":"https:\/\/blogopara.com.br\/index.php\/wp-json\/wp\/v2\/posts\/400\/revisions\/5667"}],"wp:featuredmedia":[{"embeddable":true,"href":"https:\/\/blogopara.com.br\/index.php\/wp-json\/wp\/v2\/media\/5666"}],"wp:attachment":[{"href":"https:\/\/blogopara.com.br\/index.php\/wp-json\/wp\/v2\/media?parent=400"}],"wp:term":[{"taxonomy":"category","embeddable":true,"href":"https:\/\/blogopara.com.br\/index.php\/wp-json\/wp\/v2\/categories?post=400"},{"taxonomy":"post_tag","embeddable":true,"href":"https:\/\/blogopara.com.br\/index.php\/wp-json\/wp\/v2\/tags?post=400"}],"curies":[{"name":"wp","href":"https:\/\/api.w.org\/{rel}","templated":true}]}}