{"id":40001,"date":"2022-07-23T07:45:00","date_gmt":"2022-07-23T10:45:00","guid":{"rendered":"https:\/\/blogopara.com.br\/?p=40001"},"modified":"2022-07-22T19:58:36","modified_gmt":"2022-07-22T22:58:36","slug":"tse-cria-grupo-de-trabalho-para-combater-violencia-politica","status":"publish","type":"post","link":"https:\/\/blogopara.com.br\/index.php\/2022\/07\/23\/tse-cria-grupo-de-trabalho-para-combater-violencia-politica","title":{"rendered":"TSE cria grupo de trabalho para combater viol\u00eancia pol\u00edtica"},"content":{"rendered":"<p style=\"text-align: justify;\">O Tribunal Superior Eleitoral (TSE) instituiu um grupo de funcion\u00e1rios da Justi\u00e7a Eleitoral para enfrentar a viol\u00eancia pol\u00edtica nestas elei\u00e7\u00f5es. Na portaria que institui o grupo, assinada pelo presidente da corte, Edson Fachin, o TSE justifica que tomou a medida ap\u00f3s verificar relatos de agress\u00e3o a cidad\u00e3os por motiva\u00e7\u00e3o pol\u00edtica e atentados contra a liberdade de imprensa. Fachin afirma que a decis\u00e3o foi tomada ap\u00f3s \u201crelatos de viol\u00eancia pol\u00edtica e atentados \u00e0 liberdade de imprensa com suposto vi\u00e9s pol\u00edtico\u201d.<\/p>\n<p style=\"text-align: justify;\">Entre os casos mais recentes est\u00e1 o assassinato do tesoureiro do PT em Foz do Igua\u00e7u, Marcelo Arruda, ap\u00f3s uma discuss\u00e3o com o agente penal bolsonarista Jorge Jos\u00e9 da Rocha Guaranho em uma festa de anivers\u00e1rio com a tem\u00e1tica do PT.<\/p>\n<p style=\"text-align: justify;\">O objetivo, segundo o texto, \u00e9 apresentar estudos e sugerir diretrizes para disciplinar as a\u00e7\u00f5es da Justi\u00e7a Eleitoral. O coordenador ser\u00e1 o ministro Mauro Luiz Campbell Marques, que \u00e9 o corregedor-geral da Justi\u00e7a Eleitoral, e o grupo ainda ter\u00e1 outras 14 pessoas.<\/p>\n<p style=\"text-align: justify;\">De acordo com a portaria, o grupo dever\u00e1 apresentar os resultados dos estudos em 45 dias, a contar desta sexta-feira, 22. Os integrantes tamb\u00e9m devem organizar debates e di\u00e1logo, com ampla participa\u00e7\u00e3o dos partidos pol\u00edticos, Conselho Federal da Ordem dos Advogados do Brasil (OAB), Minist\u00e9rio P\u00fablico Eleitoral e entidades da sociedade civil vinculadas ao tema.<\/p>\n\n\n<p>A Tarde<\/p>\n","protected":false},"excerpt":{"rendered":"<p>O Tribunal Superior Eleitoral (TSE) instituiu um grupo de funcion\u00e1rios da Justi\u00e7a Eleitoral para enfrentar a viol\u00eancia pol\u00edtica nestas elei\u00e7\u00f5es. Na portaria que institui o grupo, assinada pelo presidente da corte, Edson Fachin, o TSE justifica que tomou a medida ap\u00f3s verificar relatos de agress\u00e3o a cidad\u00e3os por motiva\u00e7\u00e3o pol\u00edtica e atentados contra a liberdade [&hellip;]<\/p>\n","protected":false},"author":1,"featured_media":14310,"comment_status":"closed","ping_status":"open","sticky":false,"template":"","format":"standard","meta":{"_uag_custom_page_level_css":"","_monsterinsights_skip_tracking":false,"_monsterinsights_sitenote_active":false,"_monsterinsights_sitenote_note":"","_monsterinsights_sitenote_category":0,"jetpack_post_was_ever_published":false,"_jetpack_newsletter_access":"","_jetpack_dont_email_post_to_subs":false,"_jetpack_newsletter_tier_id":0,"_jetpack_memberships_contains_paywalled_content":false,"_jetpack_memberships_contains_paid_content":false,"footnotes":"","jetpack_publicize_message":"","jetpack_publicize_feature_enabled":true,"jetpack_social_post_already_shared":true,"jetpack_social_options":{"image_generator_settings":{"template":"highway","default_image_id":0,"font":"","enabled":false},"version":2}},"categories":[200,10075],"tags":[1327,4425],"class_list":["post-40001","post","type-post","status-publish","format-standard","has-post-thumbnail","hentry","category-brasil","category-eleicoes","tag-eleicoes-2022","tag-tse"],"jetpack_publicize_connections":[],"jetpack_featured_media_url":"https:\/\/blogopara.com.br\/wp-content\/uploads\/2020\/09\/20200915095346836130u.jpg","uagb_featured_image_src":{"full":["https:\/\/blogopara.com.br\/wp-content\/uploads\/2020\/09\/20200915095346836130u.jpg",500,321,false],"thumbnail":["https:\/\/blogopara.com.br\/wp-content\/uploads\/2020\/09\/20200915095346836130u-150x150.jpg",150,150,true],"medium":["https:\/\/blogopara.com.br\/wp-content\/uploads\/2020\/09\/20200915095346836130u-300x193.jpg",300,193,true],"medium_large":["https:\/\/blogopara.com.br\/wp-content\/uploads\/2020\/09\/20200915095346836130u.jpg",500,321,false],"large":["https:\/\/blogopara.com.br\/wp-content\/uploads\/2020\/09\/20200915095346836130u.jpg",500,321,false],"1536x1536":["https:\/\/blogopara.com.br\/wp-content\/uploads\/2020\/09\/20200915095346836130u.jpg",500,321,false],"2048x2048":["https:\/\/blogopara.com.br\/wp-content\/uploads\/2020\/09\/20200915095346836130u.jpg",500,321,false],"mantranews-slider-large":["https:\/\/blogopara.com.br\/wp-content\/uploads\/2020\/09\/20200915095346836130u.jpg",500,321,false],"mantranews-featured-medium":["https:\/\/blogopara.com.br\/wp-content\/uploads\/2020\/09\/20200915095346836130u-420x307.jpg",420,307,true],"mantranews-featured-long":["https:\/\/blogopara.com.br\/wp-content\/uploads\/2020\/09\/20200915095346836130u-300x321.jpg",300,321,true],"mantranews-block-medium":["https:\/\/blogopara.com.br\/wp-content\/uploads\/2020\/09\/20200915095346836130u-464x290.jpg",464,290,true],"mantranews-carousel-image":["https:\/\/blogopara.com.br\/wp-content\/uploads\/2020\/09\/20200915095346836130u.jpg",500,321,false],"mantranews-block-thumb":["https:\/\/blogopara.com.br\/wp-content\/uploads\/2020\/09\/20200915095346836130u-322x230.jpg",322,230,true],"mantranews-single-large":["https:\/\/blogopara.com.br\/wp-content\/uploads\/2020\/09\/20200915095346836130u.jpg",500,321,false]},"uagb_author_info":{"display_name":"Reda\u00e7\u00e3o geral","author_link":"https:\/\/blogopara.com.br\/index.php\/author\/blogopara"},"uagb_comment_info":0,"uagb_excerpt":"O Tribunal Superior Eleitoral (TSE) instituiu um grupo de funcion\u00e1rios da Justi\u00e7a Eleitoral para enfrentar a viol\u00eancia pol\u00edtica nestas elei\u00e7\u00f5es. Na portaria que institui o grupo, assinada pelo presidente da corte, Edson Fachin, o TSE justifica que tomou a medida ap\u00f3s verificar relatos de agress\u00e3o a cidad\u00e3os por motiva\u00e7\u00e3o pol\u00edtica e atentados contra a liberdade&hellip;","jetpack_sharing_enabled":true,"jetpack_likes_enabled":true,"_links":{"self":[{"href":"https:\/\/blogopara.com.br\/index.php\/wp-json\/wp\/v2\/posts\/40001","targetHints":{"allow":["GET"]}}],"collection":[{"href":"https:\/\/blogopara.com.br\/index.php\/wp-json\/wp\/v2\/posts"}],"about":[{"href":"https:\/\/blogopara.com.br\/index.php\/wp-json\/wp\/v2\/types\/post"}],"author":[{"embeddable":true,"href":"https:\/\/blogopara.com.br\/index.php\/wp-json\/wp\/v2\/users\/1"}],"replies":[{"embeddable":true,"href":"https:\/\/blogopara.com.br\/index.php\/wp-json\/wp\/v2\/comments?post=40001"}],"version-history":[{"count":2,"href":"https:\/\/blogopara.com.br\/index.php\/wp-json\/wp\/v2\/posts\/40001\/revisions"}],"predecessor-version":[{"id":40003,"href":"https:\/\/blogopara.com.br\/index.php\/wp-json\/wp\/v2\/posts\/40001\/revisions\/40003"}],"wp:featuredmedia":[{"embeddable":true,"href":"https:\/\/blogopara.com.br\/index.php\/wp-json\/wp\/v2\/media\/14310"}],"wp:attachment":[{"href":"https:\/\/blogopara.com.br\/index.php\/wp-json\/wp\/v2\/media?parent=40001"}],"wp:term":[{"taxonomy":"category","embeddable":true,"href":"https:\/\/blogopara.com.br\/index.php\/wp-json\/wp\/v2\/categories?post=40001"},{"taxonomy":"post_tag","embeddable":true,"href":"https:\/\/blogopara.com.br\/index.php\/wp-json\/wp\/v2\/tags?post=40001"}],"curies":[{"name":"wp","href":"https:\/\/api.w.org\/{rel}","templated":true}]}}